{"id":46741,"date":"2024-10-04T21:05:37","date_gmt":"2024-10-05T00:05:37","guid":{"rendered":"https:\/\/radiorevelacionfm.cl\/?p=46741"},"modified":"2024-10-04T21:05:37","modified_gmt":"2024-10-05T00:05:37","slug":"lideres-de-diversas-localidades-participaron-en-seminario-regional-de-gobernanza-turistica-en-areas-silvestres-protegidas","status":"publish","type":"post","link":"https:\/\/radiorevelacionfm.cl\/?p=46741","title":{"rendered":"L\u00edderes de diversas localidades participaron en seminario regional de gobernanza tur\u00edstica en \u00c1reas Silvestres Protegidas"},"content":{"rendered":"<div class=\"flex_column av_one_full  flex_column_div av-zero-column-padding first  avia-builder-el-0  el_before_av_one_full  avia-builder-el-first  \" style='border-radius:0px; '><div  class='avia-image-container  av-styling-    avia-builder-el-1  avia-builder-el-no-sibling  avia-align-center '  itemprop=\"image\" itemscope=\"itemscope\" itemtype=\"https:\/\/schema.org\/ImageObject\"  ><div class='avia-image-container-inner'><div class='avia-image-overlay-wrap'><img decoding=\"async\" class='wp-image-46742 avia-img-lazy-loading-not-46742 avia_image' src=\"https:\/\/radiorevelacionfm.cl\/wp-content\/uploads\/2024\/10\/seminario-regional-turismo1-2.jpeg\" alt='' title='seminario regional turismo1-2' height=\"600\" width=\"1084\"  itemprop=\"thumbnailUrl\" srcset=\"https:\/\/radiorevelacionfm.cl\/wp-content\/uploads\/2024\/10\/seminario-regional-turismo1-2.jpeg 1084w, https:\/\/radiorevelacionfm.cl\/wp-content\/uploads\/2024\/10\/seminario-regional-turismo1-2-300x166.jpeg 300w, https:\/\/radiorevelacionfm.cl\/wp-content\/uploads\/2024\/10\/seminario-regional-turismo1-2-1030x570.jpeg 1030w, https:\/\/radiorevelacionfm.cl\/wp-content\/uploads\/2024\/10\/seminario-regional-turismo1-2-768x425.jpeg 768w, https:\/\/radiorevelacionfm.cl\/wp-content\/uploads\/2024\/10\/seminario-regional-turismo1-2-705x390.jpeg 705w, https:\/\/radiorevelacionfm.cl\/wp-content\/uploads\/2024\/10\/seminario-regional-turismo1-2-450x249.jpeg 450w, https:\/\/radiorevelacionfm.cl\/wp-content\/uploads\/2024\/10\/seminario-regional-turismo1-2-600x332.jpeg 600w\" sizes=\"(max-width: 1084px) 100vw, 1084px\" \/><\/div><\/div><\/div><\/div><div class=\"flex_column av_one_full  flex_column_div av-zero-column-padding first  avia-builder-el-2  el_after_av_one_full  el_before_av_one_full  column-top-margin\" style='border-radius:0px; '><section class=\"av_textblock_section \"  itemscope=\"itemscope\" itemtype=\"https:\/\/schema.org\/BlogPosting\" itemprop=\"blogPost\" ><div class='avia_textblock  '   itemprop=\"text\" ><p style=\"text-align: center;\"><strong><span style=\"font-size: 18pt;\">L\u00edderes de diversas localidades participaron en seminario regional de gobernanza tur\u00edstica en \u00c1reas Silvestres Protegidas<\/span><\/strong><\/p>\n<div id=\"gtx-trans\" style=\"position: absolute; left: -50px; top: 4.31534px;\">\n<div class=\"gtx-trans-icon\"><\/div>\n<\/div>\n<\/div><\/section><\/div><div class=\"flex_column av_one_full  flex_column_div av-zero-column-padding first  avia-builder-el-4  el_after_av_one_full  el_before_av_hr  column-top-margin\" style='border-radius:0px; '><section class=\"av_textblock_section \"  itemscope=\"itemscope\" itemtype=\"https:\/\/schema.org\/BlogPosting\" itemprop=\"blogPost\" ><div class='avia_textblock  '   itemprop=\"text\" ><p style=\"text-align: justify;\"><em>Con la participaci\u00f3n de representantes de distintas organizaciones locales y servicios p\u00fablicos de toda la regi\u00f3n de Ays\u00e9n, se realiz\u00f3 el seminario \u201cParticipaci\u00f3n de las Comunidades Locales y Gobernanza Tur\u00edstica en Destinos con \u00c1reas Silvestres Protegidas\u201d, organizado por la Universidad Austral de Chile, a trav\u00e9s del Campus Patagonia y el Instituto de Turismo de la casa de estudios.<\/em><\/p>\n<p style=\"text-align: justify;\">La actividad, desarrollada en la Casa de la Cultura de la ciudad de Puerto Ays\u00e9n, tuvo como objetivo dialogar desde diversas perspectivas sobre la participaci\u00f3n de las comunidades locales en gesti\u00f3n, planificaci\u00f3n tur\u00edstica y pol\u00edticas p\u00fablicas, adem\u00e1s de \u00a0procesos de gobernanza en destinos con \u00e1reas protegidas y su influencia en la toma de decisiones.<\/p>\n<p style=\"text-align: justify;\">Durante el desarrollo del seminario, diversos l\u00edderes locales de las comunas de Ays\u00e9n y Coyhaique, participaron en el curso \u201cCooperaci\u00f3n y participaci\u00f3n en destinos tur\u00edsticos con \u00e1reas protegidas\u00bb para incorporar mayores herramientas de \u00a0gesti\u00f3n de las gobernanzas locales y el turismo sustentable desde la participaci\u00f3n de las comunidades, de esta forma, lograron fortalecer sus conocimientos para liderar sus propios procesos de desarrollo en sus territorios. Los actores de estas iniciativas se encuentran formando redes locales, pero tambi\u00e9n generando una red regional de gobernanzas que integre experiencias de diversas comunas.<\/p>\n<p style=\"text-align: justify;\">En la jornada del seminario, se presentaron los resultados tempranos y proyecciones del Laboratorio de Innovaci\u00f3n Tur\u00edstica de la Patagonia que est\u00e1 impulsando la Universidad Austral de Chile. La exposici\u00f3n estuvo a cargo \u00a0del director del laboratorio,\u00a0 Dr. Guillermo Pacheco Habert, quien present\u00f3 las gobernanzas locales asociadas a \u00e1reas protegidas que se est\u00e1n impulsando en las comunas de Ays\u00e9n, Coyhaique y R\u00edo Ib\u00e1\u00f1ez. Adem\u00e1s de dar a conocer el proceso de codise\u00f1o de experiencias tur\u00edsticas innovadoras, tales como el Circuito Las Ardillas, el Parque Cultural y Arqueol\u00f3gico Pared\u00f3n de las Manos, turismo de base comunitaria mapuche en Coyhaique, y el Circuito Caracoles\u00a0 &#8211; Villa Los Torreones en Ays\u00e9n. Toda la informaci\u00f3n presentada est\u00e1 disponible en el sitio web \u00a0<a href=\"https:\/\/laboratorioinnovacionturisticauach.cl\/\">https:\/\/laboratorioinnovacionturisticauach.cl<\/a><\/p>\n<p style=\"text-align: justify;\">El Dr. Pacheco destac\u00f3 el logro de los principales objetivos del seminario y el di\u00e1logo generado entre los participantes, \u201cesta jornada permite dialogar sobre el tema de las gobernanzas locales asociadas a \u00e1reas protegidas, aquellas que est\u00e1n en las escalas comunitarias en zonas aleda\u00f1as de conservaci\u00f3n. Ya no solo se requieren de estrategias y visiones a macroescalas comunales o regionales, sino tambi\u00e9n es necesario poner los pies en el barro y codise\u00f1ar con las personas que viven en estos lugares y que pueden beneficiarse sustentablemente de estas \u00e1reas, ya sea a trav\u00e9s del turismo, como tambi\u00e9n de otras pr\u00e1cticas, que incluso pueden ser culturales y hasta espirituales en el caso de los pueblos originarios\u00bb.<\/p>\n<p style=\"text-align: justify;\">En la jornada, tambi\u00e9n particip\u00f3 el Director del Sistema de Inteligencia Territorial ejecutado por la Universidad Austral de Chile con cofinanciamiento de la ANID, Dr. Pablo Szmulewicz, qui\u00e9n expuso los resultados de este sistema, que integra indicadores de impacto del turismo sustentable en \u00e1reas protegidas en zonas aleda\u00f1as, as\u00ed como tambi\u00e9n genera an\u00e1lisis para apoyar en la toma de decisiones en las gobernanzas tur\u00edsticas de los destinos. Se presentaron los resultados de los pilotos realizados en destinos con \u00e1reas protegidas, entre estos el Parque Nacional Cerro Castillo para el caso de la regi\u00f3n de Ays\u00e9n, como tambi\u00e9n del Parque Nacional Torres del Paine en la regi\u00f3n de Magallanes.<\/p>\n<p style=\"text-align: justify;\">Con el objetivo de intercambiar experiencias regionales y locales sobre gobernanzas aplicadas al turismo y vinculadas a las \u00e1reas protegidas, se realiz\u00f3 una presentaci\u00f3n sobre el caso de la Asociaci\u00f3n de Turismo de Villa Cerro Castillo que integra a 14 agrupaciones locales, adem\u00e1s del municipio, quienes han realizado un trabajo colaborativo en los \u00faltimos a\u00f1os, destacando su actual labor como permisionario del uso p\u00fablico del Parque Nacional Cerro Castillo. En esta instancia, Ignacio Carrasco, estuvo a cargo de presentar a nombre de la Corporaci\u00f3n.<\/p>\n<p style=\"text-align: justify;\">As\u00ed tambi\u00e9n, se cont\u00f3 con la participaci\u00f3n de la Corporaci\u00f3n ZOIT Chelenko, a trav\u00e9s de su presidenta Jasmia Y\u00e1\u00f1ez, quien dio a conocer el desarrollo de la Corporaci\u00f3n al alero de la planificaci\u00f3n ZOIT, siendo el resultado de un proceso de gobernanza intercomunal, destacando los objetivos de colaboraci\u00f3n, a partir de un desarrollo colectivo compartido entre los actores, que va m\u00e1s all\u00e1 de una mirada economicista del desarrollo, integrando aspectos de bienestar colectivo y subjetivos, que se han logrado plasmar en una propuesta de visi\u00f3n del turismo sustentable arraigada en la identidad de sus comunidades locales.<\/p>\n<p style=\"text-align: justify;\">Finalmente, la encargada de turismo de la Municipalidad de Ays\u00e9n, Loreta Co\u00f1ecar, expuso acerca de la planificaci\u00f3n tur\u00edstica comunal de los \u00faltimos a\u00f1os, dando cuenta de la necesidad de enfrentar nuevos desaf\u00edos en cuanto al turismo. Como por ejemplo, contar pronto con un Plan de Desarrollo Tur\u00edstico para la comuna, como tambi\u00e9n la oportunidad de aumentar la incorporar de la tem\u00e1tica del turismo sustentable en la Reserva Nacional R\u00edo Simpson y Zona Aleda\u00f1a, siendo posible en el corto plazo, conformar un comit\u00e9 de trabajo entre el municipio, CONAF, las organizaciones locales y la Universidad Austral de Chile, para que se inicie un proceso de gobernanza local asociada a la reserva y a sus zonas aleda\u00f1as, tales como Villa Los Torreones y circuito Caracoles.<\/p>\n<p style=\"text-align: justify;\">Los asistentes participaron activamente en el seminario a trav\u00e9s de consultas y en el espacio de di\u00e1logo, destacando la relevancia de estos temas, y la oportunidad de fortalecer los procesos de gobernanzas a trav\u00e9s de mecanismos formales de asociatividad y cooperaci\u00f3n. Destacando estas experiencias para aprender de ellas, en el proceso de instalaci\u00f3n de gobernanzas locales en otros territorios de la regi\u00f3n de Ays\u00e9n.<\/p>\n<p style=\"text-align: justify;\">Estas actividades est\u00e1n organizadas en el marco del proyecto FIC \u00abLaboratorio de Innovaci\u00f3n Tur\u00edstica: Experiencias rurales en \u00e1reas protegidas\u00bb, ejecutado por el Campus Patagonia y el Instituto de Turismo de la UACh, con cofinanciamiento del Gobierno Regional de Ays\u00e9n.<\/p>\n<\/div><\/section><\/div><div  style='height:50px' class='hr hr-invisible   avia-builder-el-6  el_after_av_one_full  el_before_av_social_share '><span class='hr-inner ' ><span class='hr-inner-style'><\/span><\/span><\/div><\/p>\n<div  class='av-social-sharing-box  avia-builder-el-7  el_after_av_hr  el_before_av_hr  '><div class='av-share-box'><h5 class='av-share-link-description av-no-toc '>Compartir esta noticia<\/h5><ul class='av-share-box-list noLightbox'><li class='av-share-link av-social-link-facebook' ><a target=\"_blank\" aria-label=\"Compartir en Facebook\" href='https:\/\/www.facebook.com\/sharer.php?u=https:\/\/radiorevelacionfm.cl\/?p=46741&#038;t=L%C3%ADderes%20de%20diversas%20localidades%20participaron%20en%20seminario%20regional%20de%20gobernanza%20tur%C3%ADstica%20en%20%C3%81reas%20Silvestres%20Protegidas' aria-hidden='false' data-av_icon='\ue8f3' data-av_iconfont='entypo-fontello' title='' data-avia-related-tooltip='Compartir en Facebook' rel=\"noopener\"><span class='avia_hidden_link_text'>Compartir en Facebook<\/span><\/a><\/li><li class='av-share-link av-social-link-twitter' ><a target=\"_blank\" aria-label=\"Compartir en Twitter\" href='https:\/\/twitter.com\/share?text=L%C3%ADderes%20de%20diversas%20localidades%20participaron%20en%20seminario%20regional%20de%20gobernanza%20tur%C3%ADstica%20en%20%C3%81reas%20Silvestres%20Protegidas&#038;url=https:\/\/radiorevelacionfm.cl\/?p=46741' aria-hidden='false' data-av_icon='\ue8f1' data-av_iconfont='entypo-fontello' title='' data-avia-related-tooltip='Compartir en Twitter' rel=\"noopener\"><span class='avia_hidden_link_text'>Compartir en Twitter<\/span><\/a><\/li><li class='av-share-link av-social-link-whatsapp' ><a target=\"_blank\" aria-label=\"Compartir en Whatsapp\" href='https:\/\/api.whatsapp.com\/send?text=https:\/\/radiorevelacionfm.cl\/?p=46741' aria-hidden='false' data-av_icon='\uf232' data-av_iconfont='entypo-fontello' title='' data-avia-related-tooltip='Compartir en Whatsapp' rel=\"noopener\"><span class='avia_hidden_link_text'>Compartir en Whatsapp<\/span><\/a><\/li><li class='av-share-link av-social-link-linkedin' ><a target=\"_blank\" aria-label=\"Compartir en LinkedIn\" href='https:\/\/linkedin.com\/shareArticle?mini=true&#038;title=L%C3%ADderes%20de%20diversas%20localidades%20participaron%20en%20seminario%20regional%20de%20gobernanza%20tur%C3%ADstica%20en%20%C3%81reas%20Silvestres%20Protegidas&#038;url=https:\/\/radiorevelacionfm.cl\/?p=46741' aria-hidden='false' data-av_icon='\ue8fc' data-av_iconfont='entypo-fontello' title='' data-avia-related-tooltip='Compartir en LinkedIn' rel=\"noopener\"><span class='avia_hidden_link_text'>Compartir en LinkedIn<\/span><\/a><\/li><li class='av-share-link av-social-link-mail' ><a  aria-label=\"Compartir por correo\" href='mailto:?subject=L%C3%ADderes%20de%20diversas%20localidades%20participaron%20en%20seminario%20regional%20de%20gobernanza%20tur%C3%ADstica%20en%20%C3%81reas%20Silvestres%20Protegidas&#038;body=https:\/\/radiorevelacionfm.cl\/?p=46741' aria-hidden='false' data-av_icon='\ue805' data-av_iconfont='entypo-fontello' title='' data-avia-related-tooltip='Compartir por correo'><span class='avia_hidden_link_text'>Compartir por correo<\/span><\/a><\/li><\/ul><\/div><\/div>\n<div  style='height:50px' class='hr hr-invisible   avia-builder-el-8  el_after_av_social_share  el_before_av_comments_list '><span class='hr-inner ' ><span class='hr-inner-style'><\/span><\/span><\/div>\n<div  class='av-buildercomment  av-blog-meta-html-info-disabled av-blog-meta-tag-disabled  '><\/div>\n","protected":false},"excerpt":{"rendered":"","protected":false},"author":1,"featured_media":46742,"comment_status":"open","ping_status":"open","sticky":false,"template":"","format":"standard","meta":{"footnotes":""},"categories":[38],"tags":[],"class_list":["post-46741","post","type-post","status-publish","format-standard","has-post-thumbnail","hentry","category-regional"],"jetpack_featured_media_url":"https:\/\/radiorevelacionfm.cl\/wp-content\/uploads\/2024\/10\/seminario-regional-turismo1-2.jpeg","_links":{"self":[{"href":"https:\/\/radiorevelacionfm.cl\/index.php?rest_route=\/wp\/v2\/posts\/46741","targetHints":{"allow":["GET"]}}],"collection":[{"href":"https:\/\/radiorevelacionfm.cl\/index.php?rest_route=\/wp\/v2\/posts"}],"about":[{"href":"https:\/\/radiorevelacionfm.cl\/index.php?rest_route=\/wp\/v2\/types\/post"}],"author":[{"embeddable":true,"href":"https:\/\/radiorevelacionfm.cl\/index.php?rest_route=\/wp\/v2\/users\/1"}],"replies":[{"embeddable":true,"href":"https:\/\/radiorevelacionfm.cl\/index.php?rest_route=%2Fwp%2Fv2%2Fcomments&post=46741"}],"version-history":[{"count":1,"href":"https:\/\/radiorevelacionfm.cl\/index.php?rest_route=\/wp\/v2\/posts\/46741\/revisions"}],"predecessor-version":[{"id":46743,"href":"https:\/\/radiorevelacionfm.cl\/index.php?rest_route=\/wp\/v2\/posts\/46741\/revisions\/46743"}],"wp:featuredmedia":[{"embeddable":true,"href":"https:\/\/radiorevelacionfm.cl\/index.php?rest_route=\/wp\/v2\/media\/46742"}],"wp:attachment":[{"href":"https:\/\/radiorevelacionfm.cl\/index.php?rest_route=%2Fwp%2Fv2%2Fmedia&parent=46741"}],"wp:term":[{"taxonomy":"category","embeddable":true,"href":"https:\/\/radiorevelacionfm.cl\/index.php?rest_route=%2Fwp%2Fv2%2Fcategories&post=46741"},{"taxonomy":"post_tag","embeddable":true,"href":"https:\/\/radiorevelacionfm.cl\/index.php?rest_route=%2Fwp%2Fv2%2Ftags&post=46741"}],"curies":[{"name":"wp","href":"https:\/\/api.w.org\/{rel}","templated":true}]}}