{"id":46738,"date":"2024-10-04T20:38:21","date_gmt":"2024-10-04T23:38:21","guid":{"rendered":"https:\/\/radiorevelacionfm.cl\/?p=46738"},"modified":"2024-10-04T20:38:21","modified_gmt":"2024-10-04T23:38:21","slug":"rapida-respuesta-de-carabineros-evito-femicidio-en-coyhaique","status":"publish","type":"post","link":"https:\/\/radiorevelacionfm.cl\/?p=46738","title":{"rendered":"R\u00e1pida respuesta de Carabineros evit\u00f3 femicidio en Coyhaique"},"content":{"rendered":"<div class=\"flex_column av_one_full  flex_column_div av-zero-column-padding first  avia-builder-el-0  el_before_av_one_full  avia-builder-el-first  \" style='border-radius:0px; '><div  class='avia-image-container  av-styling-    avia-builder-el-1  avia-builder-el-no-sibling  avia-align-center '  itemprop=\"image\" itemscope=\"itemscope\" itemtype=\"https:\/\/schema.org\/ImageObject\"  ><div class='avia-image-container-inner'><div class='avia-image-overlay-wrap'><img decoding=\"async\" class='wp-image-46739 avia-img-lazy-loading-not-46739 avia_image' src=\"https:\/\/radiorevelacionfm.cl\/wp-content\/uploads\/2024\/10\/6856365f-82c6-45ee-a02e-336b4dcc0b3b-2_optimized-2.jpg\" alt='' title='6856365f-82c6-45ee-a02e-336b4dcc0b3b-2_optimized-2' height=\"600\" width=\"800\"  itemprop=\"thumbnailUrl\" srcset=\"https:\/\/radiorevelacionfm.cl\/wp-content\/uploads\/2024\/10\/6856365f-82c6-45ee-a02e-336b4dcc0b3b-2_optimized-2.jpg 800w, https:\/\/radiorevelacionfm.cl\/wp-content\/uploads\/2024\/10\/6856365f-82c6-45ee-a02e-336b4dcc0b3b-2_optimized-2-300x225.jpg 300w, https:\/\/radiorevelacionfm.cl\/wp-content\/uploads\/2024\/10\/6856365f-82c6-45ee-a02e-336b4dcc0b3b-2_optimized-2-768x576.jpg 768w, https:\/\/radiorevelacionfm.cl\/wp-content\/uploads\/2024\/10\/6856365f-82c6-45ee-a02e-336b4dcc0b3b-2_optimized-2-705x529.jpg 705w, https:\/\/radiorevelacionfm.cl\/wp-content\/uploads\/2024\/10\/6856365f-82c6-45ee-a02e-336b4dcc0b3b-2_optimized-2-450x338.jpg 450w, https:\/\/radiorevelacionfm.cl\/wp-content\/uploads\/2024\/10\/6856365f-82c6-45ee-a02e-336b4dcc0b3b-2_optimized-2-600x450.jpg 600w\" sizes=\"(max-width: 800px) 100vw, 800px\" \/><\/div><\/div><\/div><\/div><div class=\"flex_column av_one_full  flex_column_div av-zero-column-padding first  avia-builder-el-2  el_after_av_one_full  el_before_av_one_full  column-top-margin\" style='border-radius:0px; '><section class=\"av_textblock_section \"  itemscope=\"itemscope\" itemtype=\"https:\/\/schema.org\/BlogPosting\" itemprop=\"blogPost\" ><div class='avia_textblock  '   itemprop=\"text\" ><p style=\"text-align: center;\"><strong><span style=\"font-size: 18pt;\">R\u00e1pida respuesta de Carabineros evit\u00f3 femicidio en Coyhaique<\/span><\/strong><\/p>\n<div id=\"gtx-trans\" style=\"position: absolute; left: -50px; top: 4.31534px;\">\n<div class=\"gtx-trans-icon\"><\/div>\n<\/div>\n<\/div><\/section><\/div><div class=\"flex_column av_one_full  flex_column_div av-zero-column-padding first  avia-builder-el-4  el_after_av_one_full  el_before_av_hr  column-top-margin\" style='border-radius:0px; '><section class=\"av_textblock_section \"  itemscope=\"itemscope\" itemtype=\"https:\/\/schema.org\/BlogPosting\" itemprop=\"blogPost\" ><div class='avia_textblock  '   itemprop=\"text\" ><p class=\"v1gmail-MsoListParagraphCxSpFirst\" style=\"text-align: justify;\"><em><span lang=\"ES-MX\">El\u00a0imputado y ex pareja de la v\u00edctima fue detenido en momentos en que se dirig\u00eda al segundo piso del domicilio, mientras empu\u00f1aba un arma blanca.<\/span><\/em><\/p>\n<p class=\"v1gmail-MsoListParagraphCxSpLast\" style=\"text-align: justify;\"><em><span lang=\"ES-MX\">La v\u00edctima quien presentaba diversas lesiones, logr\u00f3 dar aviso oportuno, siendo socorrida por Carabineros.<\/span><\/em><\/p>\n<p class=\"v1MsoNormal\" style=\"text-align: justify;\"><span lang=\"ES-MX\">La denuncia oportuna\u00a0<\/span>al nivel 133,\u00a0sumado a un r\u00e1pido actuar por parte de Carabineros de Coyhaique, permiti\u00f3 detener a un sujeto por el delito de femicidio frustrado, y con ello evitar la ocurrencia de un desenlace fatal, tras un hecho registrado en horas de la madrugada de este viernes en la capital regional.<\/p>\n<p class=\"v1MsoNormal\" style=\"text-align: justify;\"><span lang=\"ES-MX\">Seg\u00fan indic\u00f3 la Comisario de Coyhaique (S) Capit\u00e1n Vanesa Huck, la v\u00edctima indic\u00f3 al personal que el agresor portaba un arma blanca, con la cual la habr\u00eda amenazado en forma reiterada en presencia de su hija de dos a\u00f1os de edad.<\/span><\/p>\n<p class=\"v1MsoNormal\" style=\"text-align: justify;\"><span lang=\"ES-MX\">\u00abHizo el llamado y Carabineros se aproxim\u00f3 al lugar en tiempo breve y logra sorprender a este individuo mientras iba subiendo la escalera del domicilio para atacarla -porque previamente hab\u00edan sido solo amenazas- y es cuando ella alcanza a realizar esta llamada telef\u00f3nica, pero fue en ese momento en que este sujeto se dispon\u00eda a configurar un ataque hacia ella\u00bb, indic\u00f3 la Oficial de Carabineros.<\/span><\/p>\n<p class=\"v1MsoNormal\" style=\"text-align: justify;\"><span lang=\"ES-MX\">En el lugar, el personal policial constat\u00f3 que el individuo portaba un arma blanca, el cual habr\u00eda sacado desde la cocina del inmueble.<\/span><\/p>\n<p class=\"v1MsoNormal\" style=\"text-align: justify;\"><span lang=\"ES-MX\">\u00abEl sujeto se encontraba en estado de ebriedad y sobre la base de las lesiones que presentaba la v\u00edctima, se pudo constatar que hab\u00eda sido recientemente atacada por parte de este individuo\u00bb, dijo.<\/span><\/p>\n<p class=\"v1MsoNormal\" style=\"text-align: justify;\"><span lang=\"ES-MX\">\u00abElla describe que habr\u00eda sido ahorcada por parte de \u00e9l (agresor) durante un tiempo considerable y, presentaba lesiones en su cuello que eran evidentemente asociadas a este delito\u00bb, indic\u00f3 la Capit\u00e1n Huck.<\/span><\/p>\n<p class=\"v1MsoNormal\" style=\"text-align: justify;\"><span lang=\"ES-MX\">Los antecedentes del procedimiento fueron puestos en conocimiento de la Fiscal\u00eda local de esta ciudad, en tanto que el sujeto fue derivado a la audiencia de control de detenci\u00f3n por este hecho.<\/span><\/p>\n<p class=\"v1MsoNormal\" style=\"text-align: justify;\"><span lang=\"ES-MX\">Desde el mes de enero al 29 de septiembre del presente a\u00f1o, Carabineros ha detenido a 3.566 personas por diversos delitos en la regi\u00f3n de Ays\u00e9n, de los cuales 278 son por violencia intrafamiliar.<\/span><\/p>\n<p style=\"text-align: justify;\"><span lang=\"ES-MX\">Carabineros record\u00f3 a la comunidad o a quienes sean testigos de hechos de esta naturaleza a denunciar de manera oportuna al fono de emergencias 133 o bien requerir apoyo preventivo u orientaci\u00f3n a trav\u00e9s del fono familia 149.\u00a0<\/span><\/p>\n<\/div><\/section><\/div><div  style='height:50px' class='hr hr-invisible   avia-builder-el-6  el_after_av_one_full  el_before_av_social_share '><span class='hr-inner ' ><span class='hr-inner-style'><\/span><\/span><\/div><\/p>\n<div  class='av-social-sharing-box  avia-builder-el-7  el_after_av_hr  el_before_av_hr  '><div class='av-share-box'><h5 class='av-share-link-description av-no-toc '>Compartir esta noticia<\/h5><ul class='av-share-box-list noLightbox'><li class='av-share-link av-social-link-facebook' ><a target=\"_blank\" aria-label=\"Compartir en Facebook\" href='https:\/\/www.facebook.com\/sharer.php?u=https:\/\/radiorevelacionfm.cl\/?p=46738&#038;t=R%C3%A1pida%20respuesta%20de%20Carabineros%20evit%C3%B3%20femicidio%20en%20Coyhaique' aria-hidden='false' data-av_icon='\ue8f3' data-av_iconfont='entypo-fontello' title='' data-avia-related-tooltip='Compartir en Facebook' rel=\"noopener\"><span class='avia_hidden_link_text'>Compartir en Facebook<\/span><\/a><\/li><li class='av-share-link av-social-link-twitter' ><a target=\"_blank\" aria-label=\"Compartir en Twitter\" href='https:\/\/twitter.com\/share?text=R%C3%A1pida%20respuesta%20de%20Carabineros%20evit%C3%B3%20femicidio%20en%20Coyhaique&#038;url=https:\/\/radiorevelacionfm.cl\/?p=46738' aria-hidden='false' data-av_icon='\ue8f1' data-av_iconfont='entypo-fontello' title='' data-avia-related-tooltip='Compartir en Twitter' rel=\"noopener\"><span class='avia_hidden_link_text'>Compartir en Twitter<\/span><\/a><\/li><li class='av-share-link av-social-link-whatsapp' ><a target=\"_blank\" aria-label=\"Compartir en Whatsapp\" href='https:\/\/api.whatsapp.com\/send?text=https:\/\/radiorevelacionfm.cl\/?p=46738' aria-hidden='false' data-av_icon='\uf232' data-av_iconfont='entypo-fontello' title='' data-avia-related-tooltip='Compartir en Whatsapp' rel=\"noopener\"><span class='avia_hidden_link_text'>Compartir en Whatsapp<\/span><\/a><\/li><li class='av-share-link av-social-link-linkedin' ><a target=\"_blank\" aria-label=\"Compartir en LinkedIn\" href='https:\/\/linkedin.com\/shareArticle?mini=true&#038;title=R%C3%A1pida%20respuesta%20de%20Carabineros%20evit%C3%B3%20femicidio%20en%20Coyhaique&#038;url=https:\/\/radiorevelacionfm.cl\/?p=46738' aria-hidden='false' data-av_icon='\ue8fc' data-av_iconfont='entypo-fontello' title='' data-avia-related-tooltip='Compartir en LinkedIn' rel=\"noopener\"><span class='avia_hidden_link_text'>Compartir en LinkedIn<\/span><\/a><\/li><li class='av-share-link av-social-link-mail' ><a  aria-label=\"Compartir por correo\" href='mailto:?subject=R%C3%A1pida%20respuesta%20de%20Carabineros%20evit%C3%B3%20femicidio%20en%20Coyhaique&#038;body=https:\/\/radiorevelacionfm.cl\/?p=46738' aria-hidden='false' data-av_icon='\ue805' data-av_iconfont='entypo-fontello' title='' data-avia-related-tooltip='Compartir por correo'><span class='avia_hidden_link_text'>Compartir por correo<\/span><\/a><\/li><\/ul><\/div><\/div>\n<div  style='height:50px' class='hr hr-invisible   avia-builder-el-8  el_after_av_social_share  el_before_av_comments_list '><span class='hr-inner ' ><span class='hr-inner-style'><\/span><\/span><\/div>\n<div  class='av-buildercomment  av-blog-meta-html-info-disabled av-blog-meta-tag-disabled  '><\/div>\n","protected":false},"excerpt":{"rendered":"","protected":false},"author":1,"featured_media":46739,"comment_status":"open","ping_status":"open","sticky":false,"template":"","format":"standard","meta":{"footnotes":""},"categories":[36],"tags":[],"class_list":["post-46738","post","type-post","status-publish","format-standard","has-post-thumbnail","hentry","category-policial"],"jetpack_featured_media_url":"https:\/\/radiorevelacionfm.cl\/wp-content\/uploads\/2024\/10\/6856365f-82c6-45ee-a02e-336b4dcc0b3b-2_optimized-2.jpg","_links":{"self":[{"href":"https:\/\/radiorevelacionfm.cl\/index.php?rest_route=\/wp\/v2\/posts\/46738","targetHints":{"allow":["GET"]}}],"collection":[{"href":"https:\/\/radiorevelacionfm.cl\/index.php?rest_route=\/wp\/v2\/posts"}],"about":[{"href":"https:\/\/radiorevelacionfm.cl\/index.php?rest_route=\/wp\/v2\/types\/post"}],"author":[{"embeddable":true,"href":"https:\/\/radiorevelacionfm.cl\/index.php?rest_route=\/wp\/v2\/users\/1"}],"replies":[{"embeddable":true,"href":"https:\/\/radiorevelacionfm.cl\/index.php?rest_route=%2Fwp%2Fv2%2Fcomments&post=46738"}],"version-history":[{"count":1,"href":"https:\/\/radiorevelacionfm.cl\/index.php?rest_route=\/wp\/v2\/posts\/46738\/revisions"}],"predecessor-version":[{"id":46740,"href":"https:\/\/radiorevelacionfm.cl\/index.php?rest_route=\/wp\/v2\/posts\/46738\/revisions\/46740"}],"wp:featuredmedia":[{"embeddable":true,"href":"https:\/\/radiorevelacionfm.cl\/index.php?rest_route=\/wp\/v2\/media\/46739"}],"wp:attachment":[{"href":"https:\/\/radiorevelacionfm.cl\/index.php?rest_route=%2Fwp%2Fv2%2Fmedia&parent=46738"}],"wp:term":[{"taxonomy":"category","embeddable":true,"href":"https:\/\/radiorevelacionfm.cl\/index.php?rest_route=%2Fwp%2Fv2%2Fcategories&post=46738"},{"taxonomy":"post_tag","embeddable":true,"href":"https:\/\/radiorevelacionfm.cl\/index.php?rest_route=%2Fwp%2Fv2%2Ftags&post=46738"}],"curies":[{"name":"wp","href":"https:\/\/api.w.org\/{rel}","templated":true}]}}