{"id":46735,"date":"2024-10-04T20:45:48","date_gmt":"2024-10-04T23:45:48","guid":{"rendered":"https:\/\/radiorevelacionfm.cl\/?p=46735"},"modified":"2024-10-04T20:45:48","modified_gmt":"2024-10-04T23:45:48","slug":"culturas-aysen-y-red-de-artes-escenicas-cierran-el-mes-del-circo-con-funcion-para-personas-mayores","status":"publish","type":"post","link":"https:\/\/radiorevelacionfm.cl\/?p=46735","title":{"rendered":"Culturas Ays\u00e9n y Red de Artes Esc\u00e9nicas cierran el Mes del Circo con funci\u00f3n para personas mayores"},"content":{"rendered":"<div class=\"flex_column av_one_full  flex_column_div av-zero-column-padding first  avia-builder-el-0  el_before_av_one_full  avia-builder-el-first  \" style='border-radius:0px; '><div  class='avia-image-container  av-styling-    avia-builder-el-1  avia-builder-el-no-sibling  avia-align-center '  itemprop=\"image\" itemscope=\"itemscope\" itemtype=\"https:\/\/schema.org\/ImageObject\"  ><div class='avia-image-container-inner'><div class='avia-image-overlay-wrap'><img decoding=\"async\" class='wp-image-46736 avia-img-lazy-loading-not-46736 avia_image' src=\"https:\/\/radiorevelacionfm.cl\/wp-content\/uploads\/2024\/10\/circo-eleam2-2_optimized-2.jpg\" alt='' title='circo-eleam2-2_optimized-2' height=\"600\" width=\"900\"  itemprop=\"thumbnailUrl\" srcset=\"https:\/\/radiorevelacionfm.cl\/wp-content\/uploads\/2024\/10\/circo-eleam2-2_optimized-2.jpg 900w, https:\/\/radiorevelacionfm.cl\/wp-content\/uploads\/2024\/10\/circo-eleam2-2_optimized-2-300x200.jpg 300w, https:\/\/radiorevelacionfm.cl\/wp-content\/uploads\/2024\/10\/circo-eleam2-2_optimized-2-768x512.jpg 768w, https:\/\/radiorevelacionfm.cl\/wp-content\/uploads\/2024\/10\/circo-eleam2-2_optimized-2-705x470.jpg 705w, https:\/\/radiorevelacionfm.cl\/wp-content\/uploads\/2024\/10\/circo-eleam2-2_optimized-2-450x300.jpg 450w, https:\/\/radiorevelacionfm.cl\/wp-content\/uploads\/2024\/10\/circo-eleam2-2_optimized-2-600x400.jpg 600w\" sizes=\"(max-width: 900px) 100vw, 900px\" \/><\/div><\/div><\/div><\/div><div class=\"flex_column av_one_full  flex_column_div av-zero-column-padding first  avia-builder-el-2  el_after_av_one_full  el_before_av_one_full  column-top-margin\" style='border-radius:0px; '><section class=\"av_textblock_section \"  itemscope=\"itemscope\" itemtype=\"https:\/\/schema.org\/BlogPosting\" itemprop=\"blogPost\" ><div class='avia_textblock  '   itemprop=\"text\" ><p style=\"text-align: center;\"><span style=\"font-size: 18pt;\"><b>Culturas Ays\u00e9n y Red de Artes Esc\u00e9nicas cierran el Mes del Circo con funci\u00f3n para personas mayores<\/b><\/span><\/p>\n<div id=\"gtx-trans\" style=\"position: absolute; left: -50px; top: 4.31534px;\">\n<div class=\"gtx-trans-icon\"><\/div>\n<\/div>\n<\/div><\/section><\/div><div class=\"flex_column av_one_full  flex_column_div av-zero-column-padding first  avia-builder-el-4  el_after_av_one_full  el_before_av_hr  column-top-margin\" style='border-radius:0px; '><section class=\"av_textblock_section \"  itemscope=\"itemscope\" itemtype=\"https:\/\/schema.org\/BlogPosting\" itemprop=\"blogPost\" ><div class='avia_textblock  '   itemprop=\"text\" ><p style=\"text-align: justify;\">Hasta el Establecimiento de Larga Estad\u00eda para Adultos Mayores, Eleam Coyhaique, lleg\u00f3 la Compa\u00f1\u00eda Gravity Circus, para brindar una especial funci\u00f3n art\u00edstica para las y los residentes y sus familias.<\/p>\n<p style=\"text-align: justify;\">Entre globos, palomitas de ma\u00edz y algodones de az\u00facar avanz\u00f3 la tarde en que se celebr\u00f3 la \u00faltima funci\u00f3n del Mes del Circo, gracias al trabajo de la Red del Artes Esc\u00e9nicas y al financiamiento de la Secretar\u00eda Regional Ministerial de Culturas Ays\u00e9n.<\/p>\n<p style=\"text-align: justify;\">Julio Jaramillo protagoniz\u00f3 el espect\u00e1culo que incluy\u00f3 malabares, monociclo y divertidas escenas con que disfrutaron unas 70 personas.<\/p>\n<p style=\"text-align: justify;\">Julio dijo que \u201cpudimos acercar la funci\u00f3n a 70 residentes, entregando una linda experiencia, porque ellos tienen pocas posibilidades de acercarse a este tipo de obras\u201d.<\/p>\n<p style=\"text-align: justify;\">Felipe Quiroz, seremi de Culturas Ays\u00e9n, agradeci\u00f3 la recepci\u00f3n de Eleam Coyhaique y apunt\u00f3 que \u201cnuestro Gobierno trabaja por m\u00e1s democracia y m\u00e1s acceso y en esto se traducen esas gestiones p\u00fablicas, en que adultos mayores acceden a funciones de calidad en sus lugares de residencia. Cabe destacar que las nuevas instalaciones del Eleam de Coyhaique permitir\u00e1n que la cultura regrese con nuevas experiencias porque nadie debe quedar fuera de esas emocionantes y vitales vivencias\u201d.<\/p>\n<p style=\"text-align: justify;\">El Mes del Circo cerr\u00f3 en el Eleam Coyhaique, justamente en la antesala de octubre, Mes de las Personas Mayores.<\/p>\n<\/div><\/section><\/div><div  style='height:50px' class='hr hr-invisible   avia-builder-el-6  el_after_av_one_full  el_before_av_social_share '><span class='hr-inner ' ><span class='hr-inner-style'><\/span><\/span><\/div><\/p>\n<div  class='av-social-sharing-box  avia-builder-el-7  el_after_av_hr  el_before_av_hr  '><div class='av-share-box'><h5 class='av-share-link-description av-no-toc '>Compartir esta noticia<\/h5><ul class='av-share-box-list noLightbox'><li class='av-share-link av-social-link-facebook' ><a target=\"_blank\" aria-label=\"Compartir en Facebook\" href='https:\/\/www.facebook.com\/sharer.php?u=https:\/\/radiorevelacionfm.cl\/?p=46735&#038;t=Culturas%20Ays%C3%A9n%20y%20Red%20de%20Artes%20Esc%C3%A9nicas%20cierran%20el%20Mes%20del%20Circo%20con%20funci%C3%B3n%20para%20personas%20mayores' aria-hidden='false' data-av_icon='\ue8f3' data-av_iconfont='entypo-fontello' title='' data-avia-related-tooltip='Compartir en Facebook' rel=\"noopener\"><span class='avia_hidden_link_text'>Compartir en Facebook<\/span><\/a><\/li><li class='av-share-link av-social-link-twitter' ><a target=\"_blank\" aria-label=\"Compartir en Twitter\" href='https:\/\/twitter.com\/share?text=Culturas%20Ays%C3%A9n%20y%20Red%20de%20Artes%20Esc%C3%A9nicas%20cierran%20el%20Mes%20del%20Circo%20con%20funci%C3%B3n%20para%20personas%20mayores&#038;url=https:\/\/radiorevelacionfm.cl\/?p=46735' aria-hidden='false' data-av_icon='\ue8f1' data-av_iconfont='entypo-fontello' title='' data-avia-related-tooltip='Compartir en Twitter' rel=\"noopener\"><span class='avia_hidden_link_text'>Compartir en Twitter<\/span><\/a><\/li><li class='av-share-link av-social-link-whatsapp' ><a target=\"_blank\" aria-label=\"Compartir en Whatsapp\" href='https:\/\/api.whatsapp.com\/send?text=https:\/\/radiorevelacionfm.cl\/?p=46735' aria-hidden='false' data-av_icon='\uf232' data-av_iconfont='entypo-fontello' title='' data-avia-related-tooltip='Compartir en Whatsapp' rel=\"noopener\"><span class='avia_hidden_link_text'>Compartir en Whatsapp<\/span><\/a><\/li><li class='av-share-link av-social-link-linkedin' ><a target=\"_blank\" aria-label=\"Compartir en LinkedIn\" href='https:\/\/linkedin.com\/shareArticle?mini=true&#038;title=Culturas%20Ays%C3%A9n%20y%20Red%20de%20Artes%20Esc%C3%A9nicas%20cierran%20el%20Mes%20del%20Circo%20con%20funci%C3%B3n%20para%20personas%20mayores&#038;url=https:\/\/radiorevelacionfm.cl\/?p=46735' aria-hidden='false' data-av_icon='\ue8fc' data-av_iconfont='entypo-fontello' title='' data-avia-related-tooltip='Compartir en LinkedIn' rel=\"noopener\"><span class='avia_hidden_link_text'>Compartir en LinkedIn<\/span><\/a><\/li><li class='av-share-link av-social-link-mail' ><a  aria-label=\"Compartir por correo\" href='mailto:?subject=Culturas%20Ays%C3%A9n%20y%20Red%20de%20Artes%20Esc%C3%A9nicas%20cierran%20el%20Mes%20del%20Circo%20con%20funci%C3%B3n%20para%20personas%20mayores&#038;body=https:\/\/radiorevelacionfm.cl\/?p=46735' aria-hidden='false' data-av_icon='\ue805' data-av_iconfont='entypo-fontello' title='' data-avia-related-tooltip='Compartir por correo'><span class='avia_hidden_link_text'>Compartir por correo<\/span><\/a><\/li><\/ul><\/div><\/div>\n<div  style='height:50px' class='hr hr-invisible   avia-builder-el-8  el_after_av_social_share  el_before_av_comments_list '><span class='hr-inner ' ><span class='hr-inner-style'><\/span><\/span><\/div>\n<div  class='av-buildercomment  av-blog-meta-html-info-disabled av-blog-meta-tag-disabled  '><\/div>\n","protected":false},"excerpt":{"rendered":"","protected":false},"author":1,"featured_media":46736,"comment_status":"open","ping_status":"open","sticky":false,"template":"","format":"standard","meta":{"footnotes":""},"categories":[52],"tags":[],"class_list":["post-46735","post","type-post","status-publish","format-standard","has-post-thumbnail","hentry","category-cultura"],"jetpack_featured_media_url":"https:\/\/radiorevelacionfm.cl\/wp-content\/uploads\/2024\/10\/circo-eleam2-2_optimized-2.jpg","_links":{"self":[{"href":"https:\/\/radiorevelacionfm.cl\/index.php?rest_route=\/wp\/v2\/posts\/46735","targetHints":{"allow":["GET"]}}],"collection":[{"href":"https:\/\/radiorevelacionfm.cl\/index.php?rest_route=\/wp\/v2\/posts"}],"about":[{"href":"https:\/\/radiorevelacionfm.cl\/index.php?rest_route=\/wp\/v2\/types\/post"}],"author":[{"embeddable":true,"href":"https:\/\/radiorevelacionfm.cl\/index.php?rest_route=\/wp\/v2\/users\/1"}],"replies":[{"embeddable":true,"href":"https:\/\/radiorevelacionfm.cl\/index.php?rest_route=%2Fwp%2Fv2%2Fcomments&post=46735"}],"version-history":[{"count":1,"href":"https:\/\/radiorevelacionfm.cl\/index.php?rest_route=\/wp\/v2\/posts\/46735\/revisions"}],"predecessor-version":[{"id":46737,"href":"https:\/\/radiorevelacionfm.cl\/index.php?rest_route=\/wp\/v2\/posts\/46735\/revisions\/46737"}],"wp:featuredmedia":[{"embeddable":true,"href":"https:\/\/radiorevelacionfm.cl\/index.php?rest_route=\/wp\/v2\/media\/46736"}],"wp:attachment":[{"href":"https:\/\/radiorevelacionfm.cl\/index.php?rest_route=%2Fwp%2Fv2%2Fmedia&parent=46735"}],"wp:term":[{"taxonomy":"category","embeddable":true,"href":"https:\/\/radiorevelacionfm.cl\/index.php?rest_route=%2Fwp%2Fv2%2Fcategories&post=46735"},{"taxonomy":"post_tag","embeddable":true,"href":"https:\/\/radiorevelacionfm.cl\/index.php?rest_route=%2Fwp%2Fv2%2Ftags&post=46735"}],"curies":[{"name":"wp","href":"https:\/\/api.w.org\/{rel}","templated":true}]}}