{"id":46730,"date":"2024-10-04T17:37:17","date_gmt":"2024-10-04T20:37:17","guid":{"rendered":"https:\/\/radiorevelacionfm.cl\/?p=46730"},"modified":"2024-10-04T17:40:44","modified_gmt":"2024-10-04T20:40:44","slug":"dirigentes-de-melinka-conocen-modelo-de-gestion-de-residuos-de-empresa-de-empresa-aysenina","status":"publish","type":"post","link":"https:\/\/radiorevelacionfm.cl\/?p=46730","title":{"rendered":"Dirigentes de Melinka conocen modelo de gesti\u00f3n de residuos de empresa aysenina"},"content":{"rendered":"<div class=\"flex_column av_one_full  flex_column_div av-zero-column-padding first  avia-builder-el-0  el_before_av_one_full  avia-builder-el-first  \" style='border-radius:0px; '><div  class='avia-image-container  av-styling-    avia-builder-el-1  avia-builder-el-no-sibling  avia-align-center '  itemprop=\"image\" itemscope=\"itemscope\" itemtype=\"https:\/\/schema.org\/ImageObject\"  ><div class='avia-image-container-inner'><div class='avia-image-overlay-wrap'><img decoding=\"async\" class='wp-image-46731 avia-img-lazy-loading-not-46731 avia_image' src=\"https:\/\/radiorevelacionfm.cl\/wp-content\/uploads\/2024\/10\/visitamelinkabh1-2_optimized-2.jpeg\" alt='' title='visitamelinkabh1-2_optimized-2' height=\"600\" width=\"1066\"  itemprop=\"thumbnailUrl\" srcset=\"https:\/\/radiorevelacionfm.cl\/wp-content\/uploads\/2024\/10\/visitamelinkabh1-2_optimized-2.jpeg 1066w, https:\/\/radiorevelacionfm.cl\/wp-content\/uploads\/2024\/10\/visitamelinkabh1-2_optimized-2-300x169.jpeg 300w, https:\/\/radiorevelacionfm.cl\/wp-content\/uploads\/2024\/10\/visitamelinkabh1-2_optimized-2-1030x580.jpeg 1030w, https:\/\/radiorevelacionfm.cl\/wp-content\/uploads\/2024\/10\/visitamelinkabh1-2_optimized-2-768x432.jpeg 768w, https:\/\/radiorevelacionfm.cl\/wp-content\/uploads\/2024\/10\/visitamelinkabh1-2_optimized-2-705x397.jpeg 705w, https:\/\/radiorevelacionfm.cl\/wp-content\/uploads\/2024\/10\/visitamelinkabh1-2_optimized-2-450x253.jpeg 450w, https:\/\/radiorevelacionfm.cl\/wp-content\/uploads\/2024\/10\/visitamelinkabh1-2_optimized-2-600x338.jpeg 600w\" sizes=\"(max-width: 1066px) 100vw, 1066px\" \/><\/div><\/div><\/div><\/div>\n<div class=\"flex_column av_one_full  flex_column_div av-zero-column-padding first  avia-builder-el-2  el_after_av_one_full  el_before_av_one_full  column-top-margin\" style='border-radius:0px; '><section class=\"av_textblock_section \"  itemscope=\"itemscope\" itemtype=\"https:\/\/schema.org\/BlogPosting\" itemprop=\"blogPost\" ><div class='avia_textblock  '   itemprop=\"text\" ><p style=\"text-align: center;\"><strong><span style=\"font-size: 18pt;\">Dirigentes de Melinka conocen modelo de gesti\u00f3n de residuos de empresa aysenina<\/span><\/strong><\/p>\n<div id=\"gtx-trans\" style=\"position: absolute; left: -50px; top: 4.31534px;\">\n<div class=\"gtx-trans-icon\"><\/div>\n<\/div>\n<\/div><\/section><\/div><div class=\"flex_column av_one_full  flex_column_div av-zero-column-padding first  avia-builder-el-4  el_after_av_one_full  el_before_av_hr  column-top-margin\" style='border-radius:0px; '><section class=\"av_textblock_section \"  itemscope=\"itemscope\" itemtype=\"https:\/\/schema.org\/BlogPosting\" itemprop=\"blogPost\" ><div class='avia_textblock  '   itemprop=\"text\" ><div>\n<p class=\"Cuerpo\" style=\"text-align: justify;\"><span lang=\"ES-TRAD\">Con el objetivo abordar los desaf\u00edos que representa una adecuada gesti\u00f3n de residuos domiciliarios. Un grupo de dirigentes de la comuna de Guaitecas se traslad\u00f3 hasta Puerto Ays<\/span><span lang=\"FR\">\u00e9<\/span><span lang=\"ES-TRAD\">n para conocer las distintas iniciativas vanguardistas de<\/span><span lang=\"PT\"> Empresas Bahamonde. La <\/span><span lang=\"ES-TRAD\">comitiva <\/span><span lang=\"PT\">recorri\u00f3 <\/span><span lang=\"ES-TRAD\">las instalaciones de la empresa y se interioriz<\/span><span lang=\"PT\">\u00f3 <\/span><span lang=\"ES-TRAD\">sobre el proceso de vermicompostaje a gran escala que se realiza en el relleno sanitario. As\u00ed tambi\u00e9n, pudieron conocer los pr\u00f3ximos proyectos que se encuentran en desarrollo<\/span><span lang=\"PT\">.<\/span><\/p>\n<\/div>\n<div style=\"text-align: justify;\">\n<p class=\"Cuerpo\"><span lang=\"ES-TRAD\">Daniela Garriga, encargada de Vinculaci\u00f3n con el Medio de Empresas Bahamonde, destac<\/span><span lang=\"PT\">\u00f3 <\/span><span lang=\"ES-TRAD\">la importancia de \u00abcompartir las experiencias\u00bb y \u00abpromover el cuidado del medio ambiente a trav<\/span><span lang=\"FR\">\u00e9<\/span><span lang=\"ES-TRAD\">s de una gesti\u00f3n de residuos correcta\u201d<\/span><span lang=\"PT\">.<\/span><span lang=\"ES-TRAD\"> Valorando tambi\u00e9n, el inter\u00e9s de la comunidad regional en conocer lo que ocurre en la comuna porte\u00f1a.<\/span><\/p>\n<\/div>\n<div style=\"text-align: justify;\">\n<p class=\"Cuerpo\"><span lang=\"ES-TRAD\">En tanto, Malvina Chiguay, presidenta de la Junta de Vecinos N<\/span><span lang=\"PT\">\u00ba<\/span><span lang=\"ES-TRAD\">5 Repollal de Melinka, se mostr<\/span><span lang=\"PT\">\u00f3 <\/span><span lang=\"ES-TRAD\">impresionada por el trabajo realizado por Empresas Bahamonde. \u00abEs un tremendo logro que una empresa de esta envergadura est<\/span><span lang=\"FR\">\u00e9 <\/span><span lang=\"ES-TRAD\">trabajando con los residuos domiciliarios para descontaminar la comuna y tener una comuna limpia, bonita y ordenada\u00bb, declar<\/span><span lang=\"PT\">\u00f3 <\/span><span lang=\"IT\">Chiguay.<\/span><\/p>\n<\/div>\n<div style=\"text-align: justify;\">\n<p class=\"Cuerpo\"><span lang=\"ES-TRAD\">La dirigenta destac<\/span><span lang=\"PT\">\u00f3 <\/span><span lang=\"ES-TRAD\">la importancia de la gesti\u00f3n de residuos para mejorar la calidad de vida de la comunidad de Puerto Ays<\/span><span lang=\"FR\">\u00e9<\/span><span lang=\"ES-TRAD\">n y valor<\/span><span lang=\"PT\">\u00f3 <\/span><span lang=\"ES-TRAD\">la oportunidad de \u00abconocer este hermoso lugar\u00bb y al \u00abtremendo equipo humano\u00bb de la empresa aysenina<\/span><span lang=\"PT\">.<\/span><\/p>\n<\/div>\n<div style=\"text-align: justify;\">\n<p class=\"Cuerpo\"><span lang=\"ES-TRAD\">Como obsequio, cada integrante de la comitiva recibi<\/span><span lang=\"PT\">\u00f3 <\/span><span lang=\"ES-TRAD\">12 kilos de humus de lombriz, producto del proceso de vermicompostaje a gran escala se realiza en el relleno sanitario.<\/span><\/p>\n<\/div>\n<div style=\"text-align: justify;\">\n<p class=\"Cuerpo\"><span lang=\"ES-TRAD\">La visita de los dirigentes de Melinka a Puerto Ays<\/span><span lang=\"FR\">\u00e9<\/span><span lang=\"ES-TRAD\">n refleja el inter<\/span><span lang=\"FR\">\u00e9<\/span><span lang=\"ES-TRAD\">s creciente por encontrar soluciones para la gesti\u00f3n de residuos en la regi\u00f3n. El modelo implementado por Empresas Bahamonde, basado en la sustentabilidad mediante econom\u00eda circular, puede servir como ejemplo para otras comunidades de Ays<\/span><span lang=\"FR\">\u00e9<\/span><span lang=\"PT\">n.<\/span><\/p>\n<\/div>\n<\/div><\/section><\/div><\/p>\n<div  style='height:50px' class='hr hr-invisible   avia-builder-el-6  el_after_av_one_full  el_before_av_social_share '><span class='hr-inner ' ><span class='hr-inner-style'><\/span><\/span><\/div>\n<div  class='av-social-sharing-box  avia-builder-el-7  el_after_av_hr  el_before_av_hr  '><div class='av-share-box'><h5 class='av-share-link-description av-no-toc '>Compartir esta noticia<\/h5><ul class='av-share-box-list noLightbox'><li class='av-share-link av-social-link-facebook' ><a target=\"_blank\" aria-label=\"Compartir en Facebook\" href='https:\/\/www.facebook.com\/sharer.php?u=https:\/\/radiorevelacionfm.cl\/?p=46730&#038;t=Dirigentes%20de%20Melinka%20conocen%20modelo%20de%20gesti%C3%B3n%20de%20residuos%20de%20empresa%20aysenina' aria-hidden='false' data-av_icon='\ue8f3' data-av_iconfont='entypo-fontello' title='' data-avia-related-tooltip='Compartir en Facebook' rel=\"noopener\"><span class='avia_hidden_link_text'>Compartir en Facebook<\/span><\/a><\/li><li class='av-share-link av-social-link-twitter' ><a target=\"_blank\" aria-label=\"Compartir en Twitter\" href='https:\/\/twitter.com\/share?text=Dirigentes%20de%20Melinka%20conocen%20modelo%20de%20gesti%C3%B3n%20de%20residuos%20de%20empresa%20aysenina&#038;url=https:\/\/radiorevelacionfm.cl\/?p=46730' aria-hidden='false' data-av_icon='\ue8f1' data-av_iconfont='entypo-fontello' title='' data-avia-related-tooltip='Compartir en Twitter' rel=\"noopener\"><span class='avia_hidden_link_text'>Compartir en Twitter<\/span><\/a><\/li><li class='av-share-link av-social-link-whatsapp' ><a target=\"_blank\" aria-label=\"Compartir en Whatsapp\" href='https:\/\/api.whatsapp.com\/send?text=https:\/\/radiorevelacionfm.cl\/?p=46730' aria-hidden='false' data-av_icon='\uf232' data-av_iconfont='entypo-fontello' title='' data-avia-related-tooltip='Compartir en Whatsapp' rel=\"noopener\"><span class='avia_hidden_link_text'>Compartir en Whatsapp<\/span><\/a><\/li><li class='av-share-link av-social-link-linkedin' ><a target=\"_blank\" aria-label=\"Compartir en LinkedIn\" href='https:\/\/linkedin.com\/shareArticle?mini=true&#038;title=Dirigentes%20de%20Melinka%20conocen%20modelo%20de%20gesti%C3%B3n%20de%20residuos%20de%20empresa%20aysenina&#038;url=https:\/\/radiorevelacionfm.cl\/?p=46730' aria-hidden='false' data-av_icon='\ue8fc' data-av_iconfont='entypo-fontello' title='' data-avia-related-tooltip='Compartir en LinkedIn' rel=\"noopener\"><span class='avia_hidden_link_text'>Compartir en LinkedIn<\/span><\/a><\/li><li class='av-share-link av-social-link-mail' ><a  aria-label=\"Compartir por correo\" href='mailto:?subject=Dirigentes%20de%20Melinka%20conocen%20modelo%20de%20gesti%C3%B3n%20de%20residuos%20de%20empresa%20aysenina&#038;body=https:\/\/radiorevelacionfm.cl\/?p=46730' aria-hidden='false' data-av_icon='\ue805' data-av_iconfont='entypo-fontello' title='' data-avia-related-tooltip='Compartir por correo'><span class='avia_hidden_link_text'>Compartir por correo<\/span><\/a><\/li><\/ul><\/div><\/div>\n<div  style='height:50px' class='hr hr-invisible   avia-builder-el-8  el_after_av_social_share  el_before_av_comments_list '><span class='hr-inner ' ><span class='hr-inner-style'><\/span><\/span><\/div>\n<div  class='av-buildercomment  av-blog-meta-html-info-disabled av-blog-meta-tag-disabled  '><\/div>\n","protected":false},"excerpt":{"rendered":"","protected":false},"author":1,"featured_media":46731,"comment_status":"open","ping_status":"open","sticky":false,"template":"","format":"standard","meta":{"footnotes":""},"categories":[38],"tags":[],"class_list":["post-46730","post","type-post","status-publish","format-standard","has-post-thumbnail","hentry","category-regional"],"jetpack_featured_media_url":"https:\/\/radiorevelacionfm.cl\/wp-content\/uploads\/2024\/10\/visitamelinkabh1-2_optimized-2.jpeg","_links":{"self":[{"href":"https:\/\/radiorevelacionfm.cl\/index.php?rest_route=\/wp\/v2\/posts\/46730","targetHints":{"allow":["GET"]}}],"collection":[{"href":"https:\/\/radiorevelacionfm.cl\/index.php?rest_route=\/wp\/v2\/posts"}],"about":[{"href":"https:\/\/radiorevelacionfm.cl\/index.php?rest_route=\/wp\/v2\/types\/post"}],"author":[{"embeddable":true,"href":"https:\/\/radiorevelacionfm.cl\/index.php?rest_route=\/wp\/v2\/users\/1"}],"replies":[{"embeddable":true,"href":"https:\/\/radiorevelacionfm.cl\/index.php?rest_route=%2Fwp%2Fv2%2Fcomments&post=46730"}],"version-history":[{"count":2,"href":"https:\/\/radiorevelacionfm.cl\/index.php?rest_route=\/wp\/v2\/posts\/46730\/revisions"}],"predecessor-version":[{"id":46734,"href":"https:\/\/radiorevelacionfm.cl\/index.php?rest_route=\/wp\/v2\/posts\/46730\/revisions\/46734"}],"wp:featuredmedia":[{"embeddable":true,"href":"https:\/\/radiorevelacionfm.cl\/index.php?rest_route=\/wp\/v2\/media\/46731"}],"wp:attachment":[{"href":"https:\/\/radiorevelacionfm.cl\/index.php?rest_route=%2Fwp%2Fv2%2Fmedia&parent=46730"}],"wp:term":[{"taxonomy":"category","embeddable":true,"href":"https:\/\/radiorevelacionfm.cl\/index.php?rest_route=%2Fwp%2Fv2%2Fcategories&post=46730"},{"taxonomy":"post_tag","embeddable":true,"href":"https:\/\/radiorevelacionfm.cl\/index.php?rest_route=%2Fwp%2Fv2%2Ftags&post=46730"}],"curies":[{"name":"wp","href":"https:\/\/api.w.org\/{rel}","templated":true}]}}