{"id":46727,"date":"2024-10-04T17:14:18","date_gmt":"2024-10-04T20:14:18","guid":{"rendered":"https:\/\/radiorevelacionfm.cl\/?p=46727"},"modified":"2024-10-04T17:14:18","modified_gmt":"2024-10-04T20:14:18","slug":"coyhaique-piden-a-ministro-de-vivienda-tomar-decision-politica-para-comenzar-obras-de-la-chacra-g-este-ano","status":"publish","type":"post","link":"https:\/\/radiorevelacionfm.cl\/?p=46727","title":{"rendered":"Coyhaique: Piden a Ministro de Vivienda tomar decisi\u00f3n pol\u00edtica para comenzar obras de la Chacra G este a\u00f1o"},"content":{"rendered":"<div class=\"flex_column av_one_full  flex_column_div av-zero-column-padding first  avia-builder-el-0  el_before_av_one_full  avia-builder-el-first  \" style='border-radius:0px; '><div  class='avia-image-container  av-styling-    avia-builder-el-1  avia-builder-el-no-sibling  avia-align-center '  itemprop=\"image\" itemscope=\"itemscope\" itemtype=\"https:\/\/schema.org\/ImageObject\"  ><div class='avia-image-container-inner'><div class='avia-image-overlay-wrap'><img decoding=\"async\" class='wp-image-46728 avia-img-lazy-loading-not-46728 avia_image' src=\"https:\/\/radiorevelacionfm.cl\/wp-content\/uploads\/2024\/10\/foto-reu-ministro-vivienda-chacra-g-2_optimized-2.jpeg\" alt='' title='foto-reu-ministro-vivienda-chacra-g-2_optimized-2' height=\"600\" width=\"1067\"  itemprop=\"thumbnailUrl\" srcset=\"https:\/\/radiorevelacionfm.cl\/wp-content\/uploads\/2024\/10\/foto-reu-ministro-vivienda-chacra-g-2_optimized-2.jpeg 1067w, https:\/\/radiorevelacionfm.cl\/wp-content\/uploads\/2024\/10\/foto-reu-ministro-vivienda-chacra-g-2_optimized-2-300x169.jpeg 300w, https:\/\/radiorevelacionfm.cl\/wp-content\/uploads\/2024\/10\/foto-reu-ministro-vivienda-chacra-g-2_optimized-2-1030x579.jpeg 1030w, https:\/\/radiorevelacionfm.cl\/wp-content\/uploads\/2024\/10\/foto-reu-ministro-vivienda-chacra-g-2_optimized-2-768x432.jpeg 768w, https:\/\/radiorevelacionfm.cl\/wp-content\/uploads\/2024\/10\/foto-reu-ministro-vivienda-chacra-g-2_optimized-2-705x396.jpeg 705w, https:\/\/radiorevelacionfm.cl\/wp-content\/uploads\/2024\/10\/foto-reu-ministro-vivienda-chacra-g-2_optimized-2-450x253.jpeg 450w, https:\/\/radiorevelacionfm.cl\/wp-content\/uploads\/2024\/10\/foto-reu-ministro-vivienda-chacra-g-2_optimized-2-600x337.jpeg 600w\" sizes=\"(max-width: 1067px) 100vw, 1067px\" \/><\/div><\/div><\/div><\/div><div class=\"flex_column av_one_full  flex_column_div av-zero-column-padding first  avia-builder-el-2  el_after_av_one_full  el_before_av_one_full  column-top-margin\" style='border-radius:0px; '><section class=\"av_textblock_section \"  itemscope=\"itemscope\" itemtype=\"https:\/\/schema.org\/BlogPosting\" itemprop=\"blogPost\" ><div class='avia_textblock  '   itemprop=\"text\" ><p style=\"text-align: center;\"><strong><span style=\"font-size: 18pt;\">Coyhaique: Piden a Ministro de Vivienda tomar decisi\u00f3n pol\u00edtica para comenzar obras de la Chacra G este a\u00f1o<\/span><\/strong><\/p>\n<div id=\"gtx-trans\" style=\"position: absolute; left: -50px; top: 4.31534px;\">\n<div class=\"gtx-trans-icon\"><\/div>\n<\/div>\n<\/div><\/section><\/div><div class=\"flex_column av_one_full  flex_column_div av-zero-column-padding first  avia-builder-el-4  el_after_av_one_full  el_before_av_hr  column-top-margin\" style='border-radius:0px; '><section class=\"av_textblock_section \"  itemscope=\"itemscope\" itemtype=\"https:\/\/schema.org\/BlogPosting\" itemprop=\"blogPost\" ><div class='avia_textblock  '   itemprop=\"text\" ><p style=\"text-align: justify;\">El diputado Miguel \u00c1ngel Calisto y dirigentas de los comit\u00e9s habitacionales de la Chacra G1 y G2 se reunieron con el Ministro de Vivienda, Carlos Montes, a quien le plantearon la necesidad de agilizar la tramitaci\u00f3n par que este mega proyecto habitacional comience a construirse durante el a\u00f1o 2024. El legislador habl\u00f3 de la necesidad de tomar una decisi\u00f3n pol\u00edtica que permita dar viabilidad a este proyecto, el que actualmente presenta algunos retrasos.<\/p>\n<p style=\"text-align: justify;\">La Seremi de Vivienda debe pronunciarse en un plazo de quince d\u00edas h\u00e1biles por las 29 observaciones que plante\u00f3 la Direcci\u00f3n de Obras Municipales, fecha que se cumplir\u00eda el pr\u00f3ximo mi\u00e9rcoles 9 de octubre.<\/p>\n<p style=\"text-align: justify;\">Seg\u00fan el legislador, \u201cen la primera etapa, la G1, estamos hablando de cerca de 1240 familias que esperan que se inicien sus obras, de las cuales 270 familias que ya tienen subsidio y esperan que se inicien las obras de construcci\u00f3n de sus casas.\u00a0 Pero, est\u00e1 todo listo. Est\u00e1 el proyecto, est\u00e1n los recursos, pero falta la autorizaci\u00f3n de la Direcci\u00f3n de Obras Municipales, que m\u00e1s que depender del municipio, depende del Ministerio de Vivienda.<\/p>\n<p style=\"text-align: justify;\">\u201cLe pedimos al ministro que tome la decisi\u00f3n pol\u00edtica para que comience las obras en la Chacra G y que se cumpla con el objetivo inicial, iniciar las obras este a\u00f1o. De eso depende que los recursos que estaban proyectados en esta primera etapa se cumplan y se ejecuten. De lo contrario, puede que el pr\u00f3ximo a\u00f1o los recursos se hagan insuficientes y se haga inviable\u201d, indic\u00f3.<\/p>\n<p style=\"text-align: justify;\">\u00a0Calisto agreg\u00f3 que \u201ces fundamental que, si el gobierno quiere cumplir con su plan habitacional, entonces tiene que tomar la decisi\u00f3n pol\u00edtica de cumplir con la Chacra G e iniciar obras. Para esto, \u00a0el Ministerio de Vivienda tiene que ponerle, en definitiva, la regla y la norma encima a la Direcci\u00f3n de Obras Municipales. Falta capacidad de gesti\u00f3n del Ministerio de Vivienda en la Regi\u00f3n, del Serviu. Las decisiones se deben tomar ac\u00e1. Est\u00e1 en juego ac\u00e1 el sue\u00f1o de muchas familias que hoy d\u00eda est\u00e1n pagando arriendo, que est\u00e1n hacinadas, y por eso uno ve tambi\u00e9n la frustraci\u00f3n de las dirigentas con la cual hemos estado tantos a\u00f1os.<\/p>\n<p style=\"text-align: justify;\"><strong>Chacra G2<\/strong><\/p>\n<p style=\"text-align: justify;\">Con respecto a la Chcra G2, las dirigentas de los comit\u00e9s quedaron conformes con la reuni\u00f3n, ya que el Ministro les asegur\u00f3 que trabajar\u00edan de una forma distinta con estos comit\u00e9s.<\/p>\n<p style=\"text-align: justify;\">Seg\u00fan Sandra Vargas, asesora de los comit\u00e9s de la Chacra G2, \u201cestuvimos con el ministro conversando, dialogando, porque yo creo que esa es la forma de trabajar. Hoy d\u00eda nosotros, como G2, venimos a pedirle que trabajemos de otra forma, no de la misma forma que se trabaj\u00f3 el anteproyecto de la Chacra G1. \u00bfPor qu\u00e9? Porque la Chacra G1 ha demorado mucho. Entonces, hoy d\u00eda lo que nosotros queremos es que nosotros, la G2, cuando ya parta la G1, podamos empezar a avanzar en lo que es cada comit\u00e9 o cada sector que nos toc\u00f3 con nuestra entidad patrocinante\u201d.<\/p>\n<p style=\"text-align: justify;\">\u201cLe agradecemos al ministro que nos haya escuchado, que haya tomado todas nuestras preguntas, nos haya respondido y haya dicho que igual va a empezar a trabajar como nosotros queremos. As\u00ed que nos vamos contentos y felices\u201d, indic\u00f3.<\/p>\n<p style=\"text-align: justify;\">Finalmente, Ivonne Ovalle, representante del Comit\u00e9 La Uni\u00f3n, indic\u00f3 que \u201cla verdad que bastante contentos porque no van a trabajar igual que la chacra G1. Hay un compromiso, digamos, de parte de ellos, as\u00ed que esperamos que se cumpla\u201d.<\/p>\n<\/div><\/section><\/div><div  style='height:50px' class='hr hr-invisible   avia-builder-el-6  el_after_av_one_full  el_before_av_social_share '><span class='hr-inner ' ><span class='hr-inner-style'><\/span><\/span><\/div><\/p>\n<div  class='av-social-sharing-box  avia-builder-el-7  el_after_av_hr  el_before_av_hr  '><div class='av-share-box'><h5 class='av-share-link-description av-no-toc '>Compartir esta noticia<\/h5><ul class='av-share-box-list noLightbox'><li class='av-share-link av-social-link-facebook' ><a target=\"_blank\" aria-label=\"Compartir en Facebook\" href='https:\/\/www.facebook.com\/sharer.php?u=https:\/\/radiorevelacionfm.cl\/?p=46727&#038;t=Coyhaique%3A%20Piden%20a%20Ministro%20de%20Vivienda%20tomar%20decisi%C3%B3n%20pol%C3%ADtica%20para%20comenzar%20obras%20de%20la%20Chacra%20G%20este%20a%C3%B1o' aria-hidden='false' data-av_icon='\ue8f3' data-av_iconfont='entypo-fontello' title='' data-avia-related-tooltip='Compartir en Facebook' rel=\"noopener\"><span class='avia_hidden_link_text'>Compartir en Facebook<\/span><\/a><\/li><li class='av-share-link av-social-link-twitter' ><a target=\"_blank\" aria-label=\"Compartir en Twitter\" href='https:\/\/twitter.com\/share?text=Coyhaique%3A%20Piden%20a%20Ministro%20de%20Vivienda%20tomar%20decisi%C3%B3n%20pol%C3%ADtica%20para%20comenzar%20obras%20de%20la%20Chacra%20G%20este%20a%C3%B1o&#038;url=https:\/\/radiorevelacionfm.cl\/?p=46727' aria-hidden='false' data-av_icon='\ue8f1' data-av_iconfont='entypo-fontello' title='' data-avia-related-tooltip='Compartir en Twitter' rel=\"noopener\"><span class='avia_hidden_link_text'>Compartir en Twitter<\/span><\/a><\/li><li class='av-share-link av-social-link-whatsapp' ><a target=\"_blank\" aria-label=\"Compartir en Whatsapp\" href='https:\/\/api.whatsapp.com\/send?text=https:\/\/radiorevelacionfm.cl\/?p=46727' aria-hidden='false' data-av_icon='\uf232' data-av_iconfont='entypo-fontello' title='' data-avia-related-tooltip='Compartir en Whatsapp' rel=\"noopener\"><span class='avia_hidden_link_text'>Compartir en Whatsapp<\/span><\/a><\/li><li class='av-share-link av-social-link-linkedin' ><a target=\"_blank\" aria-label=\"Compartir en LinkedIn\" href='https:\/\/linkedin.com\/shareArticle?mini=true&#038;title=Coyhaique%3A%20Piden%20a%20Ministro%20de%20Vivienda%20tomar%20decisi%C3%B3n%20pol%C3%ADtica%20para%20comenzar%20obras%20de%20la%20Chacra%20G%20este%20a%C3%B1o&#038;url=https:\/\/radiorevelacionfm.cl\/?p=46727' aria-hidden='false' data-av_icon='\ue8fc' data-av_iconfont='entypo-fontello' title='' data-avia-related-tooltip='Compartir en LinkedIn' rel=\"noopener\"><span class='avia_hidden_link_text'>Compartir en LinkedIn<\/span><\/a><\/li><li class='av-share-link av-social-link-mail' ><a  aria-label=\"Compartir por correo\" href='mailto:?subject=Coyhaique%3A%20Piden%20a%20Ministro%20de%20Vivienda%20tomar%20decisi%C3%B3n%20pol%C3%ADtica%20para%20comenzar%20obras%20de%20la%20Chacra%20G%20este%20a%C3%B1o&#038;body=https:\/\/radiorevelacionfm.cl\/?p=46727' aria-hidden='false' data-av_icon='\ue805' data-av_iconfont='entypo-fontello' title='' data-avia-related-tooltip='Compartir por correo'><span class='avia_hidden_link_text'>Compartir por correo<\/span><\/a><\/li><\/ul><\/div><\/div>\n<div  style='height:50px' class='hr hr-invisible   avia-builder-el-8  el_after_av_social_share  el_before_av_comments_list '><span class='hr-inner ' ><span class='hr-inner-style'><\/span><\/span><\/div>\n<div  class='av-buildercomment  av-blog-meta-html-info-disabled av-blog-meta-tag-disabled  '><\/div>\n","protected":false},"excerpt":{"rendered":"","protected":false},"author":1,"featured_media":46728,"comment_status":"open","ping_status":"open","sticky":false,"template":"","format":"standard","meta":{"footnotes":""},"categories":[57],"tags":[],"class_list":["post-46727","post","type-post","status-publish","format-standard","has-post-thumbnail","hentry","category-vivienda"],"jetpack_featured_media_url":"https:\/\/radiorevelacionfm.cl\/wp-content\/uploads\/2024\/10\/foto-reu-ministro-vivienda-chacra-g-2_optimized-2.jpeg","_links":{"self":[{"href":"https:\/\/radiorevelacionfm.cl\/index.php?rest_route=\/wp\/v2\/posts\/46727","targetHints":{"allow":["GET"]}}],"collection":[{"href":"https:\/\/radiorevelacionfm.cl\/index.php?rest_route=\/wp\/v2\/posts"}],"about":[{"href":"https:\/\/radiorevelacionfm.cl\/index.php?rest_route=\/wp\/v2\/types\/post"}],"author":[{"embeddable":true,"href":"https:\/\/radiorevelacionfm.cl\/index.php?rest_route=\/wp\/v2\/users\/1"}],"replies":[{"embeddable":true,"href":"https:\/\/radiorevelacionfm.cl\/index.php?rest_route=%2Fwp%2Fv2%2Fcomments&post=46727"}],"version-history":[{"count":1,"href":"https:\/\/radiorevelacionfm.cl\/index.php?rest_route=\/wp\/v2\/posts\/46727\/revisions"}],"predecessor-version":[{"id":46729,"href":"https:\/\/radiorevelacionfm.cl\/index.php?rest_route=\/wp\/v2\/posts\/46727\/revisions\/46729"}],"wp:featuredmedia":[{"embeddable":true,"href":"https:\/\/radiorevelacionfm.cl\/index.php?rest_route=\/wp\/v2\/media\/46728"}],"wp:attachment":[{"href":"https:\/\/radiorevelacionfm.cl\/index.php?rest_route=%2Fwp%2Fv2%2Fmedia&parent=46727"}],"wp:term":[{"taxonomy":"category","embeddable":true,"href":"https:\/\/radiorevelacionfm.cl\/index.php?rest_route=%2Fwp%2Fv2%2Fcategories&post=46727"},{"taxonomy":"post_tag","embeddable":true,"href":"https:\/\/radiorevelacionfm.cl\/index.php?rest_route=%2Fwp%2Fv2%2Ftags&post=46727"}],"curies":[{"name":"wp","href":"https:\/\/api.w.org\/{rel}","templated":true}]}}