{"id":46712,"date":"2024-10-04T08:40:09","date_gmt":"2024-10-04T11:40:09","guid":{"rendered":"https:\/\/radiorevelacionfm.cl\/?p=46712"},"modified":"2024-10-04T08:40:09","modified_gmt":"2024-10-04T11:40:09","slug":"ministro-montes-destaca-plan-de-acondicionamiento-termico-para-las-viviendas-de-aysen-tras-visita-a-la-region","status":"publish","type":"post","link":"https:\/\/radiorevelacionfm.cl\/?p=46712","title":{"rendered":"Ministro Montes destaca plan de acondicionamiento t\u00e9rmico para las viviendas de Ays\u00e9n tras visita a la regi\u00f3n"},"content":{"rendered":"<div class=\"flex_column av_one_full  flex_column_div av-zero-column-padding first  avia-builder-el-0  el_before_av_one_full  avia-builder-el-first  \" style='border-radius:0px; '><div  class='avia-image-container  av-styling-    avia-builder-el-1  avia-builder-el-no-sibling  avia-align-center '  itemprop=\"image\" itemscope=\"itemscope\" itemtype=\"https:\/\/schema.org\/ImageObject\"  ><div class='avia-image-container-inner'><div class='avia-image-overlay-wrap'><img decoding=\"async\" class='wp-image-46713 avia-img-lazy-loading-not-46713 avia_image' src=\"https:\/\/radiorevelacionfm.cl\/wp-content\/uploads\/2024\/10\/image002-2-2.jpg\" alt='' title='image002-2-2' height=\"600\" width=\"899\"  itemprop=\"thumbnailUrl\" srcset=\"https:\/\/radiorevelacionfm.cl\/wp-content\/uploads\/2024\/10\/image002-2-2.jpg 899w, https:\/\/radiorevelacionfm.cl\/wp-content\/uploads\/2024\/10\/image002-2-2-300x200.jpg 300w, https:\/\/radiorevelacionfm.cl\/wp-content\/uploads\/2024\/10\/image002-2-2-768x513.jpg 768w, https:\/\/radiorevelacionfm.cl\/wp-content\/uploads\/2024\/10\/image002-2-2-705x471.jpg 705w, https:\/\/radiorevelacionfm.cl\/wp-content\/uploads\/2024\/10\/image002-2-2-450x300.jpg 450w, https:\/\/radiorevelacionfm.cl\/wp-content\/uploads\/2024\/10\/image002-2-2-600x400.jpg 600w\" sizes=\"(max-width: 899px) 100vw, 899px\" \/><\/div><\/div><\/div><\/div><div class=\"flex_column av_one_full  flex_column_div av-zero-column-padding first  avia-builder-el-2  el_after_av_one_full  el_before_av_one_full  column-top-margin\" style='border-radius:0px; '><section class=\"av_textblock_section \"  itemscope=\"itemscope\" itemtype=\"https:\/\/schema.org\/BlogPosting\" itemprop=\"blogPost\" ><div class='avia_textblock  '   itemprop=\"text\" ><p style=\"text-align: center;\"><span style=\"font-size: 18pt;\"><b>Ministro Montes destaca plan de acondicionamiento t\u00e9rmico para las viviendas de Ays\u00e9n tras visita a la regi\u00f3n<\/b><\/span><\/p>\n<div id=\"gtx-trans\" style=\"position: absolute; left: -50px; top: 4.31534px;\">\n<div class=\"gtx-trans-icon\"><\/div>\n<\/div>\n<\/div><\/section><\/div><div class=\"flex_column av_one_full  flex_column_div av-zero-column-padding first  avia-builder-el-4  el_after_av_one_full  el_before_av_hr  column-top-margin\" style='border-radius:0px; '><section class=\"av_textblock_section \"  itemscope=\"itemscope\" itemtype=\"https:\/\/schema.org\/BlogPosting\" itemprop=\"blogPost\" ><div class='avia_textblock  '   itemprop=\"text\" ><p style=\"text-align: justify;\"><em>Autoridad inspeccion\u00f3 obras que incluyen la aislaci\u00f3n de la envolvente e instalaci\u00f3n de un sistema de extracci\u00f3n de aire mec\u00e1nico. El proyecto forma parte de un esfuerzo m\u00e1s amplio con 3 mil solicitudes de recursos presentadas al Gobierno Regional en esta l\u00ednea.<\/em><\/p>\n<p style=\"text-align: justify;\"><em>Las actividades del secretario de Estado en la regi\u00f3n, que se iniciaron ayer, incluyeron la participaci\u00f3n en la Reuni\u00f3n Nacional de Vivienda (RENAV) 2024 y la visita a las obras de la segunda etapa del Condominio Lomas de Coyhaique.<\/em><\/p>\n<p style=\"text-align: justify;\">El ministro de Vivienda y Urbanismo, Carlos Montes, inspeccion\u00f3 hoy las obras de acondicionamiento t\u00e9rmico del Plan de Descontaminaci\u00f3n Ambiental (PDA) en la ciudad de Coyhaique, Regi\u00f3n de Ays\u00e9n, actividad con la que concluy\u00f3 la visita que inici\u00f3 ayer a la zona. La inspecci\u00f3n se realiz\u00f3 a la vivienda de Mar\u00eda Silva, beneficiaria del programa, junto a la seremi Paulina Ruz, y el director del Serviu, V\u00edctor Contreras.<\/p>\n<p style=\"text-align: justify;\">La intervenci\u00f3n en su hogar, financiada por un subsidio de 476 UF, incluye la aislaci\u00f3n de la envolvente y la instalaci\u00f3n de un sistema de extracci\u00f3n de aire mec\u00e1nico. Este proyecto forma parte de un esfuerzo m\u00e1s amplio, con 3.000 solicitudes de recursos presentadas al Gobierno Regional y nuevos fondos del Minvu por llegar este semestre. Adem\u00e1s, se ha solicitado incorporar al PDZE un financiamiento de 15 mil millones de pesos para los pr\u00f3ximos 10 a\u00f1os, lo que permitir\u00e1 extender estos beneficios a m\u00e1s hogares.<\/p>\n<p style=\"text-align: justify;\">\u201cEsto es parte de c\u00f3mo va mejorando el est\u00e1ndar de la vivienda p\u00fablica en el pa\u00eds. O sea, las ventanas de termopanel significan otro est\u00e1ndar de vida, otro nivel de vida, por los ruidos, vientos, temperaturas y en particular aqu\u00ed, porque el fr\u00edo es mayor.\u00a0 Este tipo pol\u00edticas no solo mejora las condiciones de vida, sino que tambi\u00e9n promueve una mayor sostenibilidad energ\u00e9tica en la regi\u00f3n de Ays\u00e9n\u201d, se\u00f1al\u00f3 el ministro Montes.<\/p>\n<p style=\"text-align: justify;\">En el lugar, las autoridades informaron que m\u00e1s del 50% de las viviendas en el entorno de la beneficiaria ya han sido intervenidas con este tipo de proyectos, mostrando el efecto positivo de la pol\u00edtica p\u00fablica en la comunidad, como lo relat\u00f3 Mar\u00eda Silva: \u201cHa cambiado en el sentido de la calefacci\u00f3n, que est\u00e1 m\u00e1s calentito, est\u00e1 m\u00e1s acogedor. Entonces ya no ocupamos tanto pellet ni tanto gas. Entonces econ\u00f3micamente, en ese sentido, estamos bien\u201d.<\/p>\n<p style=\"text-align: justify;\">Las actividades del secretario en la regi\u00f3n incluyeron la participaci\u00f3n en la reuni\u00f3n Nacional de Vivienda (RENAV) 2024 y la visita a las obras de la segunda etapa del Condominio Lomas de Coyhaique, que cuenta con un 37,8% de avance, siendo el primero de la regi\u00f3n que se desarrolla a trav\u00e9s del Programa de Integraci\u00f3n Social y Territorial (DS19) de la cartera.<\/p>\n<\/div><\/section><\/div><div  style='height:50px' class='hr hr-invisible   avia-builder-el-6  el_after_av_one_full  el_before_av_social_share '><span class='hr-inner ' ><span class='hr-inner-style'><\/span><\/span><\/div><\/p>\n<div  class='av-social-sharing-box  avia-builder-el-7  el_after_av_hr  el_before_av_hr  '><div class='av-share-box'><h5 class='av-share-link-description av-no-toc '>Compartir esta noticia<\/h5><ul class='av-share-box-list noLightbox'><li class='av-share-link av-social-link-facebook' ><a target=\"_blank\" aria-label=\"Compartir en Facebook\" href='https:\/\/www.facebook.com\/sharer.php?u=https:\/\/radiorevelacionfm.cl\/?p=46712&#038;t=Ministro%20Montes%20destaca%20plan%20de%20acondicionamiento%20t%C3%A9rmico%20para%20las%20viviendas%20de%20Ays%C3%A9n%20tras%20visita%20a%20la%20regi%C3%B3n' aria-hidden='false' data-av_icon='\ue8f3' data-av_iconfont='entypo-fontello' title='' data-avia-related-tooltip='Compartir en Facebook' rel=\"noopener\"><span class='avia_hidden_link_text'>Compartir en Facebook<\/span><\/a><\/li><li class='av-share-link av-social-link-twitter' ><a target=\"_blank\" aria-label=\"Compartir en Twitter\" href='https:\/\/twitter.com\/share?text=Ministro%20Montes%20destaca%20plan%20de%20acondicionamiento%20t%C3%A9rmico%20para%20las%20viviendas%20de%20Ays%C3%A9n%20tras%20visita%20a%20la%20regi%C3%B3n&#038;url=https:\/\/radiorevelacionfm.cl\/?p=46712' aria-hidden='false' data-av_icon='\ue8f1' data-av_iconfont='entypo-fontello' title='' data-avia-related-tooltip='Compartir en Twitter' rel=\"noopener\"><span class='avia_hidden_link_text'>Compartir en Twitter<\/span><\/a><\/li><li class='av-share-link av-social-link-whatsapp' ><a target=\"_blank\" aria-label=\"Compartir en Whatsapp\" href='https:\/\/api.whatsapp.com\/send?text=https:\/\/radiorevelacionfm.cl\/?p=46712' aria-hidden='false' data-av_icon='\uf232' data-av_iconfont='entypo-fontello' title='' data-avia-related-tooltip='Compartir en Whatsapp' rel=\"noopener\"><span class='avia_hidden_link_text'>Compartir en Whatsapp<\/span><\/a><\/li><li class='av-share-link av-social-link-linkedin' ><a target=\"_blank\" aria-label=\"Compartir en LinkedIn\" href='https:\/\/linkedin.com\/shareArticle?mini=true&#038;title=Ministro%20Montes%20destaca%20plan%20de%20acondicionamiento%20t%C3%A9rmico%20para%20las%20viviendas%20de%20Ays%C3%A9n%20tras%20visita%20a%20la%20regi%C3%B3n&#038;url=https:\/\/radiorevelacionfm.cl\/?p=46712' aria-hidden='false' data-av_icon='\ue8fc' data-av_iconfont='entypo-fontello' title='' data-avia-related-tooltip='Compartir en LinkedIn' rel=\"noopener\"><span class='avia_hidden_link_text'>Compartir en LinkedIn<\/span><\/a><\/li><li class='av-share-link av-social-link-mail' ><a  aria-label=\"Compartir por correo\" href='mailto:?subject=Ministro%20Montes%20destaca%20plan%20de%20acondicionamiento%20t%C3%A9rmico%20para%20las%20viviendas%20de%20Ays%C3%A9n%20tras%20visita%20a%20la%20regi%C3%B3n&#038;body=https:\/\/radiorevelacionfm.cl\/?p=46712' aria-hidden='false' data-av_icon='\ue805' data-av_iconfont='entypo-fontello' title='' data-avia-related-tooltip='Compartir por correo'><span class='avia_hidden_link_text'>Compartir por correo<\/span><\/a><\/li><\/ul><\/div><\/div>\n<div  style='height:50px' class='hr hr-invisible   avia-builder-el-8  el_after_av_social_share  el_before_av_comments_list '><span class='hr-inner ' ><span class='hr-inner-style'><\/span><\/span><\/div>\n<div  class='av-buildercomment  av-blog-meta-html-info-disabled av-blog-meta-tag-disabled  '><\/div>\n","protected":false},"excerpt":{"rendered":"","protected":false},"author":1,"featured_media":46713,"comment_status":"open","ping_status":"open","sticky":false,"template":"","format":"standard","meta":{"footnotes":""},"categories":[57],"tags":[],"class_list":["post-46712","post","type-post","status-publish","format-standard","has-post-thumbnail","hentry","category-vivienda"],"jetpack_featured_media_url":"https:\/\/radiorevelacionfm.cl\/wp-content\/uploads\/2024\/10\/image002-2-2.jpg","_links":{"self":[{"href":"https:\/\/radiorevelacionfm.cl\/index.php?rest_route=\/wp\/v2\/posts\/46712","targetHints":{"allow":["GET"]}}],"collection":[{"href":"https:\/\/radiorevelacionfm.cl\/index.php?rest_route=\/wp\/v2\/posts"}],"about":[{"href":"https:\/\/radiorevelacionfm.cl\/index.php?rest_route=\/wp\/v2\/types\/post"}],"author":[{"embeddable":true,"href":"https:\/\/radiorevelacionfm.cl\/index.php?rest_route=\/wp\/v2\/users\/1"}],"replies":[{"embeddable":true,"href":"https:\/\/radiorevelacionfm.cl\/index.php?rest_route=%2Fwp%2Fv2%2Fcomments&post=46712"}],"version-history":[{"count":1,"href":"https:\/\/radiorevelacionfm.cl\/index.php?rest_route=\/wp\/v2\/posts\/46712\/revisions"}],"predecessor-version":[{"id":46714,"href":"https:\/\/radiorevelacionfm.cl\/index.php?rest_route=\/wp\/v2\/posts\/46712\/revisions\/46714"}],"wp:featuredmedia":[{"embeddable":true,"href":"https:\/\/radiorevelacionfm.cl\/index.php?rest_route=\/wp\/v2\/media\/46713"}],"wp:attachment":[{"href":"https:\/\/radiorevelacionfm.cl\/index.php?rest_route=%2Fwp%2Fv2%2Fmedia&parent=46712"}],"wp:term":[{"taxonomy":"category","embeddable":true,"href":"https:\/\/radiorevelacionfm.cl\/index.php?rest_route=%2Fwp%2Fv2%2Fcategories&post=46712"},{"taxonomy":"post_tag","embeddable":true,"href":"https:\/\/radiorevelacionfm.cl\/index.php?rest_route=%2Fwp%2Fv2%2Ftags&post=46712"}],"curies":[{"name":"wp","href":"https:\/\/api.w.org\/{rel}","templated":true}]}}