{"id":4671,"date":"2021-05-31T13:35:12","date_gmt":"2021-05-31T16:35:12","guid":{"rendered":"https:\/\/radiorevelacionfm.cl\/?p=4671"},"modified":"2021-05-31T13:44:14","modified_gmt":"2021-05-31T16:44:14","slug":"ad-portas-de-convertirse-en-ley-cuota-de-genero-en-la-pesca-artesanal","status":"publish","type":"post","link":"https:\/\/radiorevelacionfm.cl\/?p=4671","title":{"rendered":"Ad portas de convertirse en ley cuota de g\u00e9nero en la Pesca Artesanal"},"content":{"rendered":"<div class=\"flex_column av_one_full  flex_column_div av-zero-column-padding first  avia-builder-el-0  el_before_av_one_full  avia-builder-el-first  \" style='border-radius:0px; '><div  class='avia-image-container  av-styling-    avia-builder-el-1  avia-builder-el-no-sibling  avia-align-center '  itemprop=\"image\" itemscope=\"itemscope\" itemtype=\"https:\/\/schema.org\/ImageObject\"  ><div class='avia-image-container-inner'><div class='avia-image-overlay-wrap'><img decoding=\"async\" class='wp-image-4672 avia-img-lazy-loading-not-4672 avia_image' src=\"https:\/\/radiorevelacionfm.cl\/wp-content\/uploads\/2021\/05\/Pescadoras-1.jpeg\" alt='' title='Pescadoras (1)' height=\"675\" width=\"1200\"  itemprop=\"thumbnailUrl\" srcset=\"https:\/\/radiorevelacionfm.cl\/wp-content\/uploads\/2021\/05\/Pescadoras-1.jpeg 1200w, https:\/\/radiorevelacionfm.cl\/wp-content\/uploads\/2021\/05\/Pescadoras-1-300x169.jpeg 300w, https:\/\/radiorevelacionfm.cl\/wp-content\/uploads\/2021\/05\/Pescadoras-1-1030x579.jpeg 1030w, https:\/\/radiorevelacionfm.cl\/wp-content\/uploads\/2021\/05\/Pescadoras-1-768x432.jpeg 768w, https:\/\/radiorevelacionfm.cl\/wp-content\/uploads\/2021\/05\/Pescadoras-1-705x397.jpeg 705w, https:\/\/radiorevelacionfm.cl\/wp-content\/uploads\/2021\/05\/Pescadoras-1-600x338.jpeg 600w\" sizes=\"(max-width: 1200px) 100vw, 1200px\" \/><\/div><\/div><\/div><\/div>\n<div class=\"flex_column av_one_full  flex_column_div av-zero-column-padding first  avia-builder-el-2  el_after_av_one_full  el_before_av_one_full  column-top-margin\" style='border-radius:0px; '><section class=\"av_textblock_section \"  itemscope=\"itemscope\" itemtype=\"https:\/\/schema.org\/BlogPosting\" itemprop=\"blogPost\" ><div class='avia_textblock  '   itemprop=\"text\" ><p style=\"text-align: center;\"><strong><span style=\"font-size: 18pt;\">Ad portas de convertirse en ley cuota de g\u00e9nero en la Pesca Artesanal<\/span><\/strong><\/p>\n<div id=\"gtx-trans\" style=\"position: absolute; left: -50px; top: 4.31534px;\">\n<div class=\"gtx-trans-icon\"><\/div>\n<\/div>\n<\/div><\/section><\/div>\n<div class=\"flex_column av_one_full  flex_column_div av-zero-column-padding first  avia-builder-el-4  el_after_av_one_full  el_before_av_hr  column-top-margin\" style='border-radius:0px; '><section class=\"av_textblock_section \"  itemscope=\"itemscope\" itemtype=\"https:\/\/schema.org\/BlogPosting\" itemprop=\"blogPost\" ><div class='avia_textblock  '   itemprop=\"text\" ><p style=\"text-align: justify;\">A tercer tr\u00e1mite despach\u00f3 el Senado el proyecto que busca visibilizar el rol de las mujeres en todas las \u00e1reas de la actividad pesquera y adecua definiciones a un lenguaje inclusivo.<\/p>\n<p style=\"text-align: justify;\">Por unanimidad, el Senado aprob\u00f3 el proyecto que modifica la ley N\u00b0 18.892, General de Pesca y Acuicultura, para establecer una cuota de g\u00e9nero en la integraci\u00f3n de los \u00f3rganos y el registro pesquero artesanal que ella regula, y adecua definiciones a un lenguaje inclusivo.<\/p>\n<p style=\"text-align: justify;\">El texto ahora deber\u00e1 ser abalizado por la C\u00e1mara de Diputados y Diputadas en tercer tr\u00e1mite constitucional, antes de convertirse en ley.<\/p>\n<p style=\"text-align: justify;\">La moci\u00f3n se fundamenta en la existencia de una reforma y modernizaci\u00f3n pendiente en nuestra legislaci\u00f3n pesquera, referida a la igualdad de g\u00e9nero en este \u00e1mbito.<\/p>\n<div class=\"contSubtit\" style=\"text-align: justify;\">\n<div class=\"titSubtit\">\n<div><\/div>\n<div id=\"vtxt_cuerpo_T0\">DETALLES DEL PROYECTO<\/div>\n<\/div>\n<\/div>\n<p style=\"text-align: justify;\">&#8211; Incorpora, la necesidad de considerar la perspectiva de g\u00e9nero y los efectos que de ella se generen, dentro de las directrices establecidas en la Ley General de Pesca y Acuicultura, como elementos que deben ser considerados al momento de la adopci\u00f3n de las medidas de conservaci\u00f3n, administraci\u00f3n y uso sustentable de los recursos hidrobiol\u00f3gicos, que constituyen el objetivo de dicha ley.<\/p>\n<p style=\"text-align: justify;\">&#8211; Dispone que, tanto en la pol\u00edtica pesquera nacional como en la pol\u00edtica nacional de acuicultura, se deber\u00e1 favorecer la igualdad de derechos y de oportunidades entre hombres y mujeres dentro del sector, procur\u00e1ndose la eliminaci\u00f3n, en el \u00e1mbito de sus competencias, de toda forma de discriminaci\u00f3n arbitraria basada en el g\u00e9nero; la plena participaci\u00f3n de las mujeres en los planos cultural, pol\u00edtico, econ\u00f3mico y social, y el ejercicio de sus derechos humanos y libertades fundamentales.<\/p>\n<p style=\"text-align: justify;\">&#8211; Establece la\u00a0paridad de g\u00e9nero\u00a0en la integraci\u00f3n de los Comit\u00e9s Cient\u00edficos T\u00e9cnicos, Comit\u00e9s de Manejo, Consejos Zonales de Pesca, Consejo Nacional de Pesca, Comisi\u00f3n Nacional de Acuicultura y, en general, en toda otra instancia de participaci\u00f3n que establezca nuestra legislaci\u00f3n en materia de recursos hidrobiol\u00f3gicos; estableciendo que en la integraci\u00f3n de estos organismos, los miembros electos de un g\u00e9nero no podr\u00e1n superar los 2\/3, respecto del g\u00e9nero contrario.<\/p>\n<p style=\"text-align: justify;\">&#8211; Impone a las autoridades, en especial a las involucradas en la conformaci\u00f3n de las instancias de representaci\u00f3n o participaci\u00f3n, el deber de propender a la equidad de g\u00e9nero en sus actuaciones o concesi\u00f3n de beneficios, en especial al determinar los registros que les corresponda conformar.<\/p>\n<p style=\"text-align: justify;\">&#8211; Incorpora a la Ley General de Pesca el concepto de \u201cactividades conexas\u201d las que identifica como aquellas que, sin ser actividades pesqueras artesanales propiamente tales, son indispensables para las faenas de la pesca artesanal; enumerando aquellas tareas que se enmarcan dentro de esta categor\u00eda, cada una de las cuales define en un lenguaje inclusivo de ambos g\u00e9neros.<\/p>\n<p style=\"text-align: justify;\">&#8211; Contempla como actividades conexas las de encarnar los anzuelos; charqueo y ahumado de los pescados; tejido de redes; y de procesamiento de los recursos marinos para su comercializaci\u00f3n y consumo (fileteado; carapacheo y desconchado)<\/p>\n<p style=\"text-align: justify;\">&#8211; Dispone que, para efectos de facilitar el acceso a los beneficios otorgados por los \u00f3rganos p\u00fablicos y privados, podr\u00e1n elaborarse una o m\u00e1s n\u00f3minas o\u00a0registros de actividades conexas\u00a0de la pesca artesanal, agrupadas a nivel regional, local, por actividad, antig\u00fcedad u otros criterios objetivos en los que los interesados podr\u00e1n inscribirse voluntariamente.<\/p>\n<p style=\"text-align: justify;\">&#8211; Dispone que en el Reglamento de la Ley de Pesca deber\u00e1n considerarse criterios que permitan disminuir las brechas de participaci\u00f3n de las mujeres en la conformaci\u00f3n del registro artesanal.<\/p>\n<p style=\"text-align: justify;\">&#8211; Establece que, de los 7 consejeros del Consejo nacional de Pesca que corresponde nombrar al Presidente de la Rep\u00fablica, con acuerdo del Senado, al menos 2 deber\u00e1n ser mujeres.<\/p>\n<p style=\"text-align: justify;\">-Incorpora las acciones de capacitaci\u00f3n orientadas a la disminuci\u00f3n de las brechas de g\u00e9nero, en la funci\u00f3n de promoci\u00f3n de la inclusi\u00f3n y la equidad de g\u00e9nero en las distintas etapas productivas del sector pesquero artesanal, que la ley otorga al Instituto Nacional de Desarrollo Sustentable de la Pesca Artesanal y de la Acuicultura de Peque\u00f1a Escala (INDESPA).<\/p>\n<p style=\"text-align: justify;\">&#8211; Otorga un plazo de 24 meses, contado desde la entrada en vigencia del presente proyecto como ley, para que los organismos que se se\u00f1alan en \u00e9ste, modifiquen sus reglamentos, ajustando sus mecanismos de elecci\u00f3n y designaci\u00f3n de sus miembros, en conformidad con la cuota de g\u00e9nero establecida.<\/p>\n<\/div><\/section><\/div><div  style='height:50px' class='hr hr-invisible   avia-builder-el-6  el_after_av_one_full  el_before_av_social_share '><span class='hr-inner ' ><span class='hr-inner-style'><\/span><\/span><\/div><\/p>\n<div  class='av-social-sharing-box  avia-builder-el-7  el_after_av_hr  el_before_av_hr  '><div class='av-share-box'><h5 class='av-share-link-description av-no-toc '>Compartir esta noticia<\/h5><ul class='av-share-box-list noLightbox'><li class='av-share-link av-social-link-facebook' ><a target=\"_blank\" aria-label=\"Compartir en Facebook\" href='https:\/\/www.facebook.com\/sharer.php?u=https:\/\/radiorevelacionfm.cl\/?p=4671&#038;t=Ad%20portas%20de%20convertirse%20en%20ley%20cuota%20de%20g%C3%A9nero%20en%20la%20Pesca%20Artesanal' aria-hidden='false' data-av_icon='\ue8f3' data-av_iconfont='entypo-fontello' title='' data-avia-related-tooltip='Compartir en Facebook' rel=\"noopener\"><span class='avia_hidden_link_text'>Compartir en Facebook<\/span><\/a><\/li><li class='av-share-link av-social-link-twitter' ><a target=\"_blank\" aria-label=\"Compartir en Twitter\" href='https:\/\/twitter.com\/share?text=Ad%20portas%20de%20convertirse%20en%20ley%20cuota%20de%20g%C3%A9nero%20en%20la%20Pesca%20Artesanal&#038;url=https:\/\/radiorevelacionfm.cl\/?p=4671' aria-hidden='false' data-av_icon='\ue8f1' data-av_iconfont='entypo-fontello' title='' data-avia-related-tooltip='Compartir en Twitter' rel=\"noopener\"><span class='avia_hidden_link_text'>Compartir en Twitter<\/span><\/a><\/li><li class='av-share-link av-social-link-whatsapp' ><a target=\"_blank\" aria-label=\"Compartir en Whatsapp\" href='https:\/\/api.whatsapp.com\/send?text=https:\/\/radiorevelacionfm.cl\/?p=4671' aria-hidden='false' data-av_icon='\uf232' data-av_iconfont='entypo-fontello' title='' data-avia-related-tooltip='Compartir en Whatsapp' rel=\"noopener\"><span class='avia_hidden_link_text'>Compartir en Whatsapp<\/span><\/a><\/li><li class='av-share-link av-social-link-linkedin' ><a target=\"_blank\" aria-label=\"Compartir en LinkedIn\" href='https:\/\/linkedin.com\/shareArticle?mini=true&#038;title=Ad%20portas%20de%20convertirse%20en%20ley%20cuota%20de%20g%C3%A9nero%20en%20la%20Pesca%20Artesanal&#038;url=https:\/\/radiorevelacionfm.cl\/?p=4671' aria-hidden='false' data-av_icon='\ue8fc' data-av_iconfont='entypo-fontello' title='' data-avia-related-tooltip='Compartir en LinkedIn' rel=\"noopener\"><span class='avia_hidden_link_text'>Compartir en LinkedIn<\/span><\/a><\/li><li class='av-share-link av-social-link-mail' ><a  aria-label=\"Compartir por correo\" href='mailto:?subject=Ad%20portas%20de%20convertirse%20en%20ley%20cuota%20de%20g%C3%A9nero%20en%20la%20Pesca%20Artesanal&#038;body=https:\/\/radiorevelacionfm.cl\/?p=4671' aria-hidden='false' data-av_icon='\ue805' data-av_iconfont='entypo-fontello' title='' data-avia-related-tooltip='Compartir por correo'><span class='avia_hidden_link_text'>Compartir por correo<\/span><\/a><\/li><\/ul><\/div><\/div>\n<div  style='height:50px' class='hr hr-invisible   avia-builder-el-8  el_after_av_social_share  el_before_av_comments_list '><span class='hr-inner ' ><span class='hr-inner-style'><\/span><\/span><\/div>\n<div  class='av-buildercomment  av-blog-meta-html-info-disabled av-blog-meta-tag-disabled  '><\/div>\n","protected":false},"excerpt":{"rendered":"","protected":false},"author":1,"featured_media":4672,"comment_status":"open","ping_status":"open","sticky":false,"template":"","format":"standard","meta":{"footnotes":""},"categories":[60,38],"tags":[],"class_list":["post-4671","post","type-post","status-publish","format-standard","has-post-thumbnail","hentry","category-pesca","category-regional"],"jetpack_featured_media_url":"https:\/\/radiorevelacionfm.cl\/wp-content\/uploads\/2021\/05\/Pescadoras-1.jpeg","_links":{"self":[{"href":"https:\/\/radiorevelacionfm.cl\/index.php?rest_route=\/wp\/v2\/posts\/4671","targetHints":{"allow":["GET"]}}],"collection":[{"href":"https:\/\/radiorevelacionfm.cl\/index.php?rest_route=\/wp\/v2\/posts"}],"about":[{"href":"https:\/\/radiorevelacionfm.cl\/index.php?rest_route=\/wp\/v2\/types\/post"}],"author":[{"embeddable":true,"href":"https:\/\/radiorevelacionfm.cl\/index.php?rest_route=\/wp\/v2\/users\/1"}],"replies":[{"embeddable":true,"href":"https:\/\/radiorevelacionfm.cl\/index.php?rest_route=%2Fwp%2Fv2%2Fcomments&post=4671"}],"version-history":[{"count":2,"href":"https:\/\/radiorevelacionfm.cl\/index.php?rest_route=\/wp\/v2\/posts\/4671\/revisions"}],"predecessor-version":[{"id":4717,"href":"https:\/\/radiorevelacionfm.cl\/index.php?rest_route=\/wp\/v2\/posts\/4671\/revisions\/4717"}],"wp:featuredmedia":[{"embeddable":true,"href":"https:\/\/radiorevelacionfm.cl\/index.php?rest_route=\/wp\/v2\/media\/4672"}],"wp:attachment":[{"href":"https:\/\/radiorevelacionfm.cl\/index.php?rest_route=%2Fwp%2Fv2%2Fmedia&parent=4671"}],"wp:term":[{"taxonomy":"category","embeddable":true,"href":"https:\/\/radiorevelacionfm.cl\/index.php?rest_route=%2Fwp%2Fv2%2Fcategories&post=4671"},{"taxonomy":"post_tag","embeddable":true,"href":"https:\/\/radiorevelacionfm.cl\/index.php?rest_route=%2Fwp%2Fv2%2Ftags&post=4671"}],"curies":[{"name":"wp","href":"https:\/\/api.w.org\/{rel}","templated":true}]}}