{"id":46708,"date":"2024-10-03T23:50:10","date_gmt":"2024-10-04T02:50:10","guid":{"rendered":"https:\/\/radiorevelacionfm.cl\/?p=46708"},"modified":"2024-10-03T23:50:10","modified_gmt":"2024-10-04T02:50:10","slug":"inauguran-33a-version-de-renav-encuentro-se-desarrolla-en-coyhaique","status":"publish","type":"post","link":"https:\/\/radiorevelacionfm.cl\/?p=46708","title":{"rendered":"Inauguran 33\u00aa versi\u00f3n de RENAV, encuentro se desarrolla en Coyhaique"},"content":{"rendered":"<div class=\"flex_column av_one_full  flex_column_div av-zero-column-padding first  avia-builder-el-0  el_before_av_one_full  avia-builder-el-first  \" style='border-radius:0px; '><div  class='avia-image-container  av-styling-    avia-builder-el-1  avia-builder-el-no-sibling  avia-align-center '  itemprop=\"image\" itemscope=\"itemscope\" itemtype=\"https:\/\/schema.org\/ImageObject\"  ><div class='avia-image-container-inner'><div class='avia-image-overlay-wrap'><img decoding=\"async\" class='wp-image-46709 avia-img-lazy-loading-not-46709 avia_image' src=\"https:\/\/radiorevelacionfm.cl\/wp-content\/uploads\/2024\/10\/Imagen-de-WhatsApp-2024-10-03-a-las-11.19.43_11f3548d-2-2.jpg\" alt='' title='Imagen de WhatsApp 2024-10-03 a las 11.19.43_11f3548d-2-2' height=\"600\" width=\"1285\"  itemprop=\"thumbnailUrl\" srcset=\"https:\/\/radiorevelacionfm.cl\/wp-content\/uploads\/2024\/10\/Imagen-de-WhatsApp-2024-10-03-a-las-11.19.43_11f3548d-2-2.jpg 1285w, https:\/\/radiorevelacionfm.cl\/wp-content\/uploads\/2024\/10\/Imagen-de-WhatsApp-2024-10-03-a-las-11.19.43_11f3548d-2-2-300x140.jpg 300w, https:\/\/radiorevelacionfm.cl\/wp-content\/uploads\/2024\/10\/Imagen-de-WhatsApp-2024-10-03-a-las-11.19.43_11f3548d-2-2-1030x481.jpg 1030w, https:\/\/radiorevelacionfm.cl\/wp-content\/uploads\/2024\/10\/Imagen-de-WhatsApp-2024-10-03-a-las-11.19.43_11f3548d-2-2-768x359.jpg 768w, https:\/\/radiorevelacionfm.cl\/wp-content\/uploads\/2024\/10\/Imagen-de-WhatsApp-2024-10-03-a-las-11.19.43_11f3548d-2-2-705x329.jpg 705w, https:\/\/radiorevelacionfm.cl\/wp-content\/uploads\/2024\/10\/Imagen-de-WhatsApp-2024-10-03-a-las-11.19.43_11f3548d-2-2-450x210.jpg 450w, https:\/\/radiorevelacionfm.cl\/wp-content\/uploads\/2024\/10\/Imagen-de-WhatsApp-2024-10-03-a-las-11.19.43_11f3548d-2-2-600x280.jpg 600w\" sizes=\"(max-width: 1285px) 100vw, 1285px\" \/><\/div><\/div><\/div><\/div><div class=\"flex_column av_one_full  flex_column_div av-zero-column-padding first  avia-builder-el-2  el_after_av_one_full  el_before_av_one_full  column-top-margin\" style='border-radius:0px; '><section class=\"av_textblock_section \"  itemscope=\"itemscope\" itemtype=\"https:\/\/schema.org\/BlogPosting\" itemprop=\"blogPost\" ><div class='avia_textblock  '   itemprop=\"text\" ><p style=\"text-align: center;\"><strong><span style=\"font-size: 18pt;\">Inauguran 33\u00aa versi\u00f3n de RENAV, encuentro se desarrolla en Coyhaique<\/span><\/strong><\/p>\n<div id=\"gtx-trans\" style=\"position: absolute; left: -50px; top: 4.31534px;\">\n<div class=\"gtx-trans-icon\"><\/div>\n<\/div>\n<\/div><\/section><\/div><div class=\"flex_column av_one_full  flex_column_div av-zero-column-padding first  avia-builder-el-4  el_after_av_one_full  el_before_av_hr  column-top-margin\" style='border-radius:0px; '><section class=\"av_textblock_section \"  itemscope=\"itemscope\" itemtype=\"https:\/\/schema.org\/BlogPosting\" itemprop=\"blogPost\" ><div class='avia_textblock  '   itemprop=\"text\" ><p style=\"text-align: justify;\"><em>El encuentro realizado en la ciudad de Coyhaique cont\u00f3 con la presencia del Ministro de Vivienda y Urbanismo Carlos Montes, de autoridades regionales y de la Mesa Nacional Directiva de la CChC.<\/em><\/p>\n<p style=\"text-align: justify;\"><em>La inauguraci\u00f3n fue un espacio para compartir el estado actual de la vivienda de inter\u00e9s social y las dificultades que enfrenta el sector para desarrollar sus proyectos en el marco de un creciente d\u00e9ficit habitacional.<\/em><\/p>\n<p style=\"text-align: justify;\">Las principales dificultades del sector de la vivienda de inter\u00e9s social y propuestas concretas para superarlos, formaron parte de la Reuni\u00f3n Anual de la Vivienda, RENAV, que en su versi\u00f3n n\u00famero 33 se desarroll\u00f3 en la ciudad de Coyhaique, en la regi\u00f3n de Ays\u00e9n.<\/p>\n<p style=\"text-align: justify;\">Respondiendo al car\u00e1cter nacional de este encuentro, RENAV 2024 congreg\u00f3 a cerca de 200 socios y socias de todo el pa\u00eds, quienes pudieron conocer la visi\u00f3n del gobierno, a trav\u00e9s del Ministro de Vivienda y Urbanismo Carlos Montes, quien particip\u00f3 en la ceremonia inaugural.<\/p>\n<p style=\"text-align: justify;\">El inicio de RENAV se realiz\u00f3 en el Museo Regional de Ays\u00e9n, una obra destacada por el rescate del patrimonio local, ocasi\u00f3n por la que le fue entregada la placa de los Premios Aporte Urbano PAU, reconocimiento que le fue otorgado en la versi\u00f3n de 2019.<\/p>\n<p style=\"text-align: justify;\">En la ceremonia inaugural el Ministro de Vivienda y Urbanismo Carlos Montes, destac\u00f3 la colaboraci\u00f3n que se refleja en la RENAV, un encuentro al que asegur\u00f3, asiste por tercera vez consecutiva, desde que asumi\u00f3 como titular de la cartera.<\/p>\n<p style=\"text-align: justify;\">El secretario de Estado sostuvo: \u201ctenemos desaf\u00edos civilizatorios que requieren energ\u00eda, fuerza, perspectivas de otro tipo. No basta el inmediatismo y pensar en el hoy d\u00eda nada m\u00e1s. En el sector de la construcci\u00f3n, en el marco de los grandes desaf\u00edos civilizatorios, sin duda es muy importante aportar en valores de convivencia y responsabilidad en la diversidad. Aportar en la creaci\u00f3n de empleo, las remuneraciones, la vivienda, los barrios, las ciudades\u201d.<\/p>\n<p style=\"text-align: justify;\">El presidente nacional de la CChC Alfredo Echavarr\u00eda, por su parte, destac\u00f3 el esp\u00edritu de este encuentro: \u201cRenav es una de las actividades gremiales m\u00e1s\u00a0tradicionales e importantes que organiza la C\u00e1mara Chilena de la Construcci\u00f3n. No solo por el tema que aborda, que es la satisfacci\u00f3n de una de las principales necesidades b\u00e1sicas de las personas, como es tener una vivienda digna para vivir. Tambi\u00e9n lo es porque aqu\u00ed, hist\u00f3ricamente, se ha producido un punto de encuentro y un verdadero trabajo colaborativo entre el sector p\u00fablico y el privado\u201d.<\/p>\n<p style=\"text-align: justify;\">Durante el encuentro, el presidente de la C\u00e1mara regional de Coyhaique, Pablo Carrasco, agradeci\u00f3 la presencia de las autoridades de gobierno y de la Mesa Nacional Directiva en esta versi\u00f3n de RENAV, afirmando que trabajar en combatir el d\u00e9ficit habitacional debe contar con un \u00e1nimo de colaboraci\u00f3n permanente.<\/p>\n<p style=\"text-align: justify;\">\u00abMe impresiona mucho este esp\u00edritu de trabajar en conjunto y buscar soluciones mediante el di\u00e1logo. Ese ha sido un poco la esencia de esta C\u00e1mara (Coyhaique). Tomamos la posta, tomamos la idea y la proponemos a nivel regional. A nivel regional es s\u00faper importante poder avanzar, en la descontaminaci\u00f3n, en desarrollo y esta alianza (p\u00fablico-privada), este di\u00e1logo, es parte fundamental, respecto de lo que queremos trabajar y c\u00f3mo debi\u00e9semos enfrentar el futuro\u00bb, sostuvo Pablo Carrasco.<\/p>\n<p style=\"text-align: justify;\">La Vicepresidenta del comit\u00e9 de vivienda de la CChC Carolina Mac\u00e1n, expuso un diagn\u00f3stico completo del estado actual de los constructores de viviendas de inter\u00e9s social, enfatizando las dificultades por las demoras y poca eficiencia de los permisos sectoriales, que dificultan el desarrollo de proyectos.<\/p>\n<p style=\"text-align: justify;\">Durante la inauguraci\u00f3n un grupo de ni\u00f1os y j\u00f3venes presentaron el tradicional baile Chamam\u00e9, una representaci\u00f3n de la cultura patag\u00f3nica, que data del siglo XVI y que da cuenta de los lazos de las comunidades que viven y se desarrollan en el territorio de la Patagonia chilena y argentina. La representaci\u00f3n estuvo a cargo de estudiantes de entre segundo b\u00e1sico y cuarto a\u00f1o medio del grupo \u201cProyecci\u00f3n Folcl\u00f3rica\u201d Escuela Baquedano.<\/p>\n<\/div><\/section><\/div><div  style='height:50px' class='hr hr-invisible   avia-builder-el-6  el_after_av_one_full  el_before_av_social_share '><span class='hr-inner ' ><span class='hr-inner-style'><\/span><\/span><\/div><\/p>\n<div  class='av-social-sharing-box  avia-builder-el-7  el_after_av_hr  el_before_av_hr  '><div class='av-share-box'><h5 class='av-share-link-description av-no-toc '>Compartir esta noticia<\/h5><ul class='av-share-box-list noLightbox'><li class='av-share-link av-social-link-facebook' ><a target=\"_blank\" aria-label=\"Compartir en Facebook\" href='https:\/\/www.facebook.com\/sharer.php?u=https:\/\/radiorevelacionfm.cl\/?p=46708&#038;t=Inauguran%2033%C2%AA%20versi%C3%B3n%20de%20RENAV%2C%20encuentro%20se%20desarrolla%20en%20Coyhaique' aria-hidden='false' data-av_icon='\ue8f3' data-av_iconfont='entypo-fontello' title='' data-avia-related-tooltip='Compartir en Facebook' rel=\"noopener\"><span class='avia_hidden_link_text'>Compartir en Facebook<\/span><\/a><\/li><li class='av-share-link av-social-link-twitter' ><a target=\"_blank\" aria-label=\"Compartir en Twitter\" href='https:\/\/twitter.com\/share?text=Inauguran%2033%C2%AA%20versi%C3%B3n%20de%20RENAV%2C%20encuentro%20se%20desarrolla%20en%20Coyhaique&#038;url=https:\/\/radiorevelacionfm.cl\/?p=46708' aria-hidden='false' data-av_icon='\ue8f1' data-av_iconfont='entypo-fontello' title='' data-avia-related-tooltip='Compartir en Twitter' rel=\"noopener\"><span class='avia_hidden_link_text'>Compartir en Twitter<\/span><\/a><\/li><li class='av-share-link av-social-link-whatsapp' ><a target=\"_blank\" aria-label=\"Compartir en Whatsapp\" href='https:\/\/api.whatsapp.com\/send?text=https:\/\/radiorevelacionfm.cl\/?p=46708' aria-hidden='false' data-av_icon='\uf232' data-av_iconfont='entypo-fontello' title='' data-avia-related-tooltip='Compartir en Whatsapp' rel=\"noopener\"><span class='avia_hidden_link_text'>Compartir en Whatsapp<\/span><\/a><\/li><li class='av-share-link av-social-link-linkedin' ><a target=\"_blank\" aria-label=\"Compartir en LinkedIn\" href='https:\/\/linkedin.com\/shareArticle?mini=true&#038;title=Inauguran%2033%C2%AA%20versi%C3%B3n%20de%20RENAV%2C%20encuentro%20se%20desarrolla%20en%20Coyhaique&#038;url=https:\/\/radiorevelacionfm.cl\/?p=46708' aria-hidden='false' data-av_icon='\ue8fc' data-av_iconfont='entypo-fontello' title='' data-avia-related-tooltip='Compartir en LinkedIn' rel=\"noopener\"><span class='avia_hidden_link_text'>Compartir en LinkedIn<\/span><\/a><\/li><li class='av-share-link av-social-link-mail' ><a  aria-label=\"Compartir por correo\" href='mailto:?subject=Inauguran%2033%C2%AA%20versi%C3%B3n%20de%20RENAV%2C%20encuentro%20se%20desarrolla%20en%20Coyhaique&#038;body=https:\/\/radiorevelacionfm.cl\/?p=46708' aria-hidden='false' data-av_icon='\ue805' data-av_iconfont='entypo-fontello' title='' data-avia-related-tooltip='Compartir por correo'><span class='avia_hidden_link_text'>Compartir por correo<\/span><\/a><\/li><\/ul><\/div><\/div>\n<div  style='height:50px' class='hr hr-invisible   avia-builder-el-8  el_after_av_social_share  el_before_av_comments_list '><span class='hr-inner ' ><span class='hr-inner-style'><\/span><\/span><\/div>\n<div  class='av-buildercomment  av-blog-meta-html-info-disabled av-blog-meta-tag-disabled  '><\/div>\n","protected":false},"excerpt":{"rendered":"","protected":false},"author":1,"featured_media":46709,"comment_status":"open","ping_status":"open","sticky":false,"template":"","format":"standard","meta":{"footnotes":""},"categories":[38],"tags":[],"class_list":["post-46708","post","type-post","status-publish","format-standard","has-post-thumbnail","hentry","category-regional"],"jetpack_featured_media_url":"https:\/\/radiorevelacionfm.cl\/wp-content\/uploads\/2024\/10\/Imagen-de-WhatsApp-2024-10-03-a-las-11.19.43_11f3548d-2-2.jpg","_links":{"self":[{"href":"https:\/\/radiorevelacionfm.cl\/index.php?rest_route=\/wp\/v2\/posts\/46708","targetHints":{"allow":["GET"]}}],"collection":[{"href":"https:\/\/radiorevelacionfm.cl\/index.php?rest_route=\/wp\/v2\/posts"}],"about":[{"href":"https:\/\/radiorevelacionfm.cl\/index.php?rest_route=\/wp\/v2\/types\/post"}],"author":[{"embeddable":true,"href":"https:\/\/radiorevelacionfm.cl\/index.php?rest_route=\/wp\/v2\/users\/1"}],"replies":[{"embeddable":true,"href":"https:\/\/radiorevelacionfm.cl\/index.php?rest_route=%2Fwp%2Fv2%2Fcomments&post=46708"}],"version-history":[{"count":1,"href":"https:\/\/radiorevelacionfm.cl\/index.php?rest_route=\/wp\/v2\/posts\/46708\/revisions"}],"predecessor-version":[{"id":46710,"href":"https:\/\/radiorevelacionfm.cl\/index.php?rest_route=\/wp\/v2\/posts\/46708\/revisions\/46710"}],"wp:featuredmedia":[{"embeddable":true,"href":"https:\/\/radiorevelacionfm.cl\/index.php?rest_route=\/wp\/v2\/media\/46709"}],"wp:attachment":[{"href":"https:\/\/radiorevelacionfm.cl\/index.php?rest_route=%2Fwp%2Fv2%2Fmedia&parent=46708"}],"wp:term":[{"taxonomy":"category","embeddable":true,"href":"https:\/\/radiorevelacionfm.cl\/index.php?rest_route=%2Fwp%2Fv2%2Fcategories&post=46708"},{"taxonomy":"post_tag","embeddable":true,"href":"https:\/\/radiorevelacionfm.cl\/index.php?rest_route=%2Fwp%2Fv2%2Ftags&post=46708"}],"curies":[{"name":"wp","href":"https:\/\/api.w.org\/{rel}","templated":true}]}}