{"id":46705,"date":"2024-10-03T12:24:40","date_gmt":"2024-10-03T15:24:40","guid":{"rendered":"https:\/\/radiorevelacionfm.cl\/?p=46705"},"modified":"2024-10-03T12:24:40","modified_gmt":"2024-10-03T15:24:40","slug":"coyhaique-exitosa-muestra-de-juventudes-regionales-se-tomo-la-plaza-con-emprendimiento-musica-charlas-y-concursos","status":"publish","type":"post","link":"https:\/\/radiorevelacionfm.cl\/?p=46705","title":{"rendered":"Coyhaique: Exitosa Muestra de Juventudes Regionales se tom\u00f3 la plaza con emprendimiento, m\u00fasica, charlas y concursos"},"content":{"rendered":"<div class=\"flex_column av_one_full  flex_column_div av-zero-column-padding first  avia-builder-el-0  el_before_av_one_full  avia-builder-el-first  \" style='border-radius:0px; '><div  class='avia-image-container  av-styling-    avia-builder-el-1  avia-builder-el-no-sibling  avia-align-center '  itemprop=\"image\" itemscope=\"itemscope\" itemtype=\"https:\/\/schema.org\/ImageObject\"  ><div class='avia-image-container-inner'><div class='avia-image-overlay-wrap'><img decoding=\"async\" class='wp-image-46706 avia-img-lazy-loading-not-46706 avia_image' src=\"https:\/\/radiorevelacionfm.cl\/wp-content\/uploads\/2024\/10\/mjr-2_optimized-2.jpeg\" alt='' title='mjr-2_optimized-2' height=\"600\" width=\"1067\"  itemprop=\"thumbnailUrl\" srcset=\"https:\/\/radiorevelacionfm.cl\/wp-content\/uploads\/2024\/10\/mjr-2_optimized-2.jpeg 1067w, https:\/\/radiorevelacionfm.cl\/wp-content\/uploads\/2024\/10\/mjr-2_optimized-2-300x169.jpeg 300w, https:\/\/radiorevelacionfm.cl\/wp-content\/uploads\/2024\/10\/mjr-2_optimized-2-1030x579.jpeg 1030w, https:\/\/radiorevelacionfm.cl\/wp-content\/uploads\/2024\/10\/mjr-2_optimized-2-768x432.jpeg 768w, https:\/\/radiorevelacionfm.cl\/wp-content\/uploads\/2024\/10\/mjr-2_optimized-2-705x396.jpeg 705w, https:\/\/radiorevelacionfm.cl\/wp-content\/uploads\/2024\/10\/mjr-2_optimized-2-450x253.jpeg 450w, https:\/\/radiorevelacionfm.cl\/wp-content\/uploads\/2024\/10\/mjr-2_optimized-2-600x337.jpeg 600w\" sizes=\"(max-width: 1067px) 100vw, 1067px\" \/><\/div><\/div><\/div><\/div><div class=\"flex_column av_one_full  flex_column_div av-zero-column-padding first  avia-builder-el-2  el_after_av_one_full  el_before_av_one_full  column-top-margin\" style='border-radius:0px; '><section class=\"av_textblock_section \"  itemscope=\"itemscope\" itemtype=\"https:\/\/schema.org\/BlogPosting\" itemprop=\"blogPost\" ><div class='avia_textblock  '   itemprop=\"text\" ><p style=\"text-align: center;\"><span style=\"font-size: 18pt;\"><strong>Coyhaique: Exitosa Muestra de Juventudes Regionales se tom\u00f3 la plaza con emprendimiento, m\u00fasica, charlas y concursos <\/strong><\/span><\/p>\n<div id=\"gtx-trans\" style=\"position: absolute; left: -50px; top: 4.31534px;\">\n<div class=\"gtx-trans-icon\"><\/div>\n<\/div>\n<\/div><\/section><\/div><div class=\"flex_column av_one_full  flex_column_div av-zero-column-padding first  avia-builder-el-4  el_after_av_one_full  el_before_av_hr  column-top-margin\" style='border-radius:0px; '><section class=\"av_textblock_section \"  itemscope=\"itemscope\" itemtype=\"https:\/\/schema.org\/BlogPosting\" itemprop=\"blogPost\" ><div class='avia_textblock  '   itemprop=\"text\" ><p style=\"text-align: justify;\"><em>El evento, impulsado por el FOSIS y financiada por el 8% del FNDR, permiti\u00f3 a las personas emprendedoras que participaron vender cerca de 3 millones de pesos.<\/em><\/p>\n<p style=\"text-align: justify;\">La Muestra de Juventudes Regionales se llev\u00f3 a cabo en la Plaza de Armas de Coyhaique y cont\u00f3 con la especial presencia del director nacional del FOSIS, Nicol\u00e1s Navarrete. Esta iniciativa fue ejecutada por el Fondo de Solidaridad e Inversi\u00f3n Social, FOSIS y financiada gracias al 8% del Fondo Nacional de Desarrollo Regional (FNDR) con recursos aprobados por el Gobierno Regional de Ays\u00e9n y su Consejo.<\/p>\n<p style=\"text-align: justify;\">La muestra cont\u00f3 con 15 stands de juventudes emprendedoras quienes lograron vender cerca de 3 millones de pesos en total. El evento tambi\u00e9n incluy\u00f3 un concurso de cosplay y una carpa donde se realizaron torneos de cartas Pok\u00e9mon dirigido por Gamehouse y un torneo del videojuego King of Fighters a cargo de la agrupaci\u00f3n Just Keep Fighting.<\/p>\n<p style=\"text-align: justify;\">El director nacional del FOSIS, Nicol\u00e1s Navarrete, destac\u00f3 que \u201cfueron 15 emprendimiento liderado por juventudes que trabajan d\u00eda a d\u00eda por confeccionar sus productos. Es un tremendo panorama que hemos trabajado en conjunto con el Gobierno Regional para apoyar a los emprendedores y emprendedoras y ofrecer un excelente panorama a todas las familias de la comuna de Coyhaique\u201d.<\/p>\n<p style=\"text-align: justify;\">Victoria Paillapan, emprendedora de <em>Athenia Joyas, <\/em>coment\u00f3 que \u201cme parece maravilloso que nos den la oportunidad de mostrar nuestros emprendimientos. La mayor\u00eda de los emprendedores somos j\u00f3venes y es un camino complicado porque dependemos 100% de nuestros clientes. Esta es una oportunidad m\u00e1s para poder mostrar y vender nuestros productos. Yo hab\u00eda participado en otras ferias y nunca me hab\u00eda ido tan bien como en esta muestra\u201d.<\/p>\n<p style=\"text-align: justify;\">El delegado presidencial regional, Rodrigo Araya, asegur\u00f3 que \u201ceste proyecto que levant\u00f3 el FOSIS es fundamental para mostrar que la juventud tiene mucho que aportar y hacer en nuestra sociedad, no solamente en lo deportivo y cultural sino que tambi\u00e9n en lo productivo y ac\u00e1 vemos ese ejemplo, ellos quieren conquistar el mundo. Esperamos que muestras de este tipo los vayan potenciando y visibilizando ante la comunidad\u201d.<\/p>\n<p style=\"text-align: justify;\">Gabriel Silva de <em>Patantoys<\/em> valor\u00f3 positivamente su participaci\u00f3n en la Muestra de Juventudes Regionales y agreg\u00f3 que \u201clas ventas estuvieron espectaculares y el evento tambi\u00e9n. Yo que fui invitado, me pareci\u00f3 excelente, un siete, nos trataron s\u00faper bien, fuero amables y atentos. La carpa tambi\u00e9n todo, todo espectacular, diez de diez\u201d.<\/p>\n<p style=\"text-align: justify;\">Fernanda Leiva, directora regional del FOSIS en Ays\u00e9n, recalc\u00f3 que \u201dhemos abierto este espacio donde han participado j\u00f3venes que nos mostraron su trabajo, capacidades y talentos. Estamos muy contentos por la alianza de trabajo con el Gobierno Regional de Ays\u00e9n y su Consejo que nos ha permitido generar este espacio de encuentro y de visibilizaci\u00f3n del potencial que tienen las juventudes de nuestra comuna\u201d.<\/p>\n<p style=\"text-align: justify;\">Las presentaciones art\u00edsticas incluyeron a la agrupaci\u00f3n Danza y Tradici\u00f3n, los grupos de baile K-pop Monsters y Day One y Felipe y su acorde\u00f3n. En las charlas abiertas a la comunidad y orientadas a las juventudes participaron el INJUV, INDH, Prodemu, Banco Estado y el Cesfam Alejandro Guti\u00e9rrez.<\/p>\n<p style=\"text-align: justify;\">La inauguraci\u00f3n de la actividad cont\u00f3 con la presencia del director nacional del FOSIS, Nicol\u00e1s Navarrete; el delegado presidencial regional de Ays\u00e9n, Rodrigo Araya; la representante del Gobierno Regional de Ays\u00e9n, Vania C\u00e1ceres; el seremi de econom\u00eda, Felipe Rojas; la directora regional del FOSIS, Fernanda Leiva; la directora regional de PRODEMU, Ingrid Osorio; la directora regional del SERCOTEC, Nelly Vargas y la directora regional de INDAP, Yessica Lagos.<\/p>\n<\/div><\/section><\/div><div  style='height:50px' class='hr hr-invisible   avia-builder-el-6  el_after_av_one_full  el_before_av_social_share '><span class='hr-inner ' ><span class='hr-inner-style'><\/span><\/span><\/div><\/p>\n<div  class='av-social-sharing-box  avia-builder-el-7  el_after_av_hr  el_before_av_hr  '><div class='av-share-box'><h5 class='av-share-link-description av-no-toc '>Compartir esta noticia<\/h5><ul class='av-share-box-list noLightbox'><li class='av-share-link av-social-link-facebook' ><a target=\"_blank\" aria-label=\"Compartir en Facebook\" href='https:\/\/www.facebook.com\/sharer.php?u=https:\/\/radiorevelacionfm.cl\/?p=46705&#038;t=Coyhaique%3A%20Exitosa%20Muestra%20de%20Juventudes%20Regionales%20se%20tom%C3%B3%20la%20plaza%20con%20emprendimiento%2C%20m%C3%BAsica%2C%20charlas%20y%20concursos' aria-hidden='false' data-av_icon='\ue8f3' data-av_iconfont='entypo-fontello' title='' data-avia-related-tooltip='Compartir en Facebook' rel=\"noopener\"><span class='avia_hidden_link_text'>Compartir en Facebook<\/span><\/a><\/li><li class='av-share-link av-social-link-twitter' ><a target=\"_blank\" aria-label=\"Compartir en Twitter\" href='https:\/\/twitter.com\/share?text=Coyhaique%3A%20Exitosa%20Muestra%20de%20Juventudes%20Regionales%20se%20tom%C3%B3%20la%20plaza%20con%20emprendimiento%2C%20m%C3%BAsica%2C%20charlas%20y%20concursos&#038;url=https:\/\/radiorevelacionfm.cl\/?p=46705' aria-hidden='false' data-av_icon='\ue8f1' data-av_iconfont='entypo-fontello' title='' data-avia-related-tooltip='Compartir en Twitter' rel=\"noopener\"><span class='avia_hidden_link_text'>Compartir en Twitter<\/span><\/a><\/li><li class='av-share-link av-social-link-whatsapp' ><a target=\"_blank\" aria-label=\"Compartir en Whatsapp\" href='https:\/\/api.whatsapp.com\/send?text=https:\/\/radiorevelacionfm.cl\/?p=46705' aria-hidden='false' data-av_icon='\uf232' data-av_iconfont='entypo-fontello' title='' data-avia-related-tooltip='Compartir en Whatsapp' rel=\"noopener\"><span class='avia_hidden_link_text'>Compartir en Whatsapp<\/span><\/a><\/li><li class='av-share-link av-social-link-linkedin' ><a target=\"_blank\" aria-label=\"Compartir en LinkedIn\" href='https:\/\/linkedin.com\/shareArticle?mini=true&#038;title=Coyhaique%3A%20Exitosa%20Muestra%20de%20Juventudes%20Regionales%20se%20tom%C3%B3%20la%20plaza%20con%20emprendimiento%2C%20m%C3%BAsica%2C%20charlas%20y%20concursos&#038;url=https:\/\/radiorevelacionfm.cl\/?p=46705' aria-hidden='false' data-av_icon='\ue8fc' data-av_iconfont='entypo-fontello' title='' data-avia-related-tooltip='Compartir en LinkedIn' rel=\"noopener\"><span class='avia_hidden_link_text'>Compartir en LinkedIn<\/span><\/a><\/li><li class='av-share-link av-social-link-mail' ><a  aria-label=\"Compartir por correo\" href='mailto:?subject=Coyhaique%3A%20Exitosa%20Muestra%20de%20Juventudes%20Regionales%20se%20tom%C3%B3%20la%20plaza%20con%20emprendimiento%2C%20m%C3%BAsica%2C%20charlas%20y%20concursos&#038;body=https:\/\/radiorevelacionfm.cl\/?p=46705' aria-hidden='false' data-av_icon='\ue805' data-av_iconfont='entypo-fontello' title='' data-avia-related-tooltip='Compartir por correo'><span class='avia_hidden_link_text'>Compartir por correo<\/span><\/a><\/li><\/ul><\/div><\/div>\n<div  style='height:50px' class='hr hr-invisible   avia-builder-el-8  el_after_av_social_share  el_before_av_comments_list '><span class='hr-inner ' ><span class='hr-inner-style'><\/span><\/span><\/div>\n<div  class='av-buildercomment  av-blog-meta-html-info-disabled av-blog-meta-tag-disabled  '><\/div>\n","protected":false},"excerpt":{"rendered":"","protected":false},"author":1,"featured_media":46706,"comment_status":"open","ping_status":"open","sticky":false,"template":"","format":"standard","meta":{"footnotes":""},"categories":[38],"tags":[],"class_list":["post-46705","post","type-post","status-publish","format-standard","has-post-thumbnail","hentry","category-regional"],"jetpack_featured_media_url":"https:\/\/radiorevelacionfm.cl\/wp-content\/uploads\/2024\/10\/mjr-2_optimized-2.jpeg","_links":{"self":[{"href":"https:\/\/radiorevelacionfm.cl\/index.php?rest_route=\/wp\/v2\/posts\/46705","targetHints":{"allow":["GET"]}}],"collection":[{"href":"https:\/\/radiorevelacionfm.cl\/index.php?rest_route=\/wp\/v2\/posts"}],"about":[{"href":"https:\/\/radiorevelacionfm.cl\/index.php?rest_route=\/wp\/v2\/types\/post"}],"author":[{"embeddable":true,"href":"https:\/\/radiorevelacionfm.cl\/index.php?rest_route=\/wp\/v2\/users\/1"}],"replies":[{"embeddable":true,"href":"https:\/\/radiorevelacionfm.cl\/index.php?rest_route=%2Fwp%2Fv2%2Fcomments&post=46705"}],"version-history":[{"count":1,"href":"https:\/\/radiorevelacionfm.cl\/index.php?rest_route=\/wp\/v2\/posts\/46705\/revisions"}],"predecessor-version":[{"id":46707,"href":"https:\/\/radiorevelacionfm.cl\/index.php?rest_route=\/wp\/v2\/posts\/46705\/revisions\/46707"}],"wp:featuredmedia":[{"embeddable":true,"href":"https:\/\/radiorevelacionfm.cl\/index.php?rest_route=\/wp\/v2\/media\/46706"}],"wp:attachment":[{"href":"https:\/\/radiorevelacionfm.cl\/index.php?rest_route=%2Fwp%2Fv2%2Fmedia&parent=46705"}],"wp:term":[{"taxonomy":"category","embeddable":true,"href":"https:\/\/radiorevelacionfm.cl\/index.php?rest_route=%2Fwp%2Fv2%2Fcategories&post=46705"},{"taxonomy":"post_tag","embeddable":true,"href":"https:\/\/radiorevelacionfm.cl\/index.php?rest_route=%2Fwp%2Fv2%2Ftags&post=46705"}],"curies":[{"name":"wp","href":"https:\/\/api.w.org\/{rel}","templated":true}]}}