{"id":46702,"date":"2024-10-03T11:21:43","date_gmt":"2024-10-03T14:21:43","guid":{"rendered":"https:\/\/radiorevelacionfm.cl\/?p=46702"},"modified":"2024-10-03T11:21:43","modified_gmt":"2024-10-03T14:21:43","slug":"nuevo-centro-de-salud-mental-comunitaria-en-aysen-tiene-42-de-avance","status":"publish","type":"post","link":"https:\/\/radiorevelacionfm.cl\/?p=46702","title":{"rendered":"Nuevo Centro de Salud Mental Comunitaria en Ays\u00e9n tiene 42% de avance"},"content":{"rendered":"<div class=\"flex_column av_one_full  flex_column_div av-zero-column-padding first  avia-builder-el-0  el_before_av_one_full  avia-builder-el-first  \" style='border-radius:0px; '><div  class='avia-image-container  av-styling-    avia-builder-el-1  avia-builder-el-no-sibling  avia-align-center '  itemprop=\"image\" itemscope=\"itemscope\" itemtype=\"https:\/\/schema.org\/ImageObject\"  ><div class='avia-image-container-inner'><div class='avia-image-overlay-wrap'><img decoding=\"async\" class='wp-image-46703 avia-img-lazy-loading-not-46703 avia_image' src=\"https:\/\/radiorevelacionfm.cl\/wp-content\/uploads\/2024\/10\/whatsapp-image-2024-10-03-at-10_optimized.22.58-am-2-2.jpeg\" alt='' title='whatsapp-image-2024-10-03-at-10_optimized.22.58-am-2-2' height=\"600\" width=\"901\"  itemprop=\"thumbnailUrl\" srcset=\"https:\/\/radiorevelacionfm.cl\/wp-content\/uploads\/2024\/10\/whatsapp-image-2024-10-03-at-10_optimized.22.58-am-2-2.jpeg 901w, https:\/\/radiorevelacionfm.cl\/wp-content\/uploads\/2024\/10\/whatsapp-image-2024-10-03-at-10_optimized.22.58-am-2-2-300x200.jpeg 300w, https:\/\/radiorevelacionfm.cl\/wp-content\/uploads\/2024\/10\/whatsapp-image-2024-10-03-at-10_optimized.22.58-am-2-2-768x511.jpeg 768w, https:\/\/radiorevelacionfm.cl\/wp-content\/uploads\/2024\/10\/whatsapp-image-2024-10-03-at-10_optimized.22.58-am-2-2-705x469.jpeg 705w, https:\/\/radiorevelacionfm.cl\/wp-content\/uploads\/2024\/10\/whatsapp-image-2024-10-03-at-10_optimized.22.58-am-2-2-450x300.jpeg 450w, https:\/\/radiorevelacionfm.cl\/wp-content\/uploads\/2024\/10\/whatsapp-image-2024-10-03-at-10_optimized.22.58-am-2-2-600x400.jpeg 600w\" sizes=\"(max-width: 901px) 100vw, 901px\" \/><\/div><\/div><\/div><\/div><div class=\"flex_column av_one_full  flex_column_div av-zero-column-padding first  avia-builder-el-2  el_after_av_one_full  el_before_av_one_full  column-top-margin\" style='border-radius:0px; '><section class=\"av_textblock_section \"  itemscope=\"itemscope\" itemtype=\"https:\/\/schema.org\/BlogPosting\" itemprop=\"blogPost\" ><div class='avia_textblock  '   itemprop=\"text\" ><p style=\"text-align: center;\"><span style=\"font-size: 18pt;\"><b>Nuevo Centro de Salud Mental Comunitaria en Ays\u00e9n tiene 42% de avance<\/b><\/span><\/p>\n<div id=\"gtx-trans\" style=\"position: absolute; left: -50px; top: 4.31534px;\">\n<div class=\"gtx-trans-icon\"><\/div>\n<\/div>\n<\/div><\/section><\/div><div class=\"flex_column av_one_full  flex_column_div av-zero-column-padding first  avia-builder-el-4  el_after_av_one_full  el_before_av_hr  column-top-margin\" style='border-radius:0px; '><section class=\"av_textblock_section \"  itemscope=\"itemscope\" itemtype=\"https:\/\/schema.org\/BlogPosting\" itemprop=\"blogPost\" ><div class='avia_textblock  '   itemprop=\"text\" ><p style=\"text-align: justify;\">Un 42% de avance registra la construcci\u00f3n del Centro de Salud Mental Comunitaria, COSAM Puerto Ays\u00e9n, uno de los 15 anunciados por el Presidente Gabriel Boric Font, en la \u00faltima Cuenta P\u00fablica y confirmados en el proyecto de Ley de Presupuesto 2025.<\/p>\n<p style=\"text-align: justify;\">El Delegado Presidencial Regional, Rodrigo Araya, junto a su par provincial Jorge D\u00edaz, y al director del Servicio de Salud, Juan Pablo Bravo, constat\u00f3 las obras que se extienden en m\u00e1s de 200 metros cuadrados, mediante una inversi\u00f3n sectorial que supera los 350 millones de pesos.<\/p>\n<p style=\"text-align: justify;\">En este sentido, el Delegado Regional valor\u00f3 la importancia de consolidar los avances en seguridad p\u00fablica, seguridad econ\u00f3mica y seguridad social, en este caso, entregando respuesta sanitaria a las necesidades de prevenci\u00f3n y tratamiento en salud mental, de forma complementaria al Centro de Salud Mental Comunitaria, COSAM Coyhaique.<\/p>\n<p style=\"text-align: justify;\">\u201cEste es uno de los compromisos que nuestro Presidente ha mencionado, donde habl\u00f3 de la importancia de desarrollar los dispositivos de salud mental y anunci\u00f3 que para 2025 debi\u00e9ramos tener 15 nuevos COSAM, Centros de Salud Mental Comunitaria en todo el pa\u00eds. Este es uno de ellos y esperamos que sea uno de los primeros construidos para el cumplimiento de la meta presidencial, entrando en funcionamiento durante el primer trimestre del pr\u00f3ximo a\u00f1o. De forma paralela, se han cumplido todas las etapas con el nombramiento del nuevo director del COSAM, implementaci\u00f3n, contrataci\u00f3n de los profesionales e infraestructura de este dispositivo que el primer trimestre estar\u00e1 a disposici\u00f3n de la comunidad\u201d, indic\u00f3 Rodrigo Araya.<\/p>\n<p style=\"text-align: justify;\">Juan Pablo Bravo detall\u00f3 que el nuevo COSAM tendr\u00e1 un \u00e1rea t\u00e9cnica con seis box de atenci\u00f3n y sala de seguimiento de entrevistas; \u00e1rea de administraci\u00f3n con SOME y sala de espera; \u00e1rea de servicios generales y \u00e1rea de apoyo, destinadas a brindar un servicio de calidad a usuarias y usuarios, como al equipo de profesionales, t\u00e9cnicos y administrativos que prestar\u00e1n funciones en estas dependencias.<\/p>\n<p style=\"text-align: justify;\">\u201cEl proyecto lleva un 42 por ciento de avance, est\u00e1 planificado culminar en el mes de diciembre e inaugurar en el primer trimestre del pr\u00f3ximo a\u00f1o. Esta es una excelente noticia para Ays\u00e9n, ya que el COSAM da el componente comunitario a la salud mental, es decir, trabajar con agrupaciones, usuarios, y salir extramuros para trabajar la salud mental en conjunto con las distintas instituciones. De este modo, el primer trimestre del a\u00f1o 2025 vamos a inaugurar este COSAM, que es tambi\u00e9n un compromiso del Presidente\u201d, enfatiz\u00f3.<\/p>\n<p style=\"text-align: justify;\">El nuevo Centro de Salud Mental Comunitaria, COSAM Puerto Ays\u00e9n, est\u00e1 siendo edificado por Constructora V\u00edctor del Carmen Arteaga Arteaga en calle Bernardo O\u2019Higgins 571, considerando ocupaci\u00f3n, habilitaci\u00f3n y ampliaci\u00f3n del inmueble de la ex gobernaci\u00f3n provincial de Ays\u00e9n.<\/p>\n<\/div><\/section><\/div><div  style='height:50px' class='hr hr-invisible   avia-builder-el-6  el_after_av_one_full  el_before_av_social_share '><span class='hr-inner ' ><span class='hr-inner-style'><\/span><\/span><\/div><\/p>\n<div  class='av-social-sharing-box  avia-builder-el-7  el_after_av_hr  el_before_av_hr  '><div class='av-share-box'><h5 class='av-share-link-description av-no-toc '>Compartir esta noticia<\/h5><ul class='av-share-box-list noLightbox'><li class='av-share-link av-social-link-facebook' ><a target=\"_blank\" aria-label=\"Compartir en Facebook\" href='https:\/\/www.facebook.com\/sharer.php?u=https:\/\/radiorevelacionfm.cl\/?p=46702&#038;t=Nuevo%20Centro%20de%20Salud%20Mental%20Comunitaria%20en%20Ays%C3%A9n%20tiene%2042%25%20de%20avance' aria-hidden='false' data-av_icon='\ue8f3' data-av_iconfont='entypo-fontello' title='' data-avia-related-tooltip='Compartir en Facebook' rel=\"noopener\"><span class='avia_hidden_link_text'>Compartir en Facebook<\/span><\/a><\/li><li class='av-share-link av-social-link-twitter' ><a target=\"_blank\" aria-label=\"Compartir en Twitter\" href='https:\/\/twitter.com\/share?text=Nuevo%20Centro%20de%20Salud%20Mental%20Comunitaria%20en%20Ays%C3%A9n%20tiene%2042%25%20de%20avance&#038;url=https:\/\/radiorevelacionfm.cl\/?p=46702' aria-hidden='false' data-av_icon='\ue8f1' data-av_iconfont='entypo-fontello' title='' data-avia-related-tooltip='Compartir en Twitter' rel=\"noopener\"><span class='avia_hidden_link_text'>Compartir en Twitter<\/span><\/a><\/li><li class='av-share-link av-social-link-whatsapp' ><a target=\"_blank\" aria-label=\"Compartir en Whatsapp\" href='https:\/\/api.whatsapp.com\/send?text=https:\/\/radiorevelacionfm.cl\/?p=46702' aria-hidden='false' data-av_icon='\uf232' data-av_iconfont='entypo-fontello' title='' data-avia-related-tooltip='Compartir en Whatsapp' rel=\"noopener\"><span class='avia_hidden_link_text'>Compartir en Whatsapp<\/span><\/a><\/li><li class='av-share-link av-social-link-linkedin' ><a target=\"_blank\" aria-label=\"Compartir en LinkedIn\" href='https:\/\/linkedin.com\/shareArticle?mini=true&#038;title=Nuevo%20Centro%20de%20Salud%20Mental%20Comunitaria%20en%20Ays%C3%A9n%20tiene%2042%25%20de%20avance&#038;url=https:\/\/radiorevelacionfm.cl\/?p=46702' aria-hidden='false' data-av_icon='\ue8fc' data-av_iconfont='entypo-fontello' title='' data-avia-related-tooltip='Compartir en LinkedIn' rel=\"noopener\"><span class='avia_hidden_link_text'>Compartir en LinkedIn<\/span><\/a><\/li><li class='av-share-link av-social-link-mail' ><a  aria-label=\"Compartir por correo\" href='mailto:?subject=Nuevo%20Centro%20de%20Salud%20Mental%20Comunitaria%20en%20Ays%C3%A9n%20tiene%2042%25%20de%20avance&#038;body=https:\/\/radiorevelacionfm.cl\/?p=46702' aria-hidden='false' data-av_icon='\ue805' data-av_iconfont='entypo-fontello' title='' data-avia-related-tooltip='Compartir por correo'><span class='avia_hidden_link_text'>Compartir por correo<\/span><\/a><\/li><\/ul><\/div><\/div>\n<div  style='height:50px' class='hr hr-invisible   avia-builder-el-8  el_after_av_social_share  el_before_av_comments_list '><span class='hr-inner ' ><span class='hr-inner-style'><\/span><\/span><\/div>\n<div  class='av-buildercomment  av-blog-meta-html-info-disabled av-blog-meta-tag-disabled  '><\/div>\n","protected":false},"excerpt":{"rendered":"","protected":false},"author":1,"featured_media":46703,"comment_status":"open","ping_status":"open","sticky":false,"template":"","format":"standard","meta":{"footnotes":""},"categories":[38],"tags":[],"class_list":["post-46702","post","type-post","status-publish","format-standard","has-post-thumbnail","hentry","category-regional"],"jetpack_featured_media_url":"https:\/\/radiorevelacionfm.cl\/wp-content\/uploads\/2024\/10\/whatsapp-image-2024-10-03-at-10_optimized.22.58-am-2-2.jpeg","_links":{"self":[{"href":"https:\/\/radiorevelacionfm.cl\/index.php?rest_route=\/wp\/v2\/posts\/46702","targetHints":{"allow":["GET"]}}],"collection":[{"href":"https:\/\/radiorevelacionfm.cl\/index.php?rest_route=\/wp\/v2\/posts"}],"about":[{"href":"https:\/\/radiorevelacionfm.cl\/index.php?rest_route=\/wp\/v2\/types\/post"}],"author":[{"embeddable":true,"href":"https:\/\/radiorevelacionfm.cl\/index.php?rest_route=\/wp\/v2\/users\/1"}],"replies":[{"embeddable":true,"href":"https:\/\/radiorevelacionfm.cl\/index.php?rest_route=%2Fwp%2Fv2%2Fcomments&post=46702"}],"version-history":[{"count":1,"href":"https:\/\/radiorevelacionfm.cl\/index.php?rest_route=\/wp\/v2\/posts\/46702\/revisions"}],"predecessor-version":[{"id":46704,"href":"https:\/\/radiorevelacionfm.cl\/index.php?rest_route=\/wp\/v2\/posts\/46702\/revisions\/46704"}],"wp:featuredmedia":[{"embeddable":true,"href":"https:\/\/radiorevelacionfm.cl\/index.php?rest_route=\/wp\/v2\/media\/46703"}],"wp:attachment":[{"href":"https:\/\/radiorevelacionfm.cl\/index.php?rest_route=%2Fwp%2Fv2%2Fmedia&parent=46702"}],"wp:term":[{"taxonomy":"category","embeddable":true,"href":"https:\/\/radiorevelacionfm.cl\/index.php?rest_route=%2Fwp%2Fv2%2Fcategories&post=46702"},{"taxonomy":"post_tag","embeddable":true,"href":"https:\/\/radiorevelacionfm.cl\/index.php?rest_route=%2Fwp%2Fv2%2Ftags&post=46702"}],"curies":[{"name":"wp","href":"https:\/\/api.w.org\/{rel}","templated":true}]}}