{"id":46695,"date":"2024-10-02T21:51:17","date_gmt":"2024-10-03T00:51:17","guid":{"rendered":"https:\/\/radiorevelacionfm.cl\/?p=46695"},"modified":"2024-10-02T21:51:36","modified_gmt":"2024-10-03T00:51:36","slug":"en-raul-marin-balmaceda-conmemoran-dia-nacional-del-medio-ambiente-con-jornada-de-turismo-azul","status":"publish","type":"post","link":"https:\/\/radiorevelacionfm.cl\/?p=46695","title":{"rendered":"En Ra\u00fal Mar\u00edn Balmaceda conmemoran D\u00eda Nacional del Medio Ambiente con jornada de Turismo Azul"},"content":{"rendered":"<div class=\"flex_column av_one_full  flex_column_div av-zero-column-padding first  avia-builder-el-0  el_before_av_one_full  avia-builder-el-first  \" style='border-radius:0px; '><div  class='avia-image-container  av-styling-    avia-builder-el-1  avia-builder-el-no-sibling  avia-align-center '  itemprop=\"image\" itemscope=\"itemscope\" itemtype=\"https:\/\/schema.org\/ImageObject\"  ><div class='avia-image-container-inner'><div class='avia-image-overlay-wrap'><img decoding=\"async\" class='wp-image-46696 avia-img-lazy-loading-not-46696 avia_image' src=\"https:\/\/radiorevelacionfm.cl\/wp-content\/uploads\/2024\/10\/3-6-2_optimized-2.jpeg\" alt='' title='3-6-2_optimized-2' height=\"600\" width=\"1181\"  itemprop=\"thumbnailUrl\" srcset=\"https:\/\/radiorevelacionfm.cl\/wp-content\/uploads\/2024\/10\/3-6-2_optimized-2.jpeg 1181w, https:\/\/radiorevelacionfm.cl\/wp-content\/uploads\/2024\/10\/3-6-2_optimized-2-300x152.jpeg 300w, https:\/\/radiorevelacionfm.cl\/wp-content\/uploads\/2024\/10\/3-6-2_optimized-2-1030x523.jpeg 1030w, https:\/\/radiorevelacionfm.cl\/wp-content\/uploads\/2024\/10\/3-6-2_optimized-2-768x390.jpeg 768w, https:\/\/radiorevelacionfm.cl\/wp-content\/uploads\/2024\/10\/3-6-2_optimized-2-705x358.jpeg 705w, https:\/\/radiorevelacionfm.cl\/wp-content\/uploads\/2024\/10\/3-6-2_optimized-2-450x229.jpeg 450w, https:\/\/radiorevelacionfm.cl\/wp-content\/uploads\/2024\/10\/3-6-2_optimized-2-600x305.jpeg 600w\" sizes=\"(max-width: 1181px) 100vw, 1181px\" \/><\/div><\/div><\/div><\/div><div class=\"flex_column av_one_full  flex_column_div av-zero-column-padding first  avia-builder-el-2  el_after_av_one_full  el_before_av_one_full  column-top-margin\" style='border-radius:0px; '><section class=\"av_textblock_section \"  itemscope=\"itemscope\" itemtype=\"https:\/\/schema.org\/BlogPosting\" itemprop=\"blogPost\" ><div class='avia_textblock  '   itemprop=\"text\" ><p style=\"text-align: center;\"><span style=\"font-size: 18pt;\"><strong>En Ra\u00fal Mar\u00edn Balmaceda conmemoran D\u00eda Nacional del Medio Ambiente con jornada de Turismo Azul<\/strong><\/span><\/p>\n<div id=\"gtx-trans\" style=\"position: absolute; left: -50px; top: 4.31534px;\">\n<div class=\"gtx-trans-icon\"><\/div>\n<\/div>\n<\/div><\/section><\/div><div class=\"flex_column av_one_full  flex_column_div av-zero-column-padding first  avia-builder-el-4  el_after_av_one_full  el_before_av_hr  column-top-margin\" style='border-radius:0px; '><section class=\"av_textblock_section \"  itemscope=\"itemscope\" itemtype=\"https:\/\/schema.org\/BlogPosting\" itemprop=\"blogPost\" ><div class='avia_textblock  '   itemprop=\"text\" ><p style=\"text-align: justify;\">El 2 de octubre se celebra en Chile el D\u00eda Nacional del Medio Ambiente y fue la localidad de Puerto Ra\u00fal Mar\u00edn Balmaceda, y espec\u00edficamente su comunidad, la elegida para relevar a nivel regional la efem\u00e9ride, que busca reforzar el compromiso con las buenas pr\u00e1cticas ambientales.<\/p>\n<p style=\"text-align: justify;\">\u201cPara nosotros es un tremendo orgullo, como Ministerio del Medio Ambiente estar celebrando ac\u00e1 en Puerto Ra\u00fal Mar\u00edn Balmaceda porque tambi\u00e9n nos habla de justicia territorial, podr\u00edamos haber conmemorado en Coyhaique, pero quisimos hacerlo ac\u00e1 porque es una comunidad muy comprometida, y\u00a0 porque cuando hablamos de cuidado del medio ambiente, ac\u00e1 se hace y esto hay que reconocerlo\u201d, declar\u00f3 el Seremi del Medio Ambiente, Yoal D\u00edaz, en sus palabras de apertura del Seminario Turismo Azul.<\/p>\n<p style=\"text-align: justify;\">El seminario de Turismo Azul en el Litoral Norte de la Regi\u00f3n de Ays\u00e9n, realizado en Puerto Ra\u00fal Mar\u00edn Balmaceda, Comuna de Cisnes, entre los d\u00edas 1 y 3 de octubre, se presenta como una oportunidad \u00fanica para explorar y fortalecer el desarrollo del turismo marino costero sustentable en esta regi\u00f3n emblem\u00e1tica de Chile. El evento, enmarcado en el d\u00eda del Medio Ambiente y la gesti\u00f3n del Proyecto GEF Gobernanza Marino Costera, liderado por el Ministerio del Medio Ambiente y FAO, en colaboraci\u00f3n con Subpesca y Sernapesca, y con la participaci\u00f3n activa del municipio de Cisnes y la comunidad organizada de la comuna, ha considerado una serie de actividades a desarrollarse en el \u00e1rea de conservaci\u00f3n de M\u00faltiples usos ACMU Pitipalena A\u00f1ihue.<\/p>\n<p style=\"text-align: justify;\">La coordinadora nacional proyecto GEF Gobernanza Marino Costera, Manuela Erazo explic\u00f3 que \u201cel trabajo con la comunidad de Ra\u00fal Mar\u00edn es s\u00faper importante para este pilotaje que estamos desarrollando en la Patagonia, en la regi\u00f3n del Ays\u00e9n, y es un punto de partida para todo el trabajo que tambi\u00e9n ustedes saben, tiene su foco en el fortalecimiento de la gobernanza marino costera, el punto de partida para tambi\u00e9n promover actividades sostenibles que bien la comunidad conoce y ha desarrollado por d\u00e9cadas, es un pilar fundamental para el ejercicio de la buena gobernanza de los ecosistemas marinos\u201d.<\/p>\n<p style=\"text-align: justify;\">La jornada comenz\u00f3 con las exposiciones de los representantes locales, quienes abordaron el trayecto de m\u00e1s de 10 a\u00f1os que les llev\u00f3 a concretar la cogesti\u00f3n del \u00e1rea marina y el fortalecimiento de la gobernanza \u201cpara nosotros es un gran placer y un honor y tambi\u00e9n tiene que ver con todo este trabajo que hemos realizado durante a\u00f1os no solo yo, sino que todos los que me han antecedido, para poner en valor Ra\u00fal Mar\u00edn, el \u00e1rea marina costero protegida que tenemos en la localidad, y para nosotros esto no es un cierre, pero s\u00ed ya va mostrando frutos y avances en el trabajo que hemos realizado a trav\u00e9s de toda esta gesti\u00f3n y en el reconocimiento tambi\u00e9n que vamos logrando, con el trabajo que vamos haciendo. Nosotros hoy d\u00eda vamos creciendo, van creciendo nuestros emprendimientos tambi\u00e9n y van creciendo estas ganas y esta convicci\u00f3n por trabajar por un turismo sustentable, que es de lo que se trata este seminario\u201d, declar\u00f3 la Presidenta de la AG de turismo de Ra\u00fal Mar\u00edn Balmaceda, Vanessa Hechenleitner una vez finalizada su presentaci\u00f3n.<\/p>\n<p style=\"text-align: justify;\">En un contexto de creciente inter\u00e9s por el turismo responsable, el evento tiene como objetivo fortalecer la gesti\u00f3n y gobernanza de los destinos tur\u00edsticos, promoviendo una planificaci\u00f3n que respete y conserve el medio ambiente marino-costero, la colaboraci\u00f3n entre autoridades locales, comunidades costeras, organizaciones no gubernamentales y el sector privado es clave para asegurar que las decisiones de desarrollo y conservaci\u00f3n convivan en armon\u00eda y pertenencia.<\/p>\n<p style=\"text-align: justify;\">\u201cEste seminario, que no solamente involucra a algunos representantes de algunas agrupaciones, sino que es la primera instancia que deja reflejado lo que es gobernanza. El trabajo que logramos hacer tanto con el sector p\u00fablico como privado para poder llevar a cabo esta actividad, poniendo en valor las actividades y emprendimientos en\u00a0 el litoral, todo lo relacionado con Turismo azul, no solamente de Ra\u00fal Mar\u00edn, donde tambi\u00e9n tenemos, representantes de Melimoyu, nos acompa\u00f1an desde Puyuhuapi y tambi\u00e9n de la Junta\u201d, destac\u00f3 la Coordinadora Fomento productivo Municipalidad de Cisnes, Lorena Lehnebach .<\/p>\n<p style=\"text-align: justify;\">Con la concurrencia de emprendedores, operadores tur\u00edsticos, acad\u00e9micos, funcionarios y miembros de organizaciones p\u00fablicas y privadas la iniciativa abord\u00f3 paneles sobre gobernanza y planificaci\u00f3n sustentable, innovaci\u00f3n en experiencias tur\u00edsticas marino costeras, Talleres interactivos, Presentaciones locales de emprendimientos y proyectos de la comuna y navegaci\u00f3n por el \u00e1rea marina.<\/p>\n<p style=\"text-align: justify;\">Finalmente el Seremi del Medio Ambiente relev\u00f3 \u201cavanzar por ejemplo en el \u00e1rea de conservaci\u00f3n Pitipalena A\u00f1ihue requiere que fortalezcamos el rol del turismo, que es fundamental para lo que viene, vamos a tener un cambio institucional importante en el Ministerio de Ambiente con el Servicio de Biodiversidad y ah\u00ed aparece un principio bien importante que es el turismo ambientalmente responsable, para la conservaci\u00f3n del maritorio de nuestra regi\u00f3n tiene que tiene un tremendo valor y eso requiere un trabajo permanente con la comunidad\u201d, concluy\u00f3.<\/p>\n<\/div><\/section><\/div><div  style='height:50px' class='hr hr-invisible   avia-builder-el-6  el_after_av_one_full  el_before_av_social_share '><span class='hr-inner ' ><span class='hr-inner-style'><\/span><\/span><\/div><\/p>\n<div  class='av-social-sharing-box  avia-builder-el-7  el_after_av_hr  el_before_av_hr  '><div class='av-share-box'><h5 class='av-share-link-description av-no-toc '>Compartir esta noticia<\/h5><ul class='av-share-box-list noLightbox'><li class='av-share-link av-social-link-facebook' ><a target=\"_blank\" aria-label=\"Compartir en Facebook\" href='https:\/\/www.facebook.com\/sharer.php?u=https:\/\/radiorevelacionfm.cl\/?p=46695&#038;t=En%20Ra%C3%BAl%20Mar%C3%ADn%20Balmaceda%20conmemoran%20D%C3%ADa%20Nacional%20del%20Medio%20Ambiente%20con%20jornada%20de%20Turismo%20Azul' aria-hidden='false' data-av_icon='\ue8f3' data-av_iconfont='entypo-fontello' title='' data-avia-related-tooltip='Compartir en Facebook' rel=\"noopener\"><span class='avia_hidden_link_text'>Compartir en Facebook<\/span><\/a><\/li><li class='av-share-link av-social-link-twitter' ><a target=\"_blank\" aria-label=\"Compartir en Twitter\" href='https:\/\/twitter.com\/share?text=En%20Ra%C3%BAl%20Mar%C3%ADn%20Balmaceda%20conmemoran%20D%C3%ADa%20Nacional%20del%20Medio%20Ambiente%20con%20jornada%20de%20Turismo%20Azul&#038;url=https:\/\/radiorevelacionfm.cl\/?p=46695' aria-hidden='false' data-av_icon='\ue8f1' data-av_iconfont='entypo-fontello' title='' data-avia-related-tooltip='Compartir en Twitter' rel=\"noopener\"><span class='avia_hidden_link_text'>Compartir en Twitter<\/span><\/a><\/li><li class='av-share-link av-social-link-whatsapp' ><a target=\"_blank\" aria-label=\"Compartir en Whatsapp\" href='https:\/\/api.whatsapp.com\/send?text=https:\/\/radiorevelacionfm.cl\/?p=46695' aria-hidden='false' data-av_icon='\uf232' data-av_iconfont='entypo-fontello' title='' data-avia-related-tooltip='Compartir en Whatsapp' rel=\"noopener\"><span class='avia_hidden_link_text'>Compartir en Whatsapp<\/span><\/a><\/li><li class='av-share-link av-social-link-linkedin' ><a target=\"_blank\" aria-label=\"Compartir en LinkedIn\" href='https:\/\/linkedin.com\/shareArticle?mini=true&#038;title=En%20Ra%C3%BAl%20Mar%C3%ADn%20Balmaceda%20conmemoran%20D%C3%ADa%20Nacional%20del%20Medio%20Ambiente%20con%20jornada%20de%20Turismo%20Azul&#038;url=https:\/\/radiorevelacionfm.cl\/?p=46695' aria-hidden='false' data-av_icon='\ue8fc' data-av_iconfont='entypo-fontello' title='' data-avia-related-tooltip='Compartir en LinkedIn' rel=\"noopener\"><span class='avia_hidden_link_text'>Compartir en LinkedIn<\/span><\/a><\/li><li class='av-share-link av-social-link-mail' ><a  aria-label=\"Compartir por correo\" href='mailto:?subject=En%20Ra%C3%BAl%20Mar%C3%ADn%20Balmaceda%20conmemoran%20D%C3%ADa%20Nacional%20del%20Medio%20Ambiente%20con%20jornada%20de%20Turismo%20Azul&#038;body=https:\/\/radiorevelacionfm.cl\/?p=46695' aria-hidden='false' data-av_icon='\ue805' data-av_iconfont='entypo-fontello' title='' data-avia-related-tooltip='Compartir por correo'><span class='avia_hidden_link_text'>Compartir por correo<\/span><\/a><\/li><\/ul><\/div><\/div>\n<div  style='height:50px' class='hr hr-invisible   avia-builder-el-8  el_after_av_social_share  el_before_av_comments_list '><span class='hr-inner ' ><span class='hr-inner-style'><\/span><\/span><\/div>\n<div  class='av-buildercomment  av-blog-meta-html-info-disabled av-blog-meta-tag-disabled  '><\/div>\n","protected":false},"excerpt":{"rendered":"","protected":false},"author":1,"featured_media":46696,"comment_status":"open","ping_status":"open","sticky":false,"template":"","format":"standard","meta":{"footnotes":""},"categories":[39],"tags":[],"class_list":["post-46695","post","type-post","status-publish","format-standard","has-post-thumbnail","hentry","category-medio-ambiente"],"jetpack_featured_media_url":"https:\/\/radiorevelacionfm.cl\/wp-content\/uploads\/2024\/10\/3-6-2_optimized-2.jpeg","_links":{"self":[{"href":"https:\/\/radiorevelacionfm.cl\/index.php?rest_route=\/wp\/v2\/posts\/46695","targetHints":{"allow":["GET"]}}],"collection":[{"href":"https:\/\/radiorevelacionfm.cl\/index.php?rest_route=\/wp\/v2\/posts"}],"about":[{"href":"https:\/\/radiorevelacionfm.cl\/index.php?rest_route=\/wp\/v2\/types\/post"}],"author":[{"embeddable":true,"href":"https:\/\/radiorevelacionfm.cl\/index.php?rest_route=\/wp\/v2\/users\/1"}],"replies":[{"embeddable":true,"href":"https:\/\/radiorevelacionfm.cl\/index.php?rest_route=%2Fwp%2Fv2%2Fcomments&post=46695"}],"version-history":[{"count":2,"href":"https:\/\/radiorevelacionfm.cl\/index.php?rest_route=\/wp\/v2\/posts\/46695\/revisions"}],"predecessor-version":[{"id":46698,"href":"https:\/\/radiorevelacionfm.cl\/index.php?rest_route=\/wp\/v2\/posts\/46695\/revisions\/46698"}],"wp:featuredmedia":[{"embeddable":true,"href":"https:\/\/radiorevelacionfm.cl\/index.php?rest_route=\/wp\/v2\/media\/46696"}],"wp:attachment":[{"href":"https:\/\/radiorevelacionfm.cl\/index.php?rest_route=%2Fwp%2Fv2%2Fmedia&parent=46695"}],"wp:term":[{"taxonomy":"category","embeddable":true,"href":"https:\/\/radiorevelacionfm.cl\/index.php?rest_route=%2Fwp%2Fv2%2Fcategories&post=46695"},{"taxonomy":"post_tag","embeddable":true,"href":"https:\/\/radiorevelacionfm.cl\/index.php?rest_route=%2Fwp%2Fv2%2Ftags&post=46695"}],"curies":[{"name":"wp","href":"https:\/\/api.w.org\/{rel}","templated":true}]}}