{"id":46692,"date":"2024-10-03T10:57:21","date_gmt":"2024-10-03T13:57:21","guid":{"rendered":"https:\/\/radiorevelacionfm.cl\/?p=46692"},"modified":"2024-10-03T10:57:21","modified_gmt":"2024-10-03T13:57:21","slug":"invitan-a-participar-en-webinar-para-planificar-temporada-estival-en-el-sector-silvoagropecuario","status":"publish","type":"post","link":"https:\/\/radiorevelacionfm.cl\/?p=46692","title":{"rendered":"Invitan a participar en webinar para planificar temporada estival en el sector silvoagropecuario"},"content":{"rendered":"<div class=\"flex_column av_one_full  flex_column_div av-zero-column-padding first  avia-builder-el-0  el_before_av_one_full  avia-builder-el-first  \" style='border-radius:0px; '><div  class='avia-image-container  av-styling-    avia-builder-el-1  avia-builder-el-no-sibling  avia-align-center '  itemprop=\"image\" itemscope=\"itemscope\" itemtype=\"https:\/\/schema.org\/ImageObject\"  ><div class='avia-image-container-inner'><div class='avia-image-overlay-wrap'><img decoding=\"async\" class='wp-image-46693 avia-img-lazy-loading-not-46693 avia_image' src=\"https:\/\/radiorevelacionfm.cl\/wp-content\/uploads\/2024\/10\/webinar-agromet-2_optimized-2.jpg\" alt='' title='webinar-agromet-2_optimized-2' height=\"600\" width=\"800\"  itemprop=\"thumbnailUrl\" srcset=\"https:\/\/radiorevelacionfm.cl\/wp-content\/uploads\/2024\/10\/webinar-agromet-2_optimized-2.jpg 800w, https:\/\/radiorevelacionfm.cl\/wp-content\/uploads\/2024\/10\/webinar-agromet-2_optimized-2-300x225.jpg 300w, https:\/\/radiorevelacionfm.cl\/wp-content\/uploads\/2024\/10\/webinar-agromet-2_optimized-2-768x576.jpg 768w, https:\/\/radiorevelacionfm.cl\/wp-content\/uploads\/2024\/10\/webinar-agromet-2_optimized-2-705x529.jpg 705w, https:\/\/radiorevelacionfm.cl\/wp-content\/uploads\/2024\/10\/webinar-agromet-2_optimized-2-450x338.jpg 450w, https:\/\/radiorevelacionfm.cl\/wp-content\/uploads\/2024\/10\/webinar-agromet-2_optimized-2-600x450.jpg 600w\" sizes=\"(max-width: 800px) 100vw, 800px\" \/><\/div><\/div><\/div><\/div><div class=\"flex_column av_one_full  flex_column_div av-zero-column-padding first  avia-builder-el-2  el_after_av_one_full  el_before_av_one_full  column-top-margin\" style='border-radius:0px; '><section class=\"av_textblock_section \"  itemscope=\"itemscope\" itemtype=\"https:\/\/schema.org\/BlogPosting\" itemprop=\"blogPost\" ><div class='avia_textblock  '   itemprop=\"text\" ><p style=\"text-align: center;\"><strong><span style=\"font-size: 18pt;\">Invitan a participar en webinar para planificar temporada estival en el sector silvoagropecuario<\/span><\/strong><\/p>\n<div id=\"gtx-trans\" style=\"position: absolute; left: -50px; top: 4.31534px;\">\n<div class=\"gtx-trans-icon\"><\/div>\n<\/div>\n<\/div><\/section><\/div><div class=\"flex_column av_one_full  flex_column_div av-zero-column-padding first  avia-builder-el-4  el_after_av_one_full  el_before_av_hr  column-top-margin\" style='border-radius:0px; '><section class=\"av_textblock_section \"  itemscope=\"itemscope\" itemtype=\"https:\/\/schema.org\/BlogPosting\" itemprop=\"blogPost\" ><div class='avia_textblock  '   itemprop=\"text\" ><p style=\"text-align: justify;\">El encuentro virtual \u00abCierre invernal y proyecci\u00f3n estival 2024 \u2013 2025\u00bb, completamente gratuito, se llevar\u00e1 a cabo este viernes 4 de octubre, entre las 09:30 y 12:20 horas, y tratar\u00e1 temas como el cierre de la temporada invernal, proyecciones estivales, sistema de alertas agroclim\u00e1ticas, seguros silvoagropecuarios y proyecci\u00f3n de deshielos.<\/p>\n<p style=\"text-align: justify;\">El desarrollo de la instancia pretende invitar a un espacio informativo para disminuir los riesgos silvoagropecuarios preexistentes a los actuales cambios clim\u00e1ticos, con relaci\u00f3n a c\u00f3mo fue la temporada anterior y c\u00f3mo son las condiciones de tiempo que se avecinan.<\/p>\n<p style=\"text-align: justify;\">En este contexto, el seremi de Agricultura de Ays\u00e9n, Eugenio Ruiz Espinoza, indic\u00f3 que \u00abinvitamos las campesinas, campesinos y productores participen, en el entendido que es crucial que puedan contar con informaci\u00f3n veraz para los procesos de adaptaci\u00f3n frente a la variabilidad clim\u00e1tica en la regi\u00f3n de Ays\u00e9n. Estos antecedentes ayudar\u00e1n a reducir incertidumbres, con el fin de tomar decisiones productivas a tiempo, especialmente para preparar la temporada de verano e invierno\u00bb.<\/p>\n<p style=\"text-align: justify;\">Durante esta reuni\u00f3n virtual, expertos de la Fundaci\u00f3n para el Desarrollo Frut\u00edcola (FDF), la Unidad de Gesti\u00f3n de Riegos de Desastres Agr\u00edcolas (UGRA) de la Subsecretar\u00eda de Agricultura, Agroseguros y la Direcci\u00f3n General de Aguas (DGA) del Ministerio de Obras P\u00fablicas, presentar\u00e1n ponencias como \u00abCierre del invierno, estado actual de la primavera y avance de indicadores de desarrollo\u00bb; \u00abSistema de alertas, notificaci\u00f3n y calidad de datos de la Red Agroclim\u00e1tica Nacional RAN \u2013 Agromet. Heladas y pr\u00f3ximo da\u00f1o de sol\u00bb; Programa de Seguros Silvoagropecuarios con subsidio estatal al copago de las primas\u00bb, y \u00abPron\u00f3stico temporada de deshielos 2024 \u2013 2025\u00bb.<\/p>\n<p style=\"text-align: justify;\">\u00abEste segundo webinar\u00a0online\u00a0tambi\u00e9n permite conocer nuevas herramientas desarrolladas para AGROMET, como es el caso del sistema de monitoreo y alertas agrometeorol\u00f3gicas para heladas y golpes de sol o calor, iniciativa igualmente desarrollada junto a INIA, con m\u00e1s de 400 estaciones meteorol\u00f3gicas en lugares de inter\u00e9s para nuestro sector\u00bb, finaliz\u00f3 la autoridad regional.<\/p>\n<p style=\"text-align: justify;\">Para participar de este encuentro en l\u00ednea, puedes escribir al correo\u00a0<a href=\"mailto:info@agromet.cl\">info@agromet.cl<\/a>\u00a0o inscribirte de manera virtual en\u00a0\u00a0<a href=\"https:\/\/forms.gle\/S3eFBUgYrw66LHto9\">https:\/\/forms.gle\/S3eFBUgYrw66LHto9<\/a><\/p>\n<\/div><\/section><\/div><div  style='height:50px' class='hr hr-invisible   avia-builder-el-6  el_after_av_one_full  el_before_av_social_share '><span class='hr-inner ' ><span class='hr-inner-style'><\/span><\/span><\/div><\/p>\n<div  class='av-social-sharing-box  avia-builder-el-7  el_after_av_hr  el_before_av_hr  '><div class='av-share-box'><h5 class='av-share-link-description av-no-toc '>Compartir esta noticia<\/h5><ul class='av-share-box-list noLightbox'><li class='av-share-link av-social-link-facebook' ><a target=\"_blank\" aria-label=\"Compartir en Facebook\" href='https:\/\/www.facebook.com\/sharer.php?u=https:\/\/radiorevelacionfm.cl\/?p=46692&#038;t=Invitan%20a%20participar%20en%20webinar%20para%20planificar%20temporada%20estival%20en%20el%20sector%20silvoagropecuario' aria-hidden='false' data-av_icon='\ue8f3' data-av_iconfont='entypo-fontello' title='' data-avia-related-tooltip='Compartir en Facebook' rel=\"noopener\"><span class='avia_hidden_link_text'>Compartir en Facebook<\/span><\/a><\/li><li class='av-share-link av-social-link-twitter' ><a target=\"_blank\" aria-label=\"Compartir en Twitter\" href='https:\/\/twitter.com\/share?text=Invitan%20a%20participar%20en%20webinar%20para%20planificar%20temporada%20estival%20en%20el%20sector%20silvoagropecuario&#038;url=https:\/\/radiorevelacionfm.cl\/?p=46692' aria-hidden='false' data-av_icon='\ue8f1' data-av_iconfont='entypo-fontello' title='' data-avia-related-tooltip='Compartir en Twitter' rel=\"noopener\"><span class='avia_hidden_link_text'>Compartir en Twitter<\/span><\/a><\/li><li class='av-share-link av-social-link-whatsapp' ><a target=\"_blank\" aria-label=\"Compartir en Whatsapp\" href='https:\/\/api.whatsapp.com\/send?text=https:\/\/radiorevelacionfm.cl\/?p=46692' aria-hidden='false' data-av_icon='\uf232' data-av_iconfont='entypo-fontello' title='' data-avia-related-tooltip='Compartir en Whatsapp' rel=\"noopener\"><span class='avia_hidden_link_text'>Compartir en Whatsapp<\/span><\/a><\/li><li class='av-share-link av-social-link-linkedin' ><a target=\"_blank\" aria-label=\"Compartir en LinkedIn\" href='https:\/\/linkedin.com\/shareArticle?mini=true&#038;title=Invitan%20a%20participar%20en%20webinar%20para%20planificar%20temporada%20estival%20en%20el%20sector%20silvoagropecuario&#038;url=https:\/\/radiorevelacionfm.cl\/?p=46692' aria-hidden='false' data-av_icon='\ue8fc' data-av_iconfont='entypo-fontello' title='' data-avia-related-tooltip='Compartir en LinkedIn' rel=\"noopener\"><span class='avia_hidden_link_text'>Compartir en LinkedIn<\/span><\/a><\/li><li class='av-share-link av-social-link-mail' ><a  aria-label=\"Compartir por correo\" href='mailto:?subject=Invitan%20a%20participar%20en%20webinar%20para%20planificar%20temporada%20estival%20en%20el%20sector%20silvoagropecuario&#038;body=https:\/\/radiorevelacionfm.cl\/?p=46692' aria-hidden='false' data-av_icon='\ue805' data-av_iconfont='entypo-fontello' title='' data-avia-related-tooltip='Compartir por correo'><span class='avia_hidden_link_text'>Compartir por correo<\/span><\/a><\/li><\/ul><\/div><\/div>\n<div  style='height:50px' class='hr hr-invisible   avia-builder-el-8  el_after_av_social_share  el_before_av_comments_list '><span class='hr-inner ' ><span class='hr-inner-style'><\/span><\/span><\/div>\n<div  class='av-buildercomment  av-blog-meta-html-info-disabled av-blog-meta-tag-disabled  '><\/div>\n","protected":false},"excerpt":{"rendered":"","protected":false},"author":1,"featured_media":46693,"comment_status":"open","ping_status":"open","sticky":false,"template":"","format":"standard","meta":{"footnotes":""},"categories":[58],"tags":[],"class_list":["post-46692","post","type-post","status-publish","format-standard","has-post-thumbnail","hentry","category-agricultura"],"jetpack_featured_media_url":"https:\/\/radiorevelacionfm.cl\/wp-content\/uploads\/2024\/10\/webinar-agromet-2_optimized-2.jpg","_links":{"self":[{"href":"https:\/\/radiorevelacionfm.cl\/index.php?rest_route=\/wp\/v2\/posts\/46692","targetHints":{"allow":["GET"]}}],"collection":[{"href":"https:\/\/radiorevelacionfm.cl\/index.php?rest_route=\/wp\/v2\/posts"}],"about":[{"href":"https:\/\/radiorevelacionfm.cl\/index.php?rest_route=\/wp\/v2\/types\/post"}],"author":[{"embeddable":true,"href":"https:\/\/radiorevelacionfm.cl\/index.php?rest_route=\/wp\/v2\/users\/1"}],"replies":[{"embeddable":true,"href":"https:\/\/radiorevelacionfm.cl\/index.php?rest_route=%2Fwp%2Fv2%2Fcomments&post=46692"}],"version-history":[{"count":1,"href":"https:\/\/radiorevelacionfm.cl\/index.php?rest_route=\/wp\/v2\/posts\/46692\/revisions"}],"predecessor-version":[{"id":46694,"href":"https:\/\/radiorevelacionfm.cl\/index.php?rest_route=\/wp\/v2\/posts\/46692\/revisions\/46694"}],"wp:featuredmedia":[{"embeddable":true,"href":"https:\/\/radiorevelacionfm.cl\/index.php?rest_route=\/wp\/v2\/media\/46693"}],"wp:attachment":[{"href":"https:\/\/radiorevelacionfm.cl\/index.php?rest_route=%2Fwp%2Fv2%2Fmedia&parent=46692"}],"wp:term":[{"taxonomy":"category","embeddable":true,"href":"https:\/\/radiorevelacionfm.cl\/index.php?rest_route=%2Fwp%2Fv2%2Fcategories&post=46692"},{"taxonomy":"post_tag","embeddable":true,"href":"https:\/\/radiorevelacionfm.cl\/index.php?rest_route=%2Fwp%2Fv2%2Ftags&post=46692"}],"curies":[{"name":"wp","href":"https:\/\/api.w.org\/{rel}","templated":true}]}}