{"id":46683,"date":"2024-10-07T09:24:58","date_gmt":"2024-10-07T12:24:58","guid":{"rendered":"https:\/\/radiorevelacionfm.cl\/?p=46683"},"modified":"2024-10-07T09:24:58","modified_gmt":"2024-10-07T12:24:58","slug":"fiscalia-organiza-evento-academico-que-abordara-el-crimen-organizado-en-el-sur-de-chile","status":"publish","type":"post","link":"https:\/\/radiorevelacionfm.cl\/?p=46683","title":{"rendered":"Fiscal\u00eda organiza evento acad\u00e9mico que abordar\u00e1 el crimen organizado en el sur de Chile"},"content":{"rendered":"<div class=\"flex_column av_one_full  flex_column_div av-zero-column-padding first  avia-builder-el-0  el_before_av_one_full  avia-builder-el-first  \" style='border-radius:0px; '><div  class='avia-image-container  av-styling-    avia-builder-el-1  avia-builder-el-no-sibling  avia-align-center '  itemprop=\"image\" itemscope=\"itemscope\" itemtype=\"https:\/\/schema.org\/ImageObject\"  ><div class='avia-image-container-inner'><div class='avia-image-overlay-wrap'><img decoding=\"async\" class='wp-image-46684 avia-img-lazy-loading-not-46684 avia_image' src=\"https:\/\/radiorevelacionfm.cl\/wp-content\/uploads\/2024\/10\/Ana-Maria_1-2-2.jpg\" alt='' title='Ana-Maria_1-2-2' height=\"600\" width=\"1069\"  itemprop=\"thumbnailUrl\" srcset=\"https:\/\/radiorevelacionfm.cl\/wp-content\/uploads\/2024\/10\/Ana-Maria_1-2-2.jpg 1069w, https:\/\/radiorevelacionfm.cl\/wp-content\/uploads\/2024\/10\/Ana-Maria_1-2-2-300x168.jpg 300w, https:\/\/radiorevelacionfm.cl\/wp-content\/uploads\/2024\/10\/Ana-Maria_1-2-2-1030x578.jpg 1030w, https:\/\/radiorevelacionfm.cl\/wp-content\/uploads\/2024\/10\/Ana-Maria_1-2-2-768x431.jpg 768w, https:\/\/radiorevelacionfm.cl\/wp-content\/uploads\/2024\/10\/Ana-Maria_1-2-2-705x396.jpg 705w, https:\/\/radiorevelacionfm.cl\/wp-content\/uploads\/2024\/10\/Ana-Maria_1-2-2-450x253.jpg 450w, https:\/\/radiorevelacionfm.cl\/wp-content\/uploads\/2024\/10\/Ana-Maria_1-2-2-600x337.jpg 600w\" sizes=\"(max-width: 1069px) 100vw, 1069px\" \/><\/div><\/div><\/div><\/div><div class=\"flex_column av_one_full  flex_column_div av-zero-column-padding first  avia-builder-el-2  el_after_av_one_full  el_before_av_one_full  column-top-margin\" style='border-radius:0px; '><section class=\"av_textblock_section \"  itemscope=\"itemscope\" itemtype=\"https:\/\/schema.org\/BlogPosting\" itemprop=\"blogPost\" ><div class='avia_textblock  '   itemprop=\"text\" ><p style=\"text-align: center;\"><span style=\"font-size: 18pt;\"><b>Fiscal\u00eda organiza evento acad\u00e9mico que abordar\u00e1 el crimen organizado en el sur de Chile<\/b><\/span><\/p>\n<div id=\"gtx-trans\" style=\"position: absolute; left: -50px; top: 4.31534px;\">\n<div class=\"gtx-trans-icon\"><\/div>\n<\/div>\n<\/div><\/section><\/div><div class=\"flex_column av_one_full  flex_column_div av-zero-column-padding first  avia-builder-el-4  el_after_av_one_full  el_before_av_hr  column-top-margin\" style='border-radius:0px; '><section class=\"av_textblock_section \"  itemscope=\"itemscope\" itemtype=\"https:\/\/schema.org\/BlogPosting\" itemprop=\"blogPost\" ><div class='avia_textblock  '   itemprop=\"text\" ><p style=\"text-align: justify;\">En el marco del VII Simposio sobre el Futuro de la Investigaci\u00f3n Criminal. Inscripciones en el link:<a href=\"https:\/\/acortar.link\/8oE1Yc\" data-saferedirecturl=\"https:\/\/www.google.com\/url?q=https:\/\/acortar.link\/8oE1Yc&amp;source=gmail&amp;ust=1727998523545000&amp;usg=AOvVaw3y6_zXfjs5jmo6Mc1KLybx\">https:\/\/acortar.link\/8oE1Yc<\/a><\/p>\n<p style=\"text-align: justify;\">La Fiscal\u00eda Regional de Ays\u00e9n se encuentra organizando el VII Simposio sobre \u201cEl Futuro de la Investigaci\u00f3n Criminal\u201d que este a\u00f1o abordar\u00e1 como tema principal el crimen organizado en el sur de Chile.<\/p>\n<p style=\"text-align: justify;\">Esta iniciativa acad\u00e9mica se efectuar\u00e1 el jueves 24 de octubre, desde las 14.30 horas en el auditorio IV Divisi\u00f3n de Ej\u00e9rcito, avenida Baquedano de Coyhaique y continuar\u00e1 el viernes 25 de octubre desde las 09.00 horas hasta mediod\u00eda.<\/p>\n<p style=\"text-align: justify;\">A esta actividad de vinculaci\u00f3n con el medio del Ministerio P\u00fablico en la Regi\u00f3n de Ays\u00e9n, han comprometido su participaci\u00f3n altos representantes de Carabineros, Polic\u00eda de Investigaciones, Gendarmer\u00eda, entre otras instituciones ligadas a la investigaci\u00f3n del crimen organizado en Chile y Am\u00e9rica del Sur.<\/p>\n<p style=\"text-align: justify;\">Este a\u00f1o el simposio sobre el Futuro de la Investigaci\u00f3n Criminal se efectuar\u00e1 solo de forma presencial y las personas interesadas en participar en este evento, el cual cuenta con cupos limitados, pueden registrarse en el siguiente link: <a href=\"https:\/\/acortar.link\/8oE1Yc\" data-saferedirecturl=\"https:\/\/www.google.com\/url?q=https:\/\/acortar.link\/8oE1Yc&amp;source=gmail&amp;ust=1727998523545000&amp;usg=AOvVaw3y6_zXfjs5jmo6Mc1KLybx\">https:\/\/acortar.link\/8oE1Yc<\/a><\/p>\n<p style=\"text-align: justify;\">Para mayores consultas es posible escribir al correo <a href=\"mailto:fnunez@minpublico.cl\">fnunez@minpublico.cl<\/a><\/p>\n<\/div><\/section><\/div><div  style='height:50px' class='hr hr-invisible   avia-builder-el-6  el_after_av_one_full  el_before_av_social_share '><span class='hr-inner ' ><span class='hr-inner-style'><\/span><\/span><\/div><\/p>\n<div  class='av-social-sharing-box  avia-builder-el-7  el_after_av_hr  el_before_av_hr  '><div class='av-share-box'><h5 class='av-share-link-description av-no-toc '>Compartir esta noticia<\/h5><ul class='av-share-box-list noLightbox'><li class='av-share-link av-social-link-facebook' ><a target=\"_blank\" aria-label=\"Compartir en Facebook\" href='https:\/\/www.facebook.com\/sharer.php?u=https:\/\/radiorevelacionfm.cl\/?p=46683&#038;t=Fiscal%C3%ADa%20organiza%20evento%20acad%C3%A9mico%20que%20abordar%C3%A1%20el%20crimen%20organizado%20en%20el%20sur%20de%20Chile' aria-hidden='false' data-av_icon='\ue8f3' data-av_iconfont='entypo-fontello' title='' data-avia-related-tooltip='Compartir en Facebook' rel=\"noopener\"><span class='avia_hidden_link_text'>Compartir en Facebook<\/span><\/a><\/li><li class='av-share-link av-social-link-twitter' ><a target=\"_blank\" aria-label=\"Compartir en Twitter\" href='https:\/\/twitter.com\/share?text=Fiscal%C3%ADa%20organiza%20evento%20acad%C3%A9mico%20que%20abordar%C3%A1%20el%20crimen%20organizado%20en%20el%20sur%20de%20Chile&#038;url=https:\/\/radiorevelacionfm.cl\/?p=46683' aria-hidden='false' data-av_icon='\ue8f1' data-av_iconfont='entypo-fontello' title='' data-avia-related-tooltip='Compartir en Twitter' rel=\"noopener\"><span class='avia_hidden_link_text'>Compartir en Twitter<\/span><\/a><\/li><li class='av-share-link av-social-link-whatsapp' ><a target=\"_blank\" aria-label=\"Compartir en Whatsapp\" href='https:\/\/api.whatsapp.com\/send?text=https:\/\/radiorevelacionfm.cl\/?p=46683' aria-hidden='false' data-av_icon='\uf232' data-av_iconfont='entypo-fontello' title='' data-avia-related-tooltip='Compartir en Whatsapp' rel=\"noopener\"><span class='avia_hidden_link_text'>Compartir en Whatsapp<\/span><\/a><\/li><li class='av-share-link av-social-link-linkedin' ><a target=\"_blank\" aria-label=\"Compartir en LinkedIn\" href='https:\/\/linkedin.com\/shareArticle?mini=true&#038;title=Fiscal%C3%ADa%20organiza%20evento%20acad%C3%A9mico%20que%20abordar%C3%A1%20el%20crimen%20organizado%20en%20el%20sur%20de%20Chile&#038;url=https:\/\/radiorevelacionfm.cl\/?p=46683' aria-hidden='false' data-av_icon='\ue8fc' data-av_iconfont='entypo-fontello' title='' data-avia-related-tooltip='Compartir en LinkedIn' rel=\"noopener\"><span class='avia_hidden_link_text'>Compartir en LinkedIn<\/span><\/a><\/li><li class='av-share-link av-social-link-mail' ><a  aria-label=\"Compartir por correo\" href='mailto:?subject=Fiscal%C3%ADa%20organiza%20evento%20acad%C3%A9mico%20que%20abordar%C3%A1%20el%20crimen%20organizado%20en%20el%20sur%20de%20Chile&#038;body=https:\/\/radiorevelacionfm.cl\/?p=46683' aria-hidden='false' data-av_icon='\ue805' data-av_iconfont='entypo-fontello' title='' data-avia-related-tooltip='Compartir por correo'><span class='avia_hidden_link_text'>Compartir por correo<\/span><\/a><\/li><\/ul><\/div><\/div>\n<div  style='height:50px' class='hr hr-invisible   avia-builder-el-8  el_after_av_social_share  el_before_av_comments_list '><span class='hr-inner ' ><span class='hr-inner-style'><\/span><\/span><\/div>\n<div  class='av-buildercomment  av-blog-meta-html-info-disabled av-blog-meta-tag-disabled  '><\/div>\n","protected":false},"excerpt":{"rendered":"","protected":false},"author":1,"featured_media":46684,"comment_status":"open","ping_status":"open","sticky":false,"template":"","format":"standard","meta":{"footnotes":""},"categories":[55],"tags":[],"class_list":["post-46683","post","type-post","status-publish","format-standard","has-post-thumbnail","hentry","category-justicia"],"jetpack_featured_media_url":"https:\/\/radiorevelacionfm.cl\/wp-content\/uploads\/2024\/10\/Ana-Maria_1-2-2.jpg","_links":{"self":[{"href":"https:\/\/radiorevelacionfm.cl\/index.php?rest_route=\/wp\/v2\/posts\/46683","targetHints":{"allow":["GET"]}}],"collection":[{"href":"https:\/\/radiorevelacionfm.cl\/index.php?rest_route=\/wp\/v2\/posts"}],"about":[{"href":"https:\/\/radiorevelacionfm.cl\/index.php?rest_route=\/wp\/v2\/types\/post"}],"author":[{"embeddable":true,"href":"https:\/\/radiorevelacionfm.cl\/index.php?rest_route=\/wp\/v2\/users\/1"}],"replies":[{"embeddable":true,"href":"https:\/\/radiorevelacionfm.cl\/index.php?rest_route=%2Fwp%2Fv2%2Fcomments&post=46683"}],"version-history":[{"count":1,"href":"https:\/\/radiorevelacionfm.cl\/index.php?rest_route=\/wp\/v2\/posts\/46683\/revisions"}],"predecessor-version":[{"id":46685,"href":"https:\/\/radiorevelacionfm.cl\/index.php?rest_route=\/wp\/v2\/posts\/46683\/revisions\/46685"}],"wp:featuredmedia":[{"embeddable":true,"href":"https:\/\/radiorevelacionfm.cl\/index.php?rest_route=\/wp\/v2\/media\/46684"}],"wp:attachment":[{"href":"https:\/\/radiorevelacionfm.cl\/index.php?rest_route=%2Fwp%2Fv2%2Fmedia&parent=46683"}],"wp:term":[{"taxonomy":"category","embeddable":true,"href":"https:\/\/radiorevelacionfm.cl\/index.php?rest_route=%2Fwp%2Fv2%2Fcategories&post=46683"},{"taxonomy":"post_tag","embeddable":true,"href":"https:\/\/radiorevelacionfm.cl\/index.php?rest_route=%2Fwp%2Fv2%2Ftags&post=46683"}],"curies":[{"name":"wp","href":"https:\/\/api.w.org\/{rel}","templated":true}]}}