{"id":46680,"date":"2024-10-02T20:47:32","date_gmt":"2024-10-02T23:47:32","guid":{"rendered":"https:\/\/radiorevelacionfm.cl\/?p=46680"},"modified":"2024-10-02T20:47:32","modified_gmt":"2024-10-02T23:47:32","slug":"carabineros-de-coyhaique-detuvo-a-sujeto-por-lesiones-graves-en-contexto-de-violencia-intrafamiliar","status":"publish","type":"post","link":"https:\/\/radiorevelacionfm.cl\/?p=46680","title":{"rendered":"Carabineros de Coyhaique detuvo a sujeto por lesiones graves en contexto de violencia intrafamiliar"},"content":{"rendered":"<div class=\"flex_column av_one_full  flex_column_div av-zero-column-padding first  avia-builder-el-0  el_before_av_one_full  avia-builder-el-first  \" style='border-radius:0px; '><div  class='avia-image-container  av-styling-    avia-builder-el-1  avia-builder-el-no-sibling  avia-align-center '  itemprop=\"image\" itemscope=\"itemscope\" itemtype=\"https:\/\/schema.org\/ImageObject\"  ><div class='avia-image-container-inner'><div class='avia-image-overlay-wrap'><img decoding=\"async\" class='wp-image-46681 avia-img-lazy-loading-not-46681 avia_image' src=\"https:\/\/radiorevelacionfm.cl\/wp-content\/uploads\/2024\/10\/6c38a3f3-eb08-4bfb-95fd-81387c96b976-2_optimized.jpg\" alt='' title='6c38a3f3-eb08-4bfb-95fd-81387c96b976-2_optimized' height=\"600\" width=\"800\"  itemprop=\"thumbnailUrl\" srcset=\"https:\/\/radiorevelacionfm.cl\/wp-content\/uploads\/2024\/10\/6c38a3f3-eb08-4bfb-95fd-81387c96b976-2_optimized.jpg 800w, https:\/\/radiorevelacionfm.cl\/wp-content\/uploads\/2024\/10\/6c38a3f3-eb08-4bfb-95fd-81387c96b976-2_optimized-300x225.jpg 300w, https:\/\/radiorevelacionfm.cl\/wp-content\/uploads\/2024\/10\/6c38a3f3-eb08-4bfb-95fd-81387c96b976-2_optimized-768x576.jpg 768w, https:\/\/radiorevelacionfm.cl\/wp-content\/uploads\/2024\/10\/6c38a3f3-eb08-4bfb-95fd-81387c96b976-2_optimized-705x529.jpg 705w, https:\/\/radiorevelacionfm.cl\/wp-content\/uploads\/2024\/10\/6c38a3f3-eb08-4bfb-95fd-81387c96b976-2_optimized-450x338.jpg 450w, https:\/\/radiorevelacionfm.cl\/wp-content\/uploads\/2024\/10\/6c38a3f3-eb08-4bfb-95fd-81387c96b976-2_optimized-600x450.jpg 600w\" sizes=\"(max-width: 800px) 100vw, 800px\" \/><\/div><\/div><\/div><\/div><div class=\"flex_column av_one_full  flex_column_div av-zero-column-padding first  avia-builder-el-2  el_after_av_one_full  el_before_av_one_full  column-top-margin\" style='border-radius:0px; '><section class=\"av_textblock_section \"  itemscope=\"itemscope\" itemtype=\"https:\/\/schema.org\/BlogPosting\" itemprop=\"blogPost\" ><div class='avia_textblock  '   itemprop=\"text\" ><p style=\"text-align: center;\"><strong><span style=\"font-size: 18pt;\">Carabineros de Coyhaique detuvo a sujeto por lesiones graves en contexto de violencia intrafamiliar<\/span><\/strong><\/p>\n<div id=\"gtx-trans\" style=\"position: absolute; left: -50px; top: 4.31534px;\">\n<div class=\"gtx-trans-icon\"><\/div>\n<\/div>\n<\/div><\/section><\/div><div class=\"flex_column av_one_full  flex_column_div av-zero-column-padding first  avia-builder-el-4  el_after_av_one_full  el_before_av_hr  column-top-margin\" style='border-radius:0px; '><section class=\"av_textblock_section \"  itemscope=\"itemscope\" itemtype=\"https:\/\/schema.org\/BlogPosting\" itemprop=\"blogPost\" ><div class='avia_textblock  '   itemprop=\"text\" ><p class=\"v1MsoNormal\" style=\"text-align: justify;\"><span lang=\"ES-MX\">Un llamado oportuno a Carabineros -por parte de una v\u00edctima- a trav\u00e9s del fono emergencias 133, solicitando auxilio indicando estar siendo golpeada y amenazada, motiv\u00f3 una r\u00e1pida respuesta por parte del personal de la 1ra Comisar\u00eda de Coyhaique, logrando la detenci\u00f3n de un sujeto por el delito de lesiones graves en el contexto de violencia intrafamiliar.<\/span><\/p>\n<p class=\"v1MsoNormal\" style=\"text-align: justify;\"><span lang=\"ES-MX\">\u00abCarabinero se aproxima al lugar, verifica la situaci\u00f3n, se detuvo al individuo se\u00f1alado por la v\u00edctima. Finalmente, ella resulta con lesiones de car\u00e1cter grave, con fractura nasal, entre otras y, se informa al tribunal competente de la situaci\u00f3n ocurrida, de las lesiones de la v\u00edctima y, el sujeto queda en calidad de detenido\u00bb, indic\u00f3 la Comisario de Carabineros de Coyhaique (S), Capit\u00e1n Vanesa Huck.<\/span><\/p>\n<p class=\"v1MsoNormal\" style=\"text-align: justify;\"><span lang=\"ES-MX\">\u00abCarabineros lleg\u00f3 prontamente al lugar, se le prest\u00f3 la ayuda correspondiente y como Instituci\u00f3n estamos preocupados de la v\u00edctima permanentemente, tomamos contacto con ella, se le realizan visitas, le consultamos reiteradamente si mantiene alg\u00fan requerimiento especial y se le da cumplimiento a todas las medidas de protecci\u00f3n\u00bb, a\u00f1adi\u00f3 la Oficial.<\/span><\/p>\n<p class=\"v1MsoNormal\" style=\"text-align: justify;\"><span lang=\"ES-MX\">La Capit\u00e1n Huck acot\u00f3 que el detenido infringi\u00f3 una orden de alejamiento de la afectada, sujeto que igualmente registra 11 detenciones previas, entre estas, antecedentes por femicidio frustrado hacia la misma v\u00edctima.<\/span><\/p>\n<p class=\"v1MsoNormal\" style=\"text-align: justify;\"><span lang=\"ES-MX\">Carabineros cuenta con una patrulla abocada a dar cumplimiento a las medidas de protecci\u00f3n con la finalidad de brindar amparo a las v\u00edctimas en virtud de las medidas emanadas desde los tribunales.<\/span><\/p>\n<p style=\"text-align: justify;\"><span lang=\"ES-MX\">Cabe se\u00f1alar que desde el mes de enero al 29 de septiembre de 2024, Carabineros ha detenido a 3.566 personas por diversos delitos en la regi\u00f3n de Ays\u00e9n, de los cuales 278 corresponden a delitos de violencia intrafamiliar, de estos el 43% registra detenciones previas por Carabineros.\u00a0<\/span><\/p>\n<\/div><\/section><\/div><div  style='height:50px' class='hr hr-invisible   avia-builder-el-6  el_after_av_one_full  el_before_av_social_share '><span class='hr-inner ' ><span class='hr-inner-style'><\/span><\/span><\/div><\/p>\n<div  class='av-social-sharing-box  avia-builder-el-7  el_after_av_hr  el_before_av_hr  '><div class='av-share-box'><h5 class='av-share-link-description av-no-toc '>Compartir esta noticia<\/h5><ul class='av-share-box-list noLightbox'><li class='av-share-link av-social-link-facebook' ><a target=\"_blank\" aria-label=\"Compartir en Facebook\" href='https:\/\/www.facebook.com\/sharer.php?u=https:\/\/radiorevelacionfm.cl\/?p=46680&#038;t=Carabineros%20de%20Coyhaique%20detuvo%20a%20sujeto%20por%20lesiones%20graves%20en%20contexto%20de%20violencia%20intrafamiliar' aria-hidden='false' data-av_icon='\ue8f3' data-av_iconfont='entypo-fontello' title='' data-avia-related-tooltip='Compartir en Facebook' rel=\"noopener\"><span class='avia_hidden_link_text'>Compartir en Facebook<\/span><\/a><\/li><li class='av-share-link av-social-link-twitter' ><a target=\"_blank\" aria-label=\"Compartir en Twitter\" href='https:\/\/twitter.com\/share?text=Carabineros%20de%20Coyhaique%20detuvo%20a%20sujeto%20por%20lesiones%20graves%20en%20contexto%20de%20violencia%20intrafamiliar&#038;url=https:\/\/radiorevelacionfm.cl\/?p=46680' aria-hidden='false' data-av_icon='\ue8f1' data-av_iconfont='entypo-fontello' title='' data-avia-related-tooltip='Compartir en Twitter' rel=\"noopener\"><span class='avia_hidden_link_text'>Compartir en Twitter<\/span><\/a><\/li><li class='av-share-link av-social-link-whatsapp' ><a target=\"_blank\" aria-label=\"Compartir en Whatsapp\" href='https:\/\/api.whatsapp.com\/send?text=https:\/\/radiorevelacionfm.cl\/?p=46680' aria-hidden='false' data-av_icon='\uf232' data-av_iconfont='entypo-fontello' title='' data-avia-related-tooltip='Compartir en Whatsapp' rel=\"noopener\"><span class='avia_hidden_link_text'>Compartir en Whatsapp<\/span><\/a><\/li><li class='av-share-link av-social-link-linkedin' ><a target=\"_blank\" aria-label=\"Compartir en LinkedIn\" href='https:\/\/linkedin.com\/shareArticle?mini=true&#038;title=Carabineros%20de%20Coyhaique%20detuvo%20a%20sujeto%20por%20lesiones%20graves%20en%20contexto%20de%20violencia%20intrafamiliar&#038;url=https:\/\/radiorevelacionfm.cl\/?p=46680' aria-hidden='false' data-av_icon='\ue8fc' data-av_iconfont='entypo-fontello' title='' data-avia-related-tooltip='Compartir en LinkedIn' rel=\"noopener\"><span class='avia_hidden_link_text'>Compartir en LinkedIn<\/span><\/a><\/li><li class='av-share-link av-social-link-mail' ><a  aria-label=\"Compartir por correo\" href='mailto:?subject=Carabineros%20de%20Coyhaique%20detuvo%20a%20sujeto%20por%20lesiones%20graves%20en%20contexto%20de%20violencia%20intrafamiliar&#038;body=https:\/\/radiorevelacionfm.cl\/?p=46680' aria-hidden='false' data-av_icon='\ue805' data-av_iconfont='entypo-fontello' title='' data-avia-related-tooltip='Compartir por correo'><span class='avia_hidden_link_text'>Compartir por correo<\/span><\/a><\/li><\/ul><\/div><\/div>\n<div  style='height:50px' class='hr hr-invisible   avia-builder-el-8  el_after_av_social_share  el_before_av_comments_list '><span class='hr-inner ' ><span class='hr-inner-style'><\/span><\/span><\/div>\n<div  class='av-buildercomment  av-blog-meta-html-info-disabled av-blog-meta-tag-disabled  '><\/div>\n","protected":false},"excerpt":{"rendered":"","protected":false},"author":1,"featured_media":46681,"comment_status":"open","ping_status":"open","sticky":false,"template":"","format":"standard","meta":{"footnotes":""},"categories":[36],"tags":[],"class_list":["post-46680","post","type-post","status-publish","format-standard","has-post-thumbnail","hentry","category-policial"],"jetpack_featured_media_url":"https:\/\/radiorevelacionfm.cl\/wp-content\/uploads\/2024\/10\/6c38a3f3-eb08-4bfb-95fd-81387c96b976-2_optimized.jpg","_links":{"self":[{"href":"https:\/\/radiorevelacionfm.cl\/index.php?rest_route=\/wp\/v2\/posts\/46680","targetHints":{"allow":["GET"]}}],"collection":[{"href":"https:\/\/radiorevelacionfm.cl\/index.php?rest_route=\/wp\/v2\/posts"}],"about":[{"href":"https:\/\/radiorevelacionfm.cl\/index.php?rest_route=\/wp\/v2\/types\/post"}],"author":[{"embeddable":true,"href":"https:\/\/radiorevelacionfm.cl\/index.php?rest_route=\/wp\/v2\/users\/1"}],"replies":[{"embeddable":true,"href":"https:\/\/radiorevelacionfm.cl\/index.php?rest_route=%2Fwp%2Fv2%2Fcomments&post=46680"}],"version-history":[{"count":1,"href":"https:\/\/radiorevelacionfm.cl\/index.php?rest_route=\/wp\/v2\/posts\/46680\/revisions"}],"predecessor-version":[{"id":46682,"href":"https:\/\/radiorevelacionfm.cl\/index.php?rest_route=\/wp\/v2\/posts\/46680\/revisions\/46682"}],"wp:featuredmedia":[{"embeddable":true,"href":"https:\/\/radiorevelacionfm.cl\/index.php?rest_route=\/wp\/v2\/media\/46681"}],"wp:attachment":[{"href":"https:\/\/radiorevelacionfm.cl\/index.php?rest_route=%2Fwp%2Fv2%2Fmedia&parent=46680"}],"wp:term":[{"taxonomy":"category","embeddable":true,"href":"https:\/\/radiorevelacionfm.cl\/index.php?rest_route=%2Fwp%2Fv2%2Fcategories&post=46680"},{"taxonomy":"post_tag","embeddable":true,"href":"https:\/\/radiorevelacionfm.cl\/index.php?rest_route=%2Fwp%2Fv2%2Ftags&post=46680"}],"curies":[{"name":"wp","href":"https:\/\/api.w.org\/{rel}","templated":true}]}}