{"id":4668,"date":"2021-05-29T16:31:10","date_gmt":"2021-05-29T19:31:10","guid":{"rendered":"https:\/\/radiorevelacionfm.cl\/?p=4668"},"modified":"2021-05-29T16:31:10","modified_gmt":"2021-05-29T19:31:10","slug":"destinan-287-millones-a-municipios-de-aysen-para-enfrentar-la-pandemia","status":"publish","type":"post","link":"https:\/\/radiorevelacionfm.cl\/?p=4668","title":{"rendered":"Destinan $287 millones a Municipios de Ays\u00e9n para enfrentar la pandemia"},"content":{"rendered":"<div class=\"flex_column av_one_full  flex_column_div av-zero-column-padding first  avia-builder-el-0  el_before_av_one_full  avia-builder-el-first  \" style='border-radius:0px; '><div  class='avia-image-container  av-styling-    avia-builder-el-1  avia-builder-el-no-sibling  avia-align-center '  itemprop=\"image\" itemscope=\"itemscope\" itemtype=\"https:\/\/schema.org\/ImageObject\"  ><div class='avia-image-container-inner'><div class='avia-image-overlay-wrap'><img decoding=\"async\" class='wp-image-0 avia-img-lazy-loading-not-0 avia_image' src=\"https:\/\/radiorevelacionfm.cl\/wp-content\/uploads\/2021\/05\/unnamed-9-2.jpg\" alt='' title=''   itemprop=\"thumbnailUrl\"  \/><\/div><\/div><\/div><\/div><div class=\"flex_column av_one_full  flex_column_div av-zero-column-padding first  avia-builder-el-2  el_after_av_one_full  el_before_av_one_full  column-top-margin\" style='border-radius:0px; '><section class=\"av_textblock_section \"  itemscope=\"itemscope\" itemtype=\"https:\/\/schema.org\/BlogPosting\" itemprop=\"blogPost\" ><div class='avia_textblock  '   itemprop=\"text\" ><p style=\"text-align: center;\"><strong><span style=\"font-size: 18pt;\">Destinan $287 millones a Municipios de Ays\u00e9n para enfrentar la pandemia<\/span><\/strong><\/p>\n<div id=\"gtx-trans\" style=\"position: absolute; left: -50px; top: 4.31534px;\">\n<div class=\"gtx-trans-icon\"><\/div>\n<\/div>\n<\/div><\/section><\/div><div class=\"flex_column av_one_full  flex_column_div av-zero-column-padding first  avia-builder-el-4  el_after_av_one_full  el_before_av_hr  column-top-margin\" style='border-radius:0px; '><section class=\"av_textblock_section \"  itemscope=\"itemscope\" itemtype=\"https:\/\/schema.org\/BlogPosting\" itemprop=\"blogPost\" ><div class='avia_textblock  '   itemprop=\"text\" ><p dir=\"ltr\" style=\"text-align: justify;\">Los $287 millones se distribuyeron entre las 10 comunas de la Regi\u00f3n de Ays\u00e9n como parte del Tercer Fondo Solidario Municipal dispuesto por el Gobierno, que tiene como objetivo mitigar los gastos extraordinarios en los que incurren los municipios producto de la pandemia del Covid-19.<\/p>\n<p dir=\"ltr\" style=\"text-align: justify;\">La Subsecretar\u00eda de Desarrollo Regional y Administrativo (Subdere), fue la entidad encargada de elaborar los mecanismos de c\u00e1lculo para distribuir ayer $ 48.030 millones en 342 municipalidades del pa\u00eds. Al igual que en las remesas entregadas en mayo y julio de 2020, la definici\u00f3n de los montos a cada comuna, se hizo considerando la cantidad de habitantes y la situaci\u00f3n de vulnerabilidad del territorio, de acuerdo con el Registro Social de Hogares. Con los tres fondos solidarios, el Gobierno sum\u00f3 $ 255.049\u00a0 millones destinados a fondos excepcionales para apoyar a los municipios.<\/p>\n<p dir=\"ltr\" style=\"text-align: justify;\">\u201cPese al avance de la vacunaci\u00f3n, la pandemia no ha terminado. Es de suma importancia que los municipios puedan seguir apoyando a sus vecinos en estos tiempos dif\u00edciles y, es por eso, que el Presidente Sebasti\u00e1n Pi\u00f1era se comprometi\u00f3 con los alcaldes a entregar un tercer fondo solidario que permitir\u00e1 cubrir gastos asociados a la pandemia como entrega de ayuda social, sanitizaci\u00f3n y habilitaci\u00f3n de recintos p\u00fablicos\u201d, dijo el ministro del Interior, Rodrigo Delgado.<\/p>\n<p dir=\"ltr\" style=\"text-align: justify;\">La subsecretaria de Subdere, Mar\u00eda Paz Troncoso, explic\u00f3 que \u201ccon este fondo, las municipalidades pueden apoyar a las familias de menos recursos, comprando medicamentos, pagando servicios b\u00e1sicos, funerarios y arriendos, entre otras ayudas. Los aportes a los que pueden destinar este dinero, var\u00edan seg\u00fan las necesidades que los alcaldes detecten dentro de sus propias comunidades\u201d.<\/p>\n<p dir=\"ltr\">Detalle por comuna<\/p>\n<p dir=\"ltr\"><img decoding=\"async\" class=\"CToWUd a6T\" tabindex=\"0\" src=\"https:\/\/lh3.googleusercontent.com\/3s13ZtnneZPS7t5CILaU66aAG6er6ogGoaveaePWeFir-Ny6PyVpjwb9Ean1UTPlvs0w8rfyyqL3T0jKoSmPefPHCZCfzCW0qrfTyhgywP5elDKCx9PxcTjujmX807vplmSXl9C3\" width=\"446\" height=\"205\" \/><\/p>\n<p dir=\"ltr\"><strong>Avance en compromisos con municipios<\/strong><\/p>\n<p dir=\"ltr\" style=\"text-align: justify;\">La concreci\u00f3n de este aporte la dio a conocer el ministro del Interior y la subsecretaria de Subdere\u00a0 a la Asociaci\u00f3n Chilena de Municipalidades (Achm), Asociaci\u00f3n de Municipalidades de Chile (Amuch) y la Asociaci\u00f3n de Municipios Rurales (Amur) esta semana en La Moneda.<\/p>\n<p dir=\"ltr\" style=\"text-align: justify;\">En la ocasi\u00f3n, se hizo un positivo balance de los compromisos que el Gobierno hizo con los alcaldes el a\u00f1o pasado, que inclu\u00eda la posibilidad de contar con con aportes reembolsables para las municipalidades que m\u00e1s hayan visto mermados sus ingresos propios durante la pandemia. Adem\u00e1s, se les dio a conocer que este lunes 31 de mayo se distribuir\u00e1n\u00a0 $281.000 millones entre los 345 municipios del pa\u00eds en concepto de saldos del Fondo Com\u00fan Municipal, que tuvo una recaudaci\u00f3n mayor a la esperada en mayo y que durante los primeros cinco meses del a\u00f1o acumula un crecimiento de 17% respecto a 2020 y de 12% en comparaci\u00f3n con 2019.<\/p>\n<\/div><\/section><\/div><div  style='height:50px' class='hr hr-invisible   avia-builder-el-6  el_after_av_one_full  el_before_av_social_share '><span class='hr-inner ' ><span class='hr-inner-style'><\/span><\/span><\/div><\/p>\n<div  class='av-social-sharing-box  avia-builder-el-7  el_after_av_hr  el_before_av_hr  '><div class='av-share-box'><h5 class='av-share-link-description av-no-toc '>Compartir esta noticia<\/h5><ul class='av-share-box-list noLightbox'><li class='av-share-link av-social-link-facebook' ><a target=\"_blank\" aria-label=\"Compartir en Facebook\" href='https:\/\/www.facebook.com\/sharer.php?u=https:\/\/radiorevelacionfm.cl\/?p=4668&#038;t=Destinan%20%24287%20millones%20a%20Municipios%20de%20Ays%C3%A9n%20para%20enfrentar%20la%20pandemia' aria-hidden='false' data-av_icon='\ue8f3' data-av_iconfont='entypo-fontello' title='' data-avia-related-tooltip='Compartir en Facebook' rel=\"noopener\"><span class='avia_hidden_link_text'>Compartir en Facebook<\/span><\/a><\/li><li class='av-share-link av-social-link-twitter' ><a target=\"_blank\" aria-label=\"Compartir en Twitter\" href='https:\/\/twitter.com\/share?text=Destinan%20%24287%20millones%20a%20Municipios%20de%20Ays%C3%A9n%20para%20enfrentar%20la%20pandemia&#038;url=https:\/\/radiorevelacionfm.cl\/?p=4668' aria-hidden='false' data-av_icon='\ue8f1' data-av_iconfont='entypo-fontello' title='' data-avia-related-tooltip='Compartir en Twitter' rel=\"noopener\"><span class='avia_hidden_link_text'>Compartir en Twitter<\/span><\/a><\/li><li class='av-share-link av-social-link-whatsapp' ><a target=\"_blank\" aria-label=\"Compartir en Whatsapp\" href='https:\/\/api.whatsapp.com\/send?text=https:\/\/radiorevelacionfm.cl\/?p=4668' aria-hidden='false' data-av_icon='\uf232' data-av_iconfont='entypo-fontello' title='' data-avia-related-tooltip='Compartir en Whatsapp' rel=\"noopener\"><span class='avia_hidden_link_text'>Compartir en Whatsapp<\/span><\/a><\/li><li class='av-share-link av-social-link-linkedin' ><a target=\"_blank\" aria-label=\"Compartir en LinkedIn\" href='https:\/\/linkedin.com\/shareArticle?mini=true&#038;title=Destinan%20%24287%20millones%20a%20Municipios%20de%20Ays%C3%A9n%20para%20enfrentar%20la%20pandemia&#038;url=https:\/\/radiorevelacionfm.cl\/?p=4668' aria-hidden='false' data-av_icon='\ue8fc' data-av_iconfont='entypo-fontello' title='' data-avia-related-tooltip='Compartir en LinkedIn' rel=\"noopener\"><span class='avia_hidden_link_text'>Compartir en LinkedIn<\/span><\/a><\/li><li class='av-share-link av-social-link-mail' ><a  aria-label=\"Compartir por correo\" href='mailto:?subject=Destinan%20%24287%20millones%20a%20Municipios%20de%20Ays%C3%A9n%20para%20enfrentar%20la%20pandemia&#038;body=https:\/\/radiorevelacionfm.cl\/?p=4668' aria-hidden='false' data-av_icon='\ue805' data-av_iconfont='entypo-fontello' title='' data-avia-related-tooltip='Compartir por correo'><span class='avia_hidden_link_text'>Compartir por correo<\/span><\/a><\/li><\/ul><\/div><\/div>\n<div  style='height:50px' class='hr hr-invisible   avia-builder-el-8  el_after_av_social_share  el_before_av_comments_list '><span class='hr-inner ' ><span class='hr-inner-style'><\/span><\/span><\/div>\n<div  class='av-buildercomment  av-blog-meta-html-info-disabled av-blog-meta-tag-disabled  '><\/div>\n","protected":false},"excerpt":{"rendered":"","protected":false},"author":1,"featured_media":0,"comment_status":"open","ping_status":"open","sticky":false,"template":"","format":"standard","meta":{"footnotes":""},"categories":[38],"tags":[],"class_list":["post-4668","post","type-post","status-publish","format-standard","hentry","category-regional"],"jetpack_featured_media_url":"","_links":{"self":[{"href":"https:\/\/radiorevelacionfm.cl\/index.php?rest_route=\/wp\/v2\/posts\/4668","targetHints":{"allow":["GET"]}}],"collection":[{"href":"https:\/\/radiorevelacionfm.cl\/index.php?rest_route=\/wp\/v2\/posts"}],"about":[{"href":"https:\/\/radiorevelacionfm.cl\/index.php?rest_route=\/wp\/v2\/types\/post"}],"author":[{"embeddable":true,"href":"https:\/\/radiorevelacionfm.cl\/index.php?rest_route=\/wp\/v2\/users\/1"}],"replies":[{"embeddable":true,"href":"https:\/\/radiorevelacionfm.cl\/index.php?rest_route=%2Fwp%2Fv2%2Fcomments&post=4668"}],"version-history":[{"count":1,"href":"https:\/\/radiorevelacionfm.cl\/index.php?rest_route=\/wp\/v2\/posts\/4668\/revisions"}],"predecessor-version":[{"id":4670,"href":"https:\/\/radiorevelacionfm.cl\/index.php?rest_route=\/wp\/v2\/posts\/4668\/revisions\/4670"}],"wp:attachment":[{"href":"https:\/\/radiorevelacionfm.cl\/index.php?rest_route=%2Fwp%2Fv2%2Fmedia&parent=4668"}],"wp:term":[{"taxonomy":"category","embeddable":true,"href":"https:\/\/radiorevelacionfm.cl\/index.php?rest_route=%2Fwp%2Fv2%2Fcategories&post=4668"},{"taxonomy":"post_tag","embeddable":true,"href":"https:\/\/radiorevelacionfm.cl\/index.php?rest_route=%2Fwp%2Fv2%2Ftags&post=4668"}],"curies":[{"name":"wp","href":"https:\/\/api.w.org\/{rel}","templated":true}]}}