{"id":46677,"date":"2024-10-02T19:12:12","date_gmt":"2024-10-02T22:12:12","guid":{"rendered":"https:\/\/radiorevelacionfm.cl\/?p=46677"},"modified":"2024-10-02T19:12:12","modified_gmt":"2024-10-02T22:12:12","slug":"ministro-montes-visita-obras-del-primer-proyecto-de-integracion-social-y-territorial-de-la-region-de-aysen","status":"publish","type":"post","link":"https:\/\/radiorevelacionfm.cl\/?p=46677","title":{"rendered":"Ministro Montes visita obras del primer proyecto de integraci\u00f3n social y territorial de la regi\u00f3n de Ays\u00e9n"},"content":{"rendered":"<div class=\"flex_column av_one_full  flex_column_div av-zero-column-padding first  avia-builder-el-0  el_before_av_one_full  avia-builder-el-first  \" style='border-radius:0px; '><div  class='avia-image-container  av-styling-    avia-builder-el-1  avia-builder-el-no-sibling  avia-align-center '  itemprop=\"image\" itemscope=\"itemscope\" itemtype=\"https:\/\/schema.org\/ImageObject\"  ><div class='avia-image-container-inner'><div class='avia-image-overlay-wrap'><img decoding=\"async\" class='wp-image-46678 avia-img-lazy-loading-not-46678 avia_image' src=\"https:\/\/radiorevelacionfm.cl\/wp-content\/uploads\/2024\/10\/Ministro-Montes-recorre-obras-de-construccion-de-condominio-Lomas-de-Coyhaique-II-2-2.jpeg\" alt='' title='Ministro Montes recorre obras de construcci\u00f3n de condominio Lomas de Coyhaique II-2-2' height=\"600\" width=\"899\"  itemprop=\"thumbnailUrl\" srcset=\"https:\/\/radiorevelacionfm.cl\/wp-content\/uploads\/2024\/10\/Ministro-Montes-recorre-obras-de-construccion-de-condominio-Lomas-de-Coyhaique-II-2-2.jpeg 899w, https:\/\/radiorevelacionfm.cl\/wp-content\/uploads\/2024\/10\/Ministro-Montes-recorre-obras-de-construccion-de-condominio-Lomas-de-Coyhaique-II-2-2-300x200.jpeg 300w, https:\/\/radiorevelacionfm.cl\/wp-content\/uploads\/2024\/10\/Ministro-Montes-recorre-obras-de-construccion-de-condominio-Lomas-de-Coyhaique-II-2-2-768x513.jpeg 768w, https:\/\/radiorevelacionfm.cl\/wp-content\/uploads\/2024\/10\/Ministro-Montes-recorre-obras-de-construccion-de-condominio-Lomas-de-Coyhaique-II-2-2-705x471.jpeg 705w, https:\/\/radiorevelacionfm.cl\/wp-content\/uploads\/2024\/10\/Ministro-Montes-recorre-obras-de-construccion-de-condominio-Lomas-de-Coyhaique-II-2-2-450x300.jpeg 450w, https:\/\/radiorevelacionfm.cl\/wp-content\/uploads\/2024\/10\/Ministro-Montes-recorre-obras-de-construccion-de-condominio-Lomas-de-Coyhaique-II-2-2-600x400.jpeg 600w\" sizes=\"(max-width: 899px) 100vw, 899px\" \/><\/div><\/div><\/div><\/div><div class=\"flex_column av_one_full  flex_column_div av-zero-column-padding first  avia-builder-el-2  el_after_av_one_full  el_before_av_one_full  column-top-margin\" style='border-radius:0px; '><section class=\"av_textblock_section \"  itemscope=\"itemscope\" itemtype=\"https:\/\/schema.org\/BlogPosting\" itemprop=\"blogPost\" ><div class='avia_textblock  '   itemprop=\"text\" ><p style=\"text-align: center;\"><span style=\"font-size: 18pt;\"><strong>Ministro Montes visita obras del primer proyecto de integraci\u00f3n social y territorial de la regi\u00f3n de Ays\u00e9n<\/strong><\/span><\/p>\n<div id=\"gtx-trans\" style=\"position: absolute; left: -50px; top: 4.31534px;\">\n<div class=\"gtx-trans-icon\"><\/div>\n<\/div>\n<\/div><\/section><\/div><div class=\"flex_column av_one_full  flex_column_div av-zero-column-padding first  avia-builder-el-4  el_after_av_one_full  el_before_av_hr  column-top-margin\" style='border-radius:0px; '><section class=\"av_textblock_section \"  itemscope=\"itemscope\" itemtype=\"https:\/\/schema.org\/BlogPosting\" itemprop=\"blogPost\" ><div class='avia_textblock  '   itemprop=\"text\" ><p style=\"text-align: justify;\"><em>El secretario de Estado valor\u00f3 el est\u00e1ndar de las viviendas de la segunda etapa del Condominio Lomas de Coyhaique II, afirmando que \u201ceste es el est\u00e1ndar de las viviendas p\u00fablicas, que se hacen tambi\u00e9n con recursos privados\u201d.<\/em><\/p>\n<p style=\"text-align: justify;\"><em>Consultado respecto del progreso del megaproyecto urbano habitacional Escuela Agr\u00edcola \u2013 Chacra G, que en su primera etapa contempla la construcci\u00f3n de 237 viviendas, el titular del Minvu enfatiz\u00f3 que \u201cel m\u00e1s interesado en que esto avance es el propio ministerio\u201d.<\/em><\/p>\n<p style=\"text-align: justify;\">En el marco del primero de dos d\u00edas de actividades que liderar\u00e1 en la regi\u00f3n de Ays\u00e9n, el ministro de Vivienda y Urbanismo, Carlos Montes, visit\u00f3 las obras de la segunda etapa del conjunto habitacional Condominio Lomas de Coyhaique, acompa\u00f1ado del delegado presidencial regional, Rodrigo Araya, la seremi Minvu Ays\u00e9n, Paulina Ruz, y el director del Serviu regional, V\u00edctor Contreras.<\/p>\n<p style=\"text-align: justify;\">El proyecto, que cuenta con un 37,8% de avance, tiene la particularidad de ser el primero de la regi\u00f3n que se desarrolla a trav\u00e9s del Programa de Integraci\u00f3n Social y Territorial (DS19), lo que permitir\u00e1 a familias de diferentes realidades socioecon\u00f3micas acceder con apoyo del Estado a su primera vivienda.<\/p>\n<p style=\"text-align: justify;\">Al respecto, el titular del Minvu expres\u00f3 que \u201ceste proyecto ya tiene una historia larga, es de una l\u00ednea de vivienda que busca responder a necesidades de sectores de menores ingresos y sectores medios, a trav\u00e9s de la integraci\u00f3n social. Es una l\u00ednea que ac\u00e1 no hab\u00eda existido en la regi\u00f3n, en el pa\u00eds ha existido, y que ha ayudado mucho a mejorar el est\u00e1ndar de la vivienda, pensando tambi\u00e9n en una sociedad que tiene que ser m\u00e1s diversa, m\u00e1s integrada\u201d.<\/p>\n<p style=\"text-align: justify;\">\u201cEstas viviendas cuentan con una envolvente t\u00e9rmica, ventanas de termopanel, sistema de circulaci\u00f3n activo y pasivo para evitar la condensaci\u00f3n. Este es el est\u00e1ndar de las viviendas p\u00fablicas, que se hacen tambi\u00e9n con recursos privados\u201d, agreg\u00f3.<\/p>\n<p style=\"text-align: justify;\">En tanto, el delegado presidencial regional, Rodrigo Araya, indic\u00f3 que \u201ceste es un proyecto de integraci\u00f3n p\u00fablico-privada y de integraci\u00f3n social, que tuvo una suspensi\u00f3n en las etapas de avance el a\u00f1o 2022 y que logramos reactivar en marzo de este a\u00f1o. Han mejorado las condiciones de construcci\u00f3n, de aislamiento t\u00e9rmico y aislamiento ac\u00fastico y tienen un componente de vivienda social, con un porcentaje de los departamentos disponibles. La empresa hizo una apuesta importante al venir a trabajar a la regi\u00f3n y, creemos que es una de las v\u00edas para mejorar la cantidad de habitaciones disponibles en nuestro territorio y, por lo tanto, es una experiencia exitosa\u201d.<\/p>\n<p style=\"text-align: justify;\">La segunda etapa del Condominio Lomas de la capital regional cuenta con cinco torres de 192 departamentos, mientras que la primera etapa, entregada en diciembre de 2020, contempla 156 unidades. Ambos forman parte del Programa de Integraci\u00f3n Social y Territorial (DS19) del Minvu, el cual permite a familias de diferentes realidades socioecon\u00f3micas que buscan adquirir su primera vivienda con apoyo del Estado, acceder a proyectos habitacionales en barrios bien localizados y cercanos a servicios, con est\u00e1ndares de calidad en dise\u00f1o, equipamiento y \u00e1reas verdes.<\/p>\n<p style=\"text-align: justify;\">En el programa DS19, las familias que tienen un subsidio para comprar una vivienda lo pueden aplicar en estos proyectos habitacionales, en la medida que existan viviendas por el valor correspondiente a su beneficio. De igual forma, las familias o personas que no tienen un subsidio habitacional tambi\u00e9n pueden acceder a viviendas de estos proyectos, siempre y cuando cumplan con los requisitos de postulaci\u00f3n al Subsidio para Sectores Medios, DS1.<\/p>\n<p style=\"text-align: justify;\"><strong><u>Avance del megaproyecto Chacra G1<\/u><\/strong><\/p>\n<p style=\"text-align: justify;\">Consultado respecto del progreso del megaproyecto urbano habitacional Escuela Agr\u00edcola \u2013 Chacra G, que en su primera etapa contempla la construcci\u00f3n de 237 viviendas, el ministro Carlos Montes enfatiz\u00f3 que \u201cel m\u00e1s interesado en que esto avance es el propio ministerio\u201d.<\/p>\n<p style=\"text-align: justify;\">En esa l\u00ednea, el secretario de Estado explic\u00f3 que \u201chay un malentendido entre la entidad desarrolladora y la Direcci\u00f3n de Obras Municipales, y esperamos que se pongan de acuerdo. Entiendo que aqu\u00ed no hay diferencias mayores, sino que en la manera de presentar los antecedentes y ser\u00eda muy importante que esto se haga muy r\u00e1pido\u201d, siendo enf\u00e1tico en aseverar que \u201clas personas van a tener sus casas y los m\u00e1s interesados en que tengan sus casas somos nosotros\u201d.<\/p>\n<p style=\"text-align: justify;\">Por su parte, el titular del Minvu se refiri\u00f3 a la reciente aprobaci\u00f3n de la ley de agilizaci\u00f3n de permisos de construcci\u00f3n, detallando que \u201cnosotros estamos muy encima de las DOM, porque a veces se demoran mucho. Ahora tienen un tiempo donde, si no aprueban dentro de los plazos, que son 15, 30 y 60 d\u00edas dependiendo del tipo de proyecto, eso va a silencio negativo. Eso significa que se rechaza, por lo tanto, las personas pueden inmediatamente recurrir a la Seremi y a la Corte de Apelaciones. Es decir, generar otro tipo de procedimientos para acelerar el trabajo, respetando la existencia de las DOM. El pa\u00eds necesita DOM\u201d.<\/p>\n<\/div><\/section><\/div><div  style='height:50px' class='hr hr-invisible   avia-builder-el-6  el_after_av_one_full  el_before_av_social_share '><span class='hr-inner ' ><span class='hr-inner-style'><\/span><\/span><\/div><\/p>\n<div  class='av-social-sharing-box  avia-builder-el-7  el_after_av_hr  el_before_av_hr  '><div class='av-share-box'><h5 class='av-share-link-description av-no-toc '>Compartir esta noticia<\/h5><ul class='av-share-box-list noLightbox'><li class='av-share-link av-social-link-facebook' ><a target=\"_blank\" aria-label=\"Compartir en Facebook\" href='https:\/\/www.facebook.com\/sharer.php?u=https:\/\/radiorevelacionfm.cl\/?p=46677&#038;t=Ministro%20Montes%20visita%20obras%20del%20primer%20proyecto%20de%20integraci%C3%B3n%20social%20y%20territorial%20de%20la%20regi%C3%B3n%20de%20Ays%C3%A9n' aria-hidden='false' data-av_icon='\ue8f3' data-av_iconfont='entypo-fontello' title='' data-avia-related-tooltip='Compartir en Facebook' rel=\"noopener\"><span class='avia_hidden_link_text'>Compartir en Facebook<\/span><\/a><\/li><li class='av-share-link av-social-link-twitter' ><a target=\"_blank\" aria-label=\"Compartir en Twitter\" href='https:\/\/twitter.com\/share?text=Ministro%20Montes%20visita%20obras%20del%20primer%20proyecto%20de%20integraci%C3%B3n%20social%20y%20territorial%20de%20la%20regi%C3%B3n%20de%20Ays%C3%A9n&#038;url=https:\/\/radiorevelacionfm.cl\/?p=46677' aria-hidden='false' data-av_icon='\ue8f1' data-av_iconfont='entypo-fontello' title='' data-avia-related-tooltip='Compartir en Twitter' rel=\"noopener\"><span class='avia_hidden_link_text'>Compartir en Twitter<\/span><\/a><\/li><li class='av-share-link av-social-link-whatsapp' ><a target=\"_blank\" aria-label=\"Compartir en Whatsapp\" href='https:\/\/api.whatsapp.com\/send?text=https:\/\/radiorevelacionfm.cl\/?p=46677' aria-hidden='false' data-av_icon='\uf232' data-av_iconfont='entypo-fontello' title='' data-avia-related-tooltip='Compartir en Whatsapp' rel=\"noopener\"><span class='avia_hidden_link_text'>Compartir en Whatsapp<\/span><\/a><\/li><li class='av-share-link av-social-link-linkedin' ><a target=\"_blank\" aria-label=\"Compartir en LinkedIn\" href='https:\/\/linkedin.com\/shareArticle?mini=true&#038;title=Ministro%20Montes%20visita%20obras%20del%20primer%20proyecto%20de%20integraci%C3%B3n%20social%20y%20territorial%20de%20la%20regi%C3%B3n%20de%20Ays%C3%A9n&#038;url=https:\/\/radiorevelacionfm.cl\/?p=46677' aria-hidden='false' data-av_icon='\ue8fc' data-av_iconfont='entypo-fontello' title='' data-avia-related-tooltip='Compartir en LinkedIn' rel=\"noopener\"><span class='avia_hidden_link_text'>Compartir en LinkedIn<\/span><\/a><\/li><li class='av-share-link av-social-link-mail' ><a  aria-label=\"Compartir por correo\" href='mailto:?subject=Ministro%20Montes%20visita%20obras%20del%20primer%20proyecto%20de%20integraci%C3%B3n%20social%20y%20territorial%20de%20la%20regi%C3%B3n%20de%20Ays%C3%A9n&#038;body=https:\/\/radiorevelacionfm.cl\/?p=46677' aria-hidden='false' data-av_icon='\ue805' data-av_iconfont='entypo-fontello' title='' data-avia-related-tooltip='Compartir por correo'><span class='avia_hidden_link_text'>Compartir por correo<\/span><\/a><\/li><\/ul><\/div><\/div>\n<div  style='height:50px' class='hr hr-invisible   avia-builder-el-8  el_after_av_social_share  el_before_av_comments_list '><span class='hr-inner ' ><span class='hr-inner-style'><\/span><\/span><\/div>\n<div  class='av-buildercomment  av-blog-meta-html-info-disabled av-blog-meta-tag-disabled  '><\/div>\n","protected":false},"excerpt":{"rendered":"","protected":false},"author":1,"featured_media":46678,"comment_status":"open","ping_status":"open","sticky":false,"template":"","format":"standard","meta":{"footnotes":""},"categories":[57],"tags":[],"class_list":["post-46677","post","type-post","status-publish","format-standard","has-post-thumbnail","hentry","category-vivienda"],"jetpack_featured_media_url":"https:\/\/radiorevelacionfm.cl\/wp-content\/uploads\/2024\/10\/Ministro-Montes-recorre-obras-de-construccion-de-condominio-Lomas-de-Coyhaique-II-2-2.jpeg","_links":{"self":[{"href":"https:\/\/radiorevelacionfm.cl\/index.php?rest_route=\/wp\/v2\/posts\/46677","targetHints":{"allow":["GET"]}}],"collection":[{"href":"https:\/\/radiorevelacionfm.cl\/index.php?rest_route=\/wp\/v2\/posts"}],"about":[{"href":"https:\/\/radiorevelacionfm.cl\/index.php?rest_route=\/wp\/v2\/types\/post"}],"author":[{"embeddable":true,"href":"https:\/\/radiorevelacionfm.cl\/index.php?rest_route=\/wp\/v2\/users\/1"}],"replies":[{"embeddable":true,"href":"https:\/\/radiorevelacionfm.cl\/index.php?rest_route=%2Fwp%2Fv2%2Fcomments&post=46677"}],"version-history":[{"count":1,"href":"https:\/\/radiorevelacionfm.cl\/index.php?rest_route=\/wp\/v2\/posts\/46677\/revisions"}],"predecessor-version":[{"id":46679,"href":"https:\/\/radiorevelacionfm.cl\/index.php?rest_route=\/wp\/v2\/posts\/46677\/revisions\/46679"}],"wp:featuredmedia":[{"embeddable":true,"href":"https:\/\/radiorevelacionfm.cl\/index.php?rest_route=\/wp\/v2\/media\/46678"}],"wp:attachment":[{"href":"https:\/\/radiorevelacionfm.cl\/index.php?rest_route=%2Fwp%2Fv2%2Fmedia&parent=46677"}],"wp:term":[{"taxonomy":"category","embeddable":true,"href":"https:\/\/radiorevelacionfm.cl\/index.php?rest_route=%2Fwp%2Fv2%2Fcategories&post=46677"},{"taxonomy":"post_tag","embeddable":true,"href":"https:\/\/radiorevelacionfm.cl\/index.php?rest_route=%2Fwp%2Fv2%2Ftags&post=46677"}],"curies":[{"name":"wp","href":"https:\/\/api.w.org\/{rel}","templated":true}]}}