{"id":46675,"date":"2024-10-02T18:52:23","date_gmt":"2024-10-02T21:52:23","guid":{"rendered":"https:\/\/radiorevelacionfm.cl\/?p=46675"},"modified":"2024-10-02T18:52:23","modified_gmt":"2024-10-02T21:52:23","slug":"robo-con-violencia-fiscalia-solicito-prision-preventiva-e-internacion-provisoria-para-4-imputados","status":"publish","type":"post","link":"https:\/\/radiorevelacionfm.cl\/?p=46675","title":{"rendered":"Robo con violencia: Fiscal\u00eda solicit\u00f3 prisi\u00f3n preventiva e internaci\u00f3n provisoria para 4 imputados"},"content":{"rendered":"<div class=\"flex_column av_one_full  flex_column_div av-zero-column-padding first  avia-builder-el-0  el_before_av_one_full  avia-builder-el-first  \" style='border-radius:0px; '><div  class='avia-image-container  av-styling-    avia-builder-el-1  avia-builder-el-no-sibling  avia-align-center '  itemprop=\"image\" itemscope=\"itemscope\" itemtype=\"https:\/\/schema.org\/ImageObject\"  ><div class='avia-image-container-inner'><div class='avia-image-overlay-wrap'><img decoding=\"async\" class='wp-image-38114 avia-img-lazy-loading-not-38114 avia_image' src=\"https:\/\/radiorevelacionfm.cl\/wp-content\/uploads\/2023\/12\/Fiscalia3-1-1.jpeg\" alt='' title='Fiscalia3 (1) (1)' height=\"600\" width=\"942\"  itemprop=\"thumbnailUrl\" srcset=\"https:\/\/radiorevelacionfm.cl\/wp-content\/uploads\/2023\/12\/Fiscalia3-1-1.jpeg 942w, https:\/\/radiorevelacionfm.cl\/wp-content\/uploads\/2023\/12\/Fiscalia3-1-1-300x191.jpeg 300w, https:\/\/radiorevelacionfm.cl\/wp-content\/uploads\/2023\/12\/Fiscalia3-1-1-768x489.jpeg 768w, https:\/\/radiorevelacionfm.cl\/wp-content\/uploads\/2023\/12\/Fiscalia3-1-1-705x449.jpeg 705w, https:\/\/radiorevelacionfm.cl\/wp-content\/uploads\/2023\/12\/Fiscalia3-1-1-450x287.jpeg 450w, https:\/\/radiorevelacionfm.cl\/wp-content\/uploads\/2023\/12\/Fiscalia3-1-1-600x382.jpeg 600w\" sizes=\"(max-width: 942px) 100vw, 942px\" \/><\/div><\/div><\/div><\/div><div class=\"flex_column av_one_full  flex_column_div av-zero-column-padding first  avia-builder-el-2  el_after_av_one_full  el_before_av_one_full  column-top-margin\" style='border-radius:0px; '><section class=\"av_textblock_section \"  itemscope=\"itemscope\" itemtype=\"https:\/\/schema.org\/BlogPosting\" itemprop=\"blogPost\" ><div class='avia_textblock  '   itemprop=\"text\" ><p style=\"text-align: center;\"><span style=\"font-size: 18pt;\"><b><span lang=\"ES\">Robo con violencia: Fiscal\u00eda solicit\u00f3 prisi\u00f3n preventiva e internaci\u00f3n provisoria para 4 imputados<\/span><\/b><\/span><\/p>\n<div id=\"gtx-trans\" style=\"position: absolute; left: -50px; top: 4.31534px;\">\n<div class=\"gtx-trans-icon\"><\/div>\n<\/div>\n<\/div><\/section><\/div><div class=\"flex_column av_one_full  flex_column_div av-zero-column-padding first  avia-builder-el-4  el_after_av_one_full  el_before_av_hr  column-top-margin\" style='border-radius:0px; '><section class=\"av_textblock_section \"  itemscope=\"itemscope\" itemtype=\"https:\/\/schema.org\/BlogPosting\" itemprop=\"blogPost\" ><div class='avia_textblock  '   itemprop=\"text\" ><p style=\"text-align: justify;\"><em>Hecho ocurri\u00f3 cerca de las 22.30 horas del lunes en las afueras de un supermercado.<\/em><\/p>\n<p style=\"text-align: justify;\">En prisi\u00f3n preventiva e internaci\u00f3n provisoria fueron puestos cuatro imputados por el delito de robo con violencia ocurrido la noche del lunes en calle Simpson esquina Prat, en las afueras de un supermercado en Coyhaique, el cual afect\u00f3 a una persona de 62 a\u00f1os. La decisi\u00f3n de la jueza de Garant\u00eda, Fabiola Mu\u00f1oz, estuvo basada -entre otros- en el peligro para la seguridad de la sociedad que representan los imputados.<\/p>\n<p style=\"text-align: justify;\">Seg\u00fan explic\u00f3 en la audiencia de formalizaci\u00f3n efectuada hoy, el abogado asistente de la Fiscal\u00eda de Coyhaique, Eduardo Esc\u00e1rate, los cuatro sujetos de 16, 21, 27 y 43 a\u00f1os, agredieron y posteriormente participaron en la din\u00e1mica de sustracci\u00f3n de especies a la v\u00edctima, cerca de las 22.30 horas del lunes, la cual result\u00f3 con lesiones de car\u00e1cter grave de acuerdo a la atenci\u00f3n de urgencia recibida en el Hospital Regional de Coyhaique.<\/p>\n<p style=\"text-align: justify;\">En este caso, fue fundamental el apoyo prestado por un testigo que caminaba por el sector, quien dio aviso a Carabineros y posteriormente ayud\u00f3 a ubicar a los imputados en las inmediaciones del sitio del suceso.<\/p>\n<p style=\"text-align: justify;\">Como parte de las diligencias efectuada por personal de Carabineros de la Primera Comisar\u00eda, el celular de la v\u00edctima fue encontrado en poder de uno de los involucrados en el hecho. El plazo para el t\u00e9rmino de las diligencias de este caso fue fijado en 60 d\u00edas por parte del tribunal.<\/p>\n<\/div><\/section><\/div><div  style='height:50px' class='hr hr-invisible   avia-builder-el-6  el_after_av_one_full  el_before_av_social_share '><span class='hr-inner ' ><span class='hr-inner-style'><\/span><\/span><\/div><\/p>\n<div  class='av-social-sharing-box  avia-builder-el-7  el_after_av_hr  el_before_av_hr  '><div class='av-share-box'><h5 class='av-share-link-description av-no-toc '>Compartir esta noticia<\/h5><ul class='av-share-box-list noLightbox'><li class='av-share-link av-social-link-facebook' ><a target=\"_blank\" aria-label=\"Compartir en Facebook\" href='https:\/\/www.facebook.com\/sharer.php?u=https:\/\/radiorevelacionfm.cl\/?p=46675&#038;t=Robo%20con%20violencia%3A%20Fiscal%C3%ADa%20solicit%C3%B3%20prisi%C3%B3n%20preventiva%20e%20internaci%C3%B3n%20provisoria%20para%204%20imputados' aria-hidden='false' data-av_icon='\ue8f3' data-av_iconfont='entypo-fontello' title='' data-avia-related-tooltip='Compartir en Facebook' rel=\"noopener\"><span class='avia_hidden_link_text'>Compartir en Facebook<\/span><\/a><\/li><li class='av-share-link av-social-link-twitter' ><a target=\"_blank\" aria-label=\"Compartir en Twitter\" href='https:\/\/twitter.com\/share?text=Robo%20con%20violencia%3A%20Fiscal%C3%ADa%20solicit%C3%B3%20prisi%C3%B3n%20preventiva%20e%20internaci%C3%B3n%20provisoria%20para%204%20imputados&#038;url=https:\/\/radiorevelacionfm.cl\/?p=46675' aria-hidden='false' data-av_icon='\ue8f1' data-av_iconfont='entypo-fontello' title='' data-avia-related-tooltip='Compartir en Twitter' rel=\"noopener\"><span class='avia_hidden_link_text'>Compartir en Twitter<\/span><\/a><\/li><li class='av-share-link av-social-link-whatsapp' ><a target=\"_blank\" aria-label=\"Compartir en Whatsapp\" href='https:\/\/api.whatsapp.com\/send?text=https:\/\/radiorevelacionfm.cl\/?p=46675' aria-hidden='false' data-av_icon='\uf232' data-av_iconfont='entypo-fontello' title='' data-avia-related-tooltip='Compartir en Whatsapp' rel=\"noopener\"><span class='avia_hidden_link_text'>Compartir en Whatsapp<\/span><\/a><\/li><li class='av-share-link av-social-link-linkedin' ><a target=\"_blank\" aria-label=\"Compartir en LinkedIn\" href='https:\/\/linkedin.com\/shareArticle?mini=true&#038;title=Robo%20con%20violencia%3A%20Fiscal%C3%ADa%20solicit%C3%B3%20prisi%C3%B3n%20preventiva%20e%20internaci%C3%B3n%20provisoria%20para%204%20imputados&#038;url=https:\/\/radiorevelacionfm.cl\/?p=46675' aria-hidden='false' data-av_icon='\ue8fc' data-av_iconfont='entypo-fontello' title='' data-avia-related-tooltip='Compartir en LinkedIn' rel=\"noopener\"><span class='avia_hidden_link_text'>Compartir en LinkedIn<\/span><\/a><\/li><li class='av-share-link av-social-link-mail' ><a  aria-label=\"Compartir por correo\" href='mailto:?subject=Robo%20con%20violencia%3A%20Fiscal%C3%ADa%20solicit%C3%B3%20prisi%C3%B3n%20preventiva%20e%20internaci%C3%B3n%20provisoria%20para%204%20imputados&#038;body=https:\/\/radiorevelacionfm.cl\/?p=46675' aria-hidden='false' data-av_icon='\ue805' data-av_iconfont='entypo-fontello' title='' data-avia-related-tooltip='Compartir por correo'><span class='avia_hidden_link_text'>Compartir por correo<\/span><\/a><\/li><\/ul><\/div><\/div>\n<div  style='height:50px' class='hr hr-invisible   avia-builder-el-8  el_after_av_social_share  el_before_av_comments_list '><span class='hr-inner ' ><span class='hr-inner-style'><\/span><\/span><\/div>\n<div  class='av-buildercomment  av-blog-meta-html-info-disabled av-blog-meta-tag-disabled  '><\/div>\n","protected":false},"excerpt":{"rendered":"","protected":false},"author":1,"featured_media":38114,"comment_status":"open","ping_status":"open","sticky":false,"template":"","format":"standard","meta":{"footnotes":""},"categories":[55],"tags":[],"class_list":["post-46675","post","type-post","status-publish","format-standard","has-post-thumbnail","hentry","category-justicia"],"jetpack_featured_media_url":"https:\/\/radiorevelacionfm.cl\/wp-content\/uploads\/2023\/12\/Fiscalia3-1-1.jpeg","_links":{"self":[{"href":"https:\/\/radiorevelacionfm.cl\/index.php?rest_route=\/wp\/v2\/posts\/46675","targetHints":{"allow":["GET"]}}],"collection":[{"href":"https:\/\/radiorevelacionfm.cl\/index.php?rest_route=\/wp\/v2\/posts"}],"about":[{"href":"https:\/\/radiorevelacionfm.cl\/index.php?rest_route=\/wp\/v2\/types\/post"}],"author":[{"embeddable":true,"href":"https:\/\/radiorevelacionfm.cl\/index.php?rest_route=\/wp\/v2\/users\/1"}],"replies":[{"embeddable":true,"href":"https:\/\/radiorevelacionfm.cl\/index.php?rest_route=%2Fwp%2Fv2%2Fcomments&post=46675"}],"version-history":[{"count":1,"href":"https:\/\/radiorevelacionfm.cl\/index.php?rest_route=\/wp\/v2\/posts\/46675\/revisions"}],"predecessor-version":[{"id":46676,"href":"https:\/\/radiorevelacionfm.cl\/index.php?rest_route=\/wp\/v2\/posts\/46675\/revisions\/46676"}],"wp:featuredmedia":[{"embeddable":true,"href":"https:\/\/radiorevelacionfm.cl\/index.php?rest_route=\/wp\/v2\/media\/38114"}],"wp:attachment":[{"href":"https:\/\/radiorevelacionfm.cl\/index.php?rest_route=%2Fwp%2Fv2%2Fmedia&parent=46675"}],"wp:term":[{"taxonomy":"category","embeddable":true,"href":"https:\/\/radiorevelacionfm.cl\/index.php?rest_route=%2Fwp%2Fv2%2Fcategories&post=46675"},{"taxonomy":"post_tag","embeddable":true,"href":"https:\/\/radiorevelacionfm.cl\/index.php?rest_route=%2Fwp%2Fv2%2Ftags&post=46675"}],"curies":[{"name":"wp","href":"https:\/\/api.w.org\/{rel}","templated":true}]}}