{"id":46672,"date":"2024-10-02T09:58:17","date_gmt":"2024-10-02T12:58:17","guid":{"rendered":"https:\/\/radiorevelacionfm.cl\/?p=46672"},"modified":"2024-10-02T09:58:17","modified_gmt":"2024-10-02T12:58:17","slug":"presentan-a-director-titular-para-el-hospital-de-puerto-aysen","status":"publish","type":"post","link":"https:\/\/radiorevelacionfm.cl\/?p=46672","title":{"rendered":"Presentan a director titular para el Hospital de Puerto Ays\u00e9n"},"content":{"rendered":"<div class=\"flex_column av_one_full  flex_column_div av-zero-column-padding first  avia-builder-el-0  el_before_av_one_full  avia-builder-el-first  \" style='border-radius:0px; '><div  class='avia-image-container  av-styling-    avia-builder-el-1  avia-builder-el-no-sibling  avia-align-center '  itemprop=\"image\" itemscope=\"itemscope\" itemtype=\"https:\/\/schema.org\/ImageObject\"  ><div class='avia-image-container-inner'><div class='avia-image-overlay-wrap'><img decoding=\"async\" class='wp-image-46673 avia-img-lazy-loading-not-46673 avia_image' src=\"https:\/\/radiorevelacionfm.cl\/wp-content\/uploads\/2024\/10\/director-4-1_optimized.jpeg\" alt='' title='director-4-(1)_optimized' height=\"600\" width=\"994\"  itemprop=\"thumbnailUrl\" srcset=\"https:\/\/radiorevelacionfm.cl\/wp-content\/uploads\/2024\/10\/director-4-1_optimized.jpeg 994w, https:\/\/radiorevelacionfm.cl\/wp-content\/uploads\/2024\/10\/director-4-1_optimized-300x181.jpeg 300w, https:\/\/radiorevelacionfm.cl\/wp-content\/uploads\/2024\/10\/director-4-1_optimized-768x464.jpeg 768w, https:\/\/radiorevelacionfm.cl\/wp-content\/uploads\/2024\/10\/director-4-1_optimized-705x426.jpeg 705w, https:\/\/radiorevelacionfm.cl\/wp-content\/uploads\/2024\/10\/director-4-1_optimized-450x272.jpeg 450w, https:\/\/radiorevelacionfm.cl\/wp-content\/uploads\/2024\/10\/director-4-1_optimized-600x362.jpeg 600w\" sizes=\"(max-width: 994px) 100vw, 994px\" \/><\/div><\/div><\/div><\/div><div class=\"flex_column av_one_full  flex_column_div av-zero-column-padding first  avia-builder-el-2  el_after_av_one_full  el_before_av_one_full  column-top-margin\" style='border-radius:0px; '><section class=\"av_textblock_section \"  itemscope=\"itemscope\" itemtype=\"https:\/\/schema.org\/BlogPosting\" itemprop=\"blogPost\" ><div class='avia_textblock  '   itemprop=\"text\" ><p style=\"text-align: center;\"><strong><span style=\"font-size: 18pt;\">Presentan a director titular para el Hospital de Puerto Ays\u00e9n<\/span><\/strong><\/p>\n<div id=\"gtx-trans\" style=\"position: absolute; left: -50px; top: 4.31534px;\">\n<div class=\"gtx-trans-icon\"><\/div>\n<\/div>\n<\/div><\/section><\/div><div class=\"flex_column av_one_full  flex_column_div av-zero-column-padding first  avia-builder-el-4  el_after_av_one_full  el_before_av_hr  column-top-margin\" style='border-radius:0px; '><section class=\"av_textblock_section \"  itemscope=\"itemscope\" itemtype=\"https:\/\/schema.org\/BlogPosting\" itemprop=\"blogPost\" ><div class='avia_textblock  '   itemprop=\"text\" ><p style=\"font-weight: 400; text-align: justify;\"><em>Tras un proceso de selecci\u00f3n a cargo del Sistema de Alta Direcci\u00f3n P\u00fablica del Servicio Civil, Hern\u00e1n Barrientos Hern\u00e1ndez, asumi\u00f3 el desaf\u00edo de liderar el recinto en su misi\u00f3n de brindar atenci\u00f3n de calidad a la comunidad porte\u00f1a.<\/em><\/p>\n<p style=\"font-weight: 400; text-align: justify;\">En una ceremonia que reuni\u00f3 a autoridades, funcionarios y representantes de la sociedad civil, se realiz\u00f3 la presentaci\u00f3n oficial del nuevo director titular del Hospital de Puerto Ays\u00e9n. Se trata de Hern\u00e1n Barrientos Hern\u00e1ndez, Tecn\u00f3logo M\u00e9dico y residente de esa comuna, quien, tras haber superado un riguroso proceso de selecci\u00f3n convocado por el Sistema de Alta Direcci\u00f3n P\u00fablica del Servicio Civil, asumi\u00f3 desde el 01 de octubre el liderazgo de este importante recinto de la Red Asistencial del Servicio de Salud Ays\u00e9n (SSA).<\/p>\n<p style=\"font-weight: 400; text-align: justify;\">Barrientos Hern\u00e1ndez, cuenta con una s\u00f3lida trayectoria en gesti\u00f3n cl\u00ednica y hospitalaria y con m\u00e1s de 27 a\u00f1os de experiencia en la Red Asistencial del SSA.<\/p>\n<p style=\"font-weight: 400; text-align: justify;\">La presentaci\u00f3n cont\u00f3 con la presencia del director del SSA, quien dio la bienvenida al nuevo liderazgo, destacando su trayectoria y compromiso para enfrentar los desaf\u00edos actuales que se viven en la salud de la comuna.<\/p>\n<p style=\"font-weight: 400; text-align: justify;\">\u201cUna excelente noticia, hoy presentamos a la comunidad y a las asociaciones gremiales el nuevo director del Hospital de Puerto Ays\u00e9n, quien gan\u00f3 el concurso por Alta Direcci\u00f3n P\u00fablica, \u00e9l asume desde el primero de octubre y tiene bastantes desaf\u00edos por delante; como la implementaci\u00f3n de los partos requerido por la comunidad, los ex\u00e1menes de tomograf\u00eda axial computarizada\u00a0(TAC), lo estamos trabajando para el pr\u00f3ximo a\u00f1o, entre otros desaf\u00edos\u201d, expres\u00f3 Juan Pablo Bravo Quintana, director del Servicio de Salud Ays\u00e9n.<\/p>\n<p style=\"font-weight: 400; text-align: justify;\">A su vez, el director del Servicio agreg\u00f3 el entusiasmo y compromiso del nuevo director del hospital. \u201c\u00c9l est\u00e1 con todas las ganas, es de la localidad y se suma al equipo directivo del Hospital y sin duda va a tener todo el apoyo desde la Direcci\u00f3n del Servicio de Salud para sacar todos los proyectos que estamos desarrollando junto con los funcionarios, directiva del dispositivo y la comunidad\u201d, dijo Bravo Quintana.<\/p>\n<p style=\"font-weight: 400; text-align: justify;\">Por su parte, el nuevo director agradeci\u00f3 la confianza depositada en esta nueva etapa y se\u00f1al\u00f3 su disposici\u00f3n a trabajar de manera conjunta con el equipo del hospital y la comunidad, enfocado en el fortalecimiento cl\u00ednico y especializado, as\u00ed como en la implementaci\u00f3n de mejoras en infraestructura y tecnolog\u00eda que impacten positivamente en la salud de los habitantes de Puerto Ays\u00e9n y sus alrededores.<\/p>\n<p style=\"font-weight: 400; text-align: justify;\">\u201cAbsolutamente agradecido por la tremenda oportunidad de asumir la direcci\u00f3n del hospital de Puerto Ays\u00e9n. Muy contento y agradecido a la Direcci\u00f3n del Servicio de Salud que me da esta oportunidad, el primer desaf\u00edo va a ser conversar directamente con la comunidad, tener puertas abiertas del hospital de forma permanente, yo creo que eso va a ser fundamental\u201d, manifest\u00f3 Hern\u00e1n Barrientos Hern\u00e1ndez, director del Hospital de Puerto Ays\u00e9n.<\/p>\n<p style=\"font-weight: 400; text-align: justify;\">\u00a0El Consejo de Desarrollo Local de Salud tambi\u00e9n expres\u00f3 su apoyo al nuevo director y reafirm\u00f3 su compromiso de seguir siendo un puente entre la comunidad y el hospital, para asegurar que las necesidades de los usuarios sean escuchadas y atendidas de manera oportuna.<\/p>\n<p style=\"font-weight: 400; text-align: justify;\">\u201cEsperamos que sea un trabajo asociativo y colaborativo entre el Servicio de Salud Ays\u00e9n, el hospital y los dirigentes de la comuna para el beneficio de la comunidad, esperamos tener buenos resultados en los proyectos, pendientes y brechas que existen (\u2026) esperamos que el nuevo director sea un poco m\u00e1s resolutivo para mejoras en la salud\u201d, Soledad Ojeda, presidenta del Consejo Consultivo del Hospital de Puerto Ays\u00e9n.<\/p>\n<p style=\"font-weight: 400; text-align: justify;\">Por \u00faltimo, cabe mencionar que el nuevo director del hospital de mediana complejidad, posee diplomados en Gesti\u00f3n P\u00fablica, Liderazgo de Equipos de Alto Desempe\u00f1o, Transformaci\u00f3n Digital y Cambio Cultural, y en Preparaci\u00f3n y Evaluaci\u00f3n Social de Proyectos, entre otros.<\/p>\n<\/div><\/section><\/div><div  style='height:50px' class='hr hr-invisible   avia-builder-el-6  el_after_av_one_full  el_before_av_social_share '><span class='hr-inner ' ><span class='hr-inner-style'><\/span><\/span><\/div><\/p>\n<div  class='av-social-sharing-box  avia-builder-el-7  el_after_av_hr  el_before_av_hr  '><div class='av-share-box'><h5 class='av-share-link-description av-no-toc '>Compartir esta noticia<\/h5><ul class='av-share-box-list noLightbox'><li class='av-share-link av-social-link-facebook' ><a target=\"_blank\" aria-label=\"Compartir en Facebook\" href='https:\/\/www.facebook.com\/sharer.php?u=https:\/\/radiorevelacionfm.cl\/?p=46672&#038;t=Presentan%20a%20director%20titular%20para%20el%20Hospital%20de%20Puerto%20Ays%C3%A9n' aria-hidden='false' data-av_icon='\ue8f3' data-av_iconfont='entypo-fontello' title='' data-avia-related-tooltip='Compartir en Facebook' rel=\"noopener\"><span class='avia_hidden_link_text'>Compartir en Facebook<\/span><\/a><\/li><li class='av-share-link av-social-link-twitter' ><a target=\"_blank\" aria-label=\"Compartir en Twitter\" href='https:\/\/twitter.com\/share?text=Presentan%20a%20director%20titular%20para%20el%20Hospital%20de%20Puerto%20Ays%C3%A9n&#038;url=https:\/\/radiorevelacionfm.cl\/?p=46672' aria-hidden='false' data-av_icon='\ue8f1' data-av_iconfont='entypo-fontello' title='' data-avia-related-tooltip='Compartir en Twitter' rel=\"noopener\"><span class='avia_hidden_link_text'>Compartir en Twitter<\/span><\/a><\/li><li class='av-share-link av-social-link-whatsapp' ><a target=\"_blank\" aria-label=\"Compartir en Whatsapp\" href='https:\/\/api.whatsapp.com\/send?text=https:\/\/radiorevelacionfm.cl\/?p=46672' aria-hidden='false' data-av_icon='\uf232' data-av_iconfont='entypo-fontello' title='' data-avia-related-tooltip='Compartir en Whatsapp' rel=\"noopener\"><span class='avia_hidden_link_text'>Compartir en Whatsapp<\/span><\/a><\/li><li class='av-share-link av-social-link-linkedin' ><a target=\"_blank\" aria-label=\"Compartir en LinkedIn\" href='https:\/\/linkedin.com\/shareArticle?mini=true&#038;title=Presentan%20a%20director%20titular%20para%20el%20Hospital%20de%20Puerto%20Ays%C3%A9n&#038;url=https:\/\/radiorevelacionfm.cl\/?p=46672' aria-hidden='false' data-av_icon='\ue8fc' data-av_iconfont='entypo-fontello' title='' data-avia-related-tooltip='Compartir en LinkedIn' rel=\"noopener\"><span class='avia_hidden_link_text'>Compartir en LinkedIn<\/span><\/a><\/li><li class='av-share-link av-social-link-mail' ><a  aria-label=\"Compartir por correo\" href='mailto:?subject=Presentan%20a%20director%20titular%20para%20el%20Hospital%20de%20Puerto%20Ays%C3%A9n&#038;body=https:\/\/radiorevelacionfm.cl\/?p=46672' aria-hidden='false' data-av_icon='\ue805' data-av_iconfont='entypo-fontello' title='' data-avia-related-tooltip='Compartir por correo'><span class='avia_hidden_link_text'>Compartir por correo<\/span><\/a><\/li><\/ul><\/div><\/div>\n<div  style='height:50px' class='hr hr-invisible   avia-builder-el-8  el_after_av_social_share  el_before_av_comments_list '><span class='hr-inner ' ><span class='hr-inner-style'><\/span><\/span><\/div>\n<div  class='av-buildercomment  av-blog-meta-html-info-disabled av-blog-meta-tag-disabled  '><\/div>\n","protected":false},"excerpt":{"rendered":"","protected":false},"author":1,"featured_media":46673,"comment_status":"open","ping_status":"open","sticky":false,"template":"","format":"standard","meta":{"footnotes":""},"categories":[46],"tags":[],"class_list":["post-46672","post","type-post","status-publish","format-standard","has-post-thumbnail","hentry","category-salud"],"jetpack_featured_media_url":"https:\/\/radiorevelacionfm.cl\/wp-content\/uploads\/2024\/10\/director-4-1_optimized.jpeg","_links":{"self":[{"href":"https:\/\/radiorevelacionfm.cl\/index.php?rest_route=\/wp\/v2\/posts\/46672","targetHints":{"allow":["GET"]}}],"collection":[{"href":"https:\/\/radiorevelacionfm.cl\/index.php?rest_route=\/wp\/v2\/posts"}],"about":[{"href":"https:\/\/radiorevelacionfm.cl\/index.php?rest_route=\/wp\/v2\/types\/post"}],"author":[{"embeddable":true,"href":"https:\/\/radiorevelacionfm.cl\/index.php?rest_route=\/wp\/v2\/users\/1"}],"replies":[{"embeddable":true,"href":"https:\/\/radiorevelacionfm.cl\/index.php?rest_route=%2Fwp%2Fv2%2Fcomments&post=46672"}],"version-history":[{"count":1,"href":"https:\/\/radiorevelacionfm.cl\/index.php?rest_route=\/wp\/v2\/posts\/46672\/revisions"}],"predecessor-version":[{"id":46674,"href":"https:\/\/radiorevelacionfm.cl\/index.php?rest_route=\/wp\/v2\/posts\/46672\/revisions\/46674"}],"wp:featuredmedia":[{"embeddable":true,"href":"https:\/\/radiorevelacionfm.cl\/index.php?rest_route=\/wp\/v2\/media\/46673"}],"wp:attachment":[{"href":"https:\/\/radiorevelacionfm.cl\/index.php?rest_route=%2Fwp%2Fv2%2Fmedia&parent=46672"}],"wp:term":[{"taxonomy":"category","embeddable":true,"href":"https:\/\/radiorevelacionfm.cl\/index.php?rest_route=%2Fwp%2Fv2%2Fcategories&post=46672"},{"taxonomy":"post_tag","embeddable":true,"href":"https:\/\/radiorevelacionfm.cl\/index.php?rest_route=%2Fwp%2Fv2%2Ftags&post=46672"}],"curies":[{"name":"wp","href":"https:\/\/api.w.org\/{rel}","templated":true}]}}