{"id":46667,"date":"2024-10-02T21:11:53","date_gmt":"2024-10-03T00:11:53","guid":{"rendered":"https:\/\/radiorevelacionfm.cl\/?p=46667"},"modified":"2024-10-02T21:11:53","modified_gmt":"2024-10-03T00:11:53","slug":"concluye-periodo-de-gestion-de-episodios-criticos-en-coyhaique","status":"publish","type":"post","link":"https:\/\/radiorevelacionfm.cl\/?p=46667","title":{"rendered":"Concluye per\u00edodo de Gesti\u00f3n de Episodios Cr\u00edticos en Coyhaique"},"content":{"rendered":"<div class=\"flex_column av_one_full  flex_column_div av-zero-column-padding first  avia-builder-el-0  el_before_av_one_full  avia-builder-el-first  \" style='border-radius:0px; '><div  class='avia-image-container  av-styling-    avia-builder-el-1  avia-builder-el-no-sibling  avia-align-center '  itemprop=\"image\" itemscope=\"itemscope\" itemtype=\"https:\/\/schema.org\/ImageObject\"  ><div class='avia-image-container-inner'><div class='avia-image-overlay-wrap'><img decoding=\"async\" class='wp-image-46668 avia-img-lazy-loading-not-46668 avia_image' src=\"https:\/\/radiorevelacionfm.cl\/wp-content\/uploads\/2024\/10\/2-7-1-1-1_optimized-1.jpg\" alt='' title='2-(7)-(1)-(1)-(1)_optimized (1)' height=\"600\" width=\"1045\"  itemprop=\"thumbnailUrl\" srcset=\"https:\/\/radiorevelacionfm.cl\/wp-content\/uploads\/2024\/10\/2-7-1-1-1_optimized-1.jpg 1045w, https:\/\/radiorevelacionfm.cl\/wp-content\/uploads\/2024\/10\/2-7-1-1-1_optimized-1-300x172.jpg 300w, https:\/\/radiorevelacionfm.cl\/wp-content\/uploads\/2024\/10\/2-7-1-1-1_optimized-1-1030x591.jpg 1030w, https:\/\/radiorevelacionfm.cl\/wp-content\/uploads\/2024\/10\/2-7-1-1-1_optimized-1-768x441.jpg 768w, https:\/\/radiorevelacionfm.cl\/wp-content\/uploads\/2024\/10\/2-7-1-1-1_optimized-1-705x405.jpg 705w, https:\/\/radiorevelacionfm.cl\/wp-content\/uploads\/2024\/10\/2-7-1-1-1_optimized-1-450x258.jpg 450w, https:\/\/radiorevelacionfm.cl\/wp-content\/uploads\/2024\/10\/2-7-1-1-1_optimized-1-600x344.jpg 600w\" sizes=\"(max-width: 1045px) 100vw, 1045px\" \/><\/div><\/div><\/div><\/div><div class=\"flex_column av_one_full  flex_column_div av-zero-column-padding first  avia-builder-el-2  el_after_av_one_full  el_before_av_one_full  column-top-margin\" style='border-radius:0px; '><section class=\"av_textblock_section \"  itemscope=\"itemscope\" itemtype=\"https:\/\/schema.org\/BlogPosting\" itemprop=\"blogPost\" ><div class='avia_textblock  '   itemprop=\"text\" ><p style=\"text-align: center;\"><span style=\"font-size: 18pt;\"><strong>Concluye per\u00edodo de Gesti\u00f3n de Episodios Cr\u00edticos en Coyhaique<\/strong><\/span><\/p>\n<div id=\"gtx-trans\" style=\"position: absolute; left: -50px; top: 4.31534px;\">\n<div class=\"gtx-trans-icon\"><\/div>\n<\/div>\n<\/div><\/section><\/div><div class=\"flex_column av_one_full  flex_column_div av-zero-column-padding first  avia-builder-el-4  el_after_av_one_full  el_before_av_hr  column-top-margin\" style='border-radius:0px; '><section class=\"av_textblock_section \"  itemscope=\"itemscope\" itemtype=\"https:\/\/schema.org\/BlogPosting\" itemprop=\"blogPost\" ><div class='avia_textblock  '   itemprop=\"text\" ><p style=\"text-align: justify;\">Este 30 de septiembre concluy\u00f3 el periodo de Gesti\u00f3n de Episodios Cr\u00edticos GEC en la zona saturada de Coyhaique, per\u00edodo de 6 meses que se extiende desde abril hasta septiembre y que considera las restricciones y recomendaciones indicadas en el Plan de Descontaminaci\u00f3n Atmosf\u00e9rica para monitorear y disminuir las emisiones de contaminantes asociados a los meses de oto\u00f1o \u2013invierno producto del aumento del uso de calefacci\u00f3n domiciliaria a le\u00f1a.<\/p>\n<p style=\"text-align: justify;\">Seg\u00fan indica el reporte del a\u00f1o 2024, durante este periodo GEC, se registraron un total de 87 episodios cr\u00edticos constatados, un 17 % m\u00e1s que el periodo 2023. Los episodios cr\u00edticos constatados se desglosan en 29 alertas, 36 preemergencias y 22 episodios de emergencia ambiental.<\/p>\n<p style=\"text-align: justify;\">\u201cSi bien hemos experimentado un aumento en nuestros episodios cr\u00edticos, registramos 3 emergencias m\u00e1s que el a\u00f1o pasado, hecho que era esperable si consideramos el estudio meteorol\u00f3gico de CIEP, que nos indica que las condiciones climatol\u00f3gicas muestran una tendencia aumentar las temperaturas bajo cero y la disminuci\u00f3n de la ventilaci\u00f3n en comparaci\u00f3n a a\u00f1os anteriores, lo que nos pone en un escenario adverso \u00a0en t\u00e9rminos de calidad del aire y a la vez propicio para experimentar episodios cr\u00edticos, sin embargo, seguimos fortaleciendo las medidas, para que estos no tengan un aumento considerable y m\u00e1s bien tiendan a mantenerse o disminuir\u201d, declar\u00f3 el Seremi del Medio Ambiente, Yoal D\u00edaz, agregando que durante 2024 a modo excepcional, el mes de mayo registr\u00f3 temperaturas y precipitaciones hist\u00f3ricamente bajas \u201csabemos que la meteorolog\u00eda no nos acompa\u00f1a, y es por eso que hoy m\u00e1s que nunca, nuestras medidas deben fortalecerse, el trabajo de reactivaci\u00f3n del programa de recambio de calefactores mostrar\u00e1 sus avances en el pr\u00f3ximo periodo GEC y as\u00ed tambi\u00e9n, la actualizaci\u00f3n de nuestro PDA de Coyhaique, que ya est\u00e1 en curso, porque no podemos controlar la meteorolog\u00eda, pero si nuestras emisiones\u201d.<\/p>\n<p style=\"text-align: justify;\">En una mirada hist\u00f3rica, la autoridad ambiental relev\u00f3 que a pesar de que las condiciones climatol\u00f3gicas han ido empeorando con los a\u00f1os, las medidas del PDA han ido haciendo frente a la problem\u00e1tica logrando disminuciones graduales en los episodios cr\u00edticos, por cuanto; respecto del a\u00f1o 2016, a\u00f1o en se inicia el Plan de Descontaminaci\u00f3n de Coyhaique, en 2024 los episodios totales disminuyeron en un 19%, los episodios de emergencia tambi\u00e9n disminuyeron en el mismo porcentaje y los episodios de preemergencia presentan una disminuci\u00f3n del 27%.<\/p>\n<p style=\"text-align: justify;\"><strong>Fiscalizaci\u00f3n<\/strong><\/p>\n<p style=\"text-align: justify;\">En t\u00e9rminos de fiscalizaci\u00f3n, es labor de la Superintendencia del Medio Ambiente SMA, verificar el cumplimiento de la prohibici\u00f3n del uso de artefactos a le\u00f1a en establecimientos p\u00fablicos, municipales y comercio local, medida que seg\u00fan reporta la \u00a0Superintendencia, fiscaliz\u00f3 a 76 locales comerciales de los cuales solo hubo 1 incumplimiento, donde se le dio plazo de 1 semana para retirar el calefactor a le\u00f1a, medida realizada por el locatario.<\/p>\n<p style=\"text-align: justify;\">As\u00ed tambi\u00e9n, durante el periodo GEC, es responsabilidad de la SEREMI de Salud, la fiscalizaci\u00f3n de las restricciones en la zona saturada, activadas durante episodios de emergencia, pre emergencia y alerta, para lo que desde la SEREMI de Salud reportan que durante el periodo GEC 2024 se fiscalizaron 41 d\u00edas con episodios, de los cuales se cursaron 5 sumarios sanitarios en la zona saturada.<\/p>\n<p style=\"text-align: justify;\"><strong>Avanza actualizaci\u00f3n PDA Coyhaique<\/strong><\/p>\n<p style=\"text-align: justify;\">Este a\u00f1o se inici\u00f3 la revisi\u00f3n y actualizaci\u00f3n del Plan de Descontaminaci\u00f3n Atmosf\u00e9rica de Coyhaique, proceso que est\u00e1 en manos del reci\u00e9n conformado Comit\u00e9 Operativo , que incluye a los servicios competentes: SEREMI de Salud, SEREMI de Energ\u00eda, SEREMI de Transporte y Telecomunicaciones, SEREMI de Vivienda y Urbanismo, Educaci\u00f3n, Ilustre Municipalidad de Coyhaique, Delegaci\u00f3n Regional Presidencial, Servicio de Vivienda y Urbanismo y Superintendencia del Medio Ambiente.<\/p>\n<p style=\"text-align: justify;\">Para la elaboraci\u00f3n el Anteproyecto de Actualizaci\u00f3n, los servicios pertinentes contar\u00e1n adem\u00e1s con el apoyo de estudios contratados para dichos efectos, tambi\u00e9n se convocar\u00e1 a un comit\u00e9 operativo ampliado que sumar\u00e1 adem\u00e1s a la academia, expertos y organizaciones sociales.<\/p>\n<p style=\"text-align: justify;\">El documento final deber\u00e1 someterse a un proceso de participaci\u00f3n ciudadana y adem\u00e1s ser sancionado por el consejo de ministros.<\/p>\n<\/div><\/section><\/div><div  style='height:50px' class='hr hr-invisible   avia-builder-el-6  el_after_av_one_full  el_before_av_social_share '><span class='hr-inner ' ><span class='hr-inner-style'><\/span><\/span><\/div><\/p>\n<div  class='av-social-sharing-box  avia-builder-el-7  el_after_av_hr  el_before_av_hr  '><div class='av-share-box'><h5 class='av-share-link-description av-no-toc '>Compartir esta noticia<\/h5><ul class='av-share-box-list noLightbox'><li class='av-share-link av-social-link-facebook' ><a target=\"_blank\" aria-label=\"Compartir en Facebook\" href='https:\/\/www.facebook.com\/sharer.php?u=https:\/\/radiorevelacionfm.cl\/?p=46667&#038;t=Concluye%20per%C3%ADodo%20de%20Gesti%C3%B3n%20de%20Episodios%20Cr%C3%ADticos%20en%20Coyhaique' aria-hidden='false' data-av_icon='\ue8f3' data-av_iconfont='entypo-fontello' title='' data-avia-related-tooltip='Compartir en Facebook' rel=\"noopener\"><span class='avia_hidden_link_text'>Compartir en Facebook<\/span><\/a><\/li><li class='av-share-link av-social-link-twitter' ><a target=\"_blank\" aria-label=\"Compartir en Twitter\" href='https:\/\/twitter.com\/share?text=Concluye%20per%C3%ADodo%20de%20Gesti%C3%B3n%20de%20Episodios%20Cr%C3%ADticos%20en%20Coyhaique&#038;url=https:\/\/radiorevelacionfm.cl\/?p=46667' aria-hidden='false' data-av_icon='\ue8f1' data-av_iconfont='entypo-fontello' title='' data-avia-related-tooltip='Compartir en Twitter' rel=\"noopener\"><span class='avia_hidden_link_text'>Compartir en Twitter<\/span><\/a><\/li><li class='av-share-link av-social-link-whatsapp' ><a target=\"_blank\" aria-label=\"Compartir en Whatsapp\" href='https:\/\/api.whatsapp.com\/send?text=https:\/\/radiorevelacionfm.cl\/?p=46667' aria-hidden='false' data-av_icon='\uf232' data-av_iconfont='entypo-fontello' title='' data-avia-related-tooltip='Compartir en Whatsapp' rel=\"noopener\"><span class='avia_hidden_link_text'>Compartir en Whatsapp<\/span><\/a><\/li><li class='av-share-link av-social-link-linkedin' ><a target=\"_blank\" aria-label=\"Compartir en LinkedIn\" href='https:\/\/linkedin.com\/shareArticle?mini=true&#038;title=Concluye%20per%C3%ADodo%20de%20Gesti%C3%B3n%20de%20Episodios%20Cr%C3%ADticos%20en%20Coyhaique&#038;url=https:\/\/radiorevelacionfm.cl\/?p=46667' aria-hidden='false' data-av_icon='\ue8fc' data-av_iconfont='entypo-fontello' title='' data-avia-related-tooltip='Compartir en LinkedIn' rel=\"noopener\"><span class='avia_hidden_link_text'>Compartir en LinkedIn<\/span><\/a><\/li><li class='av-share-link av-social-link-mail' ><a  aria-label=\"Compartir por correo\" href='mailto:?subject=Concluye%20per%C3%ADodo%20de%20Gesti%C3%B3n%20de%20Episodios%20Cr%C3%ADticos%20en%20Coyhaique&#038;body=https:\/\/radiorevelacionfm.cl\/?p=46667' aria-hidden='false' data-av_icon='\ue805' data-av_iconfont='entypo-fontello' title='' data-avia-related-tooltip='Compartir por correo'><span class='avia_hidden_link_text'>Compartir por correo<\/span><\/a><\/li><\/ul><\/div><\/div>\n<div  style='height:50px' class='hr hr-invisible   avia-builder-el-8  el_after_av_social_share  el_before_av_comments_list '><span class='hr-inner ' ><span class='hr-inner-style'><\/span><\/span><\/div>\n<div  class='av-buildercomment  av-blog-meta-html-info-disabled av-blog-meta-tag-disabled  '><\/div>\n","protected":false},"excerpt":{"rendered":"","protected":false},"author":1,"featured_media":46668,"comment_status":"open","ping_status":"open","sticky":false,"template":"","format":"standard","meta":{"footnotes":""},"categories":[39],"tags":[],"class_list":["post-46667","post","type-post","status-publish","format-standard","has-post-thumbnail","hentry","category-medio-ambiente"],"jetpack_featured_media_url":"https:\/\/radiorevelacionfm.cl\/wp-content\/uploads\/2024\/10\/2-7-1-1-1_optimized-1.jpg","_links":{"self":[{"href":"https:\/\/radiorevelacionfm.cl\/index.php?rest_route=\/wp\/v2\/posts\/46667","targetHints":{"allow":["GET"]}}],"collection":[{"href":"https:\/\/radiorevelacionfm.cl\/index.php?rest_route=\/wp\/v2\/posts"}],"about":[{"href":"https:\/\/radiorevelacionfm.cl\/index.php?rest_route=\/wp\/v2\/types\/post"}],"author":[{"embeddable":true,"href":"https:\/\/radiorevelacionfm.cl\/index.php?rest_route=\/wp\/v2\/users\/1"}],"replies":[{"embeddable":true,"href":"https:\/\/radiorevelacionfm.cl\/index.php?rest_route=%2Fwp%2Fv2%2Fcomments&post=46667"}],"version-history":[{"count":1,"href":"https:\/\/radiorevelacionfm.cl\/index.php?rest_route=\/wp\/v2\/posts\/46667\/revisions"}],"predecessor-version":[{"id":46669,"href":"https:\/\/radiorevelacionfm.cl\/index.php?rest_route=\/wp\/v2\/posts\/46667\/revisions\/46669"}],"wp:featuredmedia":[{"embeddable":true,"href":"https:\/\/radiorevelacionfm.cl\/index.php?rest_route=\/wp\/v2\/media\/46668"}],"wp:attachment":[{"href":"https:\/\/radiorevelacionfm.cl\/index.php?rest_route=%2Fwp%2Fv2%2Fmedia&parent=46667"}],"wp:term":[{"taxonomy":"category","embeddable":true,"href":"https:\/\/radiorevelacionfm.cl\/index.php?rest_route=%2Fwp%2Fv2%2Fcategories&post=46667"},{"taxonomy":"post_tag","embeddable":true,"href":"https:\/\/radiorevelacionfm.cl\/index.php?rest_route=%2Fwp%2Fv2%2Ftags&post=46667"}],"curies":[{"name":"wp","href":"https:\/\/api.w.org\/{rel}","templated":true}]}}