{"id":46663,"date":"2024-10-02T10:08:27","date_gmt":"2024-10-02T13:08:27","guid":{"rendered":"https:\/\/radiorevelacionfm.cl\/?p=46663"},"modified":"2024-10-02T10:08:27","modified_gmt":"2024-10-02T13:08:27","slug":"eclipse-solar-anular-todo-lo-que-necesitas-saber-para-no-danar-tu-vision","status":"publish","type":"post","link":"https:\/\/radiorevelacionfm.cl\/?p=46663","title":{"rendered":"Eclipse solar anular: Todo lo que necesitas saber para no da\u00f1ar tu visi\u00f3n"},"content":{"rendered":"<div class=\"flex_column av_one_full  flex_column_div av-zero-column-padding first  avia-builder-el-0  el_before_av_one_full  avia-builder-el-first  \" style='border-radius:0px; '><div  class='avia-image-container  av-styling-    avia-builder-el-1  avia-builder-el-no-sibling  avia-align-center '  itemprop=\"image\" itemscope=\"itemscope\" itemtype=\"https:\/\/schema.org\/ImageObject\"  ><div class='avia-image-container-inner'><div class='avia-image-overlay-wrap'><img decoding=\"async\" class='wp-image-46664 avia-img-lazy-loading-not-46664 avia_image' src=\"https:\/\/radiorevelacionfm.cl\/wp-content\/uploads\/2024\/10\/eclipse-1-1-1.jpg\" alt='' title='eclipse 1 (1) (1)' height=\"600\" width=\"911\"  itemprop=\"thumbnailUrl\" srcset=\"https:\/\/radiorevelacionfm.cl\/wp-content\/uploads\/2024\/10\/eclipse-1-1-1.jpg 911w, https:\/\/radiorevelacionfm.cl\/wp-content\/uploads\/2024\/10\/eclipse-1-1-1-300x198.jpg 300w, https:\/\/radiorevelacionfm.cl\/wp-content\/uploads\/2024\/10\/eclipse-1-1-1-768x506.jpg 768w, https:\/\/radiorevelacionfm.cl\/wp-content\/uploads\/2024\/10\/eclipse-1-1-1-705x464.jpg 705w, https:\/\/radiorevelacionfm.cl\/wp-content\/uploads\/2024\/10\/eclipse-1-1-1-450x296.jpg 450w, https:\/\/radiorevelacionfm.cl\/wp-content\/uploads\/2024\/10\/eclipse-1-1-1-600x395.jpg 600w\" sizes=\"(max-width: 911px) 100vw, 911px\" \/><\/div><\/div><\/div><\/div><div class=\"flex_column av_one_full  flex_column_div av-zero-column-padding first  avia-builder-el-2  el_after_av_one_full  el_before_av_one_full  column-top-margin\" style='border-radius:0px; '><section class=\"av_textblock_section \"  itemscope=\"itemscope\" itemtype=\"https:\/\/schema.org\/BlogPosting\" itemprop=\"blogPost\" ><div class='avia_textblock  '   itemprop=\"text\" ><p style=\"text-align: center;\"><span style=\"font-size: 18pt;\"><b>Eclipse solar anular: Todo lo que necesitas saber para no da\u00f1ar tu visi\u00f3n<\/b><\/span><\/p>\n<div id=\"gtx-trans\" style=\"position: absolute; left: -50px; top: 4.31534px;\">\n<div class=\"gtx-trans-icon\"><\/div>\n<\/div>\n<\/div><\/section><\/div><div class=\"flex_column av_one_full  flex_column_div av-zero-column-padding first  avia-builder-el-4  el_after_av_one_full  el_before_av_hr  column-top-margin\" style='border-radius:0px; '><section class=\"av_textblock_section \"  itemscope=\"itemscope\" itemtype=\"https:\/\/schema.org\/BlogPosting\" itemprop=\"blogPost\" ><div class='avia_textblock  '   itemprop=\"text\" ><p style=\"text-align: justify;\"><em>No s\u00f3lo las personas que est\u00e9n en la Isla de Rapa Nui<\/em>\u00a0<em>y Ays\u00e9n deben proteger sus ojos para mirar el eclipse solar de este 02 de octubre. Los especialistas hacen un llamado desde Arica a Punta Arenas para tomar precauciones durante este evento.<\/em><\/p>\n<p style=\"text-align: justify;\"><em>Las cajas, las radiograf\u00edas y los anteojos con filtros UV no son suficientes para cuidarse ante los rayos en observaci\u00f3n directa. Los efectos pueden ser irreversibles, con p\u00e9rdida de la agudeza y del campo visual.<\/em><\/p>\n<p style=\"font-weight: 400; text-align: justify;\">Este 02 de octubre, a medio d\u00eda, se ver\u00e1 en Chile un nuevo eclipse solar anular, tambi\u00e9n conocido como \u201canillo de fuego\u201d, donde la Luna pasar\u00e1 entre la Tierra y el Sol. El evento durar\u00e1 alrededor de siete minutos y se podr\u00e1 ver de mejor forma en la Isla de Rapa Nui y Ays\u00e9n, especialmente en el Parque Nacional Laguna San Rafael.<\/p>\n<p style=\"font-weight: 400; text-align: justify;\">Sin embargo, aunque en esta oportunidad la luna no cubrir\u00e1 por completo la luz solar, especialistas de la salud enfatizan que de igual manera existen riesgos al mirar directamente el Sol, aun cuando est\u00e9 el cielo nublado y no se est\u00e9 en las localidades con mejor visi\u00f3n.<\/p>\n<p style=\"font-weight: 400; text-align: justify;\">\u201cLa exposici\u00f3n prolongada y sin protecci\u00f3n a la luz ultravioleta (UV) de la luz solar, l\u00e1seres y soldaduras por arco provoca da\u00f1os en la retina externa. Los fotorreceptores y el epitelio pigmentario de la retina ubicados en el polo posterior son particularmente susceptibles a esta radiaci\u00f3n. Cl\u00e1sicamente conocida como retinopat\u00eda solar, este trastorno afecta con frecuencia a individuos j\u00f3venes que tienen lentes transparentes y una propensi\u00f3n a observar eclipses solares\u201d, explica el\u00a0Dr. Dar\u00edo V\u00e1squez, jefe de oftalmolog\u00eda de Cl\u00ednica Ciudad del Mar.<\/p>\n<p style=\"font-weight: 400; text-align: justify;\">Asimismo, el\u00a0Dr. Jos\u00e9 Luis Liebbe, oftalm\u00f3logo retin\u00f3logo de Cl\u00ednica D\u00e1vila, agrega que los principales s\u00edntomas de la retinopat\u00eda solar son:<\/p>\n<ul style=\"font-weight: 400; text-align: justify;\">\n<li>Disminuci\u00f3n visual<\/li>\n<li>La percepci\u00f3n de una mancha negra central (escotoma)<\/li>\n<li>La disminuci\u00f3n de la percepci\u00f3n de colores (discromatopsia)<\/li>\n<\/ul>\n<p style=\"font-weight: 400; text-align: justify;\">Estas reacciones pueden manifestarse desde horas y hasta d\u00edas despu\u00e9s de la exposici\u00f3n directa a la luz solar, y aunque el pron\u00f3stico de la retinopat\u00eda ultravioleta aguda es favorable, ya que la mayor\u00eda de los casos se recuperan por completo, hay un porcentaje significativo de pacientes que sufren secuelas cr\u00f3nicas, como la reducci\u00f3n de la agudeza visual y escotomas centrales y paracentrales de por vida.<\/p>\n<p style=\"font-weight: 400; text-align: justify;\"><strong>\u00bfQu\u00e9 evitar usar para observar el eclipse de sol?<\/strong><\/p>\n<p style=\"font-weight: 400; text-align: justify;\">El\u00a0Dr. Alfredo Labarca, urgenci\u00f3logo de Help, aconseja no utilizar productos comprados en lugares no establecidos y que no est\u00e9n creados para este tipo de eventos. Como, por ejemplo:<\/p>\n<ul style=\"font-weight: 400; text-align: justify;\">\n<li>Lentes de sol sin certificaci\u00f3n<\/li>\n<li>C\u00e1maras fotogr\u00e1ficas, celulares, binoculares o telescopios sin filtro especializado<\/li>\n<li>Placas de radiograf\u00edas<\/li>\n<li>Rollos fotogr\u00e1ficos<\/li>\n<li>Cajas con agujeros<\/li>\n<li>Vidrio ahumado<\/li>\n<\/ul>\n<p style=\"font-weight: 400; text-align: justify;\"><strong>\u00bfC\u00f3mo observar este fen\u00f3meno de manera segura?<\/strong><\/p>\n<p style=\"font-weight: 400; text-align: justify;\">Por su parte, el\u00a0Dr. Paulo Alves da Costa, oftalm\u00f3logo de Cl\u00ednica Santa Mar\u00eda, entrega recomendaciones para disfrutar de este eclipse sin da\u00f1ar la salud.<\/p>\n<ul style=\"font-weight: 400; text-align: justify;\">\n<li>Usar gafas especiales para eclipses solares que est\u00e9n certificadas seg\u00fan la\u00a0norma ISO 12312-2, ya que est\u00e1n dise\u00f1adas para bloquear casi toda la luz solar da\u00f1ina, incluidos los rayos ultravioletas (UV), infrarrojos y la luz visible intensa que puede da\u00f1ar la retina.<\/li>\n<li>Utilizar filtros solares de grado profesional en telescopios, binoculares o c\u00e1maras si deseas observar el eclipse de forma m\u00e1s detallada.<\/li>\n<\/ul>\n<ul style=\"font-weight: 400; text-align: justify;\">\n<li>No mirar directamente al sol, ni siquiera durante los eclipses, sin la protecci\u00f3n adecuada.<\/li>\n<\/ul>\n<\/div><\/section><\/div><div  style='height:50px' class='hr hr-invisible   avia-builder-el-6  el_after_av_one_full  el_before_av_social_share '><span class='hr-inner ' ><span class='hr-inner-style'><\/span><\/span><\/div><\/p>\n<div  class='av-social-sharing-box  avia-builder-el-7  el_after_av_hr  el_before_av_hr  '><div class='av-share-box'><h5 class='av-share-link-description av-no-toc '>Compartir esta noticia<\/h5><ul class='av-share-box-list noLightbox'><li class='av-share-link av-social-link-facebook' ><a target=\"_blank\" aria-label=\"Compartir en Facebook\" href='https:\/\/www.facebook.com\/sharer.php?u=https:\/\/radiorevelacionfm.cl\/?p=46663&#038;t=Eclipse%20solar%20anular%3A%20Todo%20lo%20que%20necesitas%20saber%20para%20no%20da%C3%B1ar%20tu%20visi%C3%B3n' aria-hidden='false' data-av_icon='\ue8f3' data-av_iconfont='entypo-fontello' title='' data-avia-related-tooltip='Compartir en Facebook' rel=\"noopener\"><span class='avia_hidden_link_text'>Compartir en Facebook<\/span><\/a><\/li><li class='av-share-link av-social-link-twitter' ><a target=\"_blank\" aria-label=\"Compartir en Twitter\" href='https:\/\/twitter.com\/share?text=Eclipse%20solar%20anular%3A%20Todo%20lo%20que%20necesitas%20saber%20para%20no%20da%C3%B1ar%20tu%20visi%C3%B3n&#038;url=https:\/\/radiorevelacionfm.cl\/?p=46663' aria-hidden='false' data-av_icon='\ue8f1' data-av_iconfont='entypo-fontello' title='' data-avia-related-tooltip='Compartir en Twitter' rel=\"noopener\"><span class='avia_hidden_link_text'>Compartir en Twitter<\/span><\/a><\/li><li class='av-share-link av-social-link-whatsapp' ><a target=\"_blank\" aria-label=\"Compartir en Whatsapp\" href='https:\/\/api.whatsapp.com\/send?text=https:\/\/radiorevelacionfm.cl\/?p=46663' aria-hidden='false' data-av_icon='\uf232' data-av_iconfont='entypo-fontello' title='' data-avia-related-tooltip='Compartir en Whatsapp' rel=\"noopener\"><span class='avia_hidden_link_text'>Compartir en Whatsapp<\/span><\/a><\/li><li class='av-share-link av-social-link-linkedin' ><a target=\"_blank\" aria-label=\"Compartir en LinkedIn\" href='https:\/\/linkedin.com\/shareArticle?mini=true&#038;title=Eclipse%20solar%20anular%3A%20Todo%20lo%20que%20necesitas%20saber%20para%20no%20da%C3%B1ar%20tu%20visi%C3%B3n&#038;url=https:\/\/radiorevelacionfm.cl\/?p=46663' aria-hidden='false' data-av_icon='\ue8fc' data-av_iconfont='entypo-fontello' title='' data-avia-related-tooltip='Compartir en LinkedIn' rel=\"noopener\"><span class='avia_hidden_link_text'>Compartir en LinkedIn<\/span><\/a><\/li><li class='av-share-link av-social-link-mail' ><a  aria-label=\"Compartir por correo\" href='mailto:?subject=Eclipse%20solar%20anular%3A%20Todo%20lo%20que%20necesitas%20saber%20para%20no%20da%C3%B1ar%20tu%20visi%C3%B3n&#038;body=https:\/\/radiorevelacionfm.cl\/?p=46663' aria-hidden='false' data-av_icon='\ue805' data-av_iconfont='entypo-fontello' title='' data-avia-related-tooltip='Compartir por correo'><span class='avia_hidden_link_text'>Compartir por correo<\/span><\/a><\/li><\/ul><\/div><\/div>\n<div  style='height:50px' class='hr hr-invisible   avia-builder-el-8  el_after_av_social_share  el_before_av_comments_list '><span class='hr-inner ' ><span class='hr-inner-style'><\/span><\/span><\/div>\n<div  class='av-buildercomment  av-blog-meta-html-info-disabled av-blog-meta-tag-disabled  '><\/div>\n","protected":false},"excerpt":{"rendered":"","protected":false},"author":1,"featured_media":46664,"comment_status":"open","ping_status":"open","sticky":false,"template":"","format":"standard","meta":{"footnotes":""},"categories":[61],"tags":[],"class_list":["post-46663","post","type-post","status-publish","format-standard","has-post-thumbnail","hentry","category-nacional"],"jetpack_featured_media_url":"https:\/\/radiorevelacionfm.cl\/wp-content\/uploads\/2024\/10\/eclipse-1-1-1.jpg","_links":{"self":[{"href":"https:\/\/radiorevelacionfm.cl\/index.php?rest_route=\/wp\/v2\/posts\/46663","targetHints":{"allow":["GET"]}}],"collection":[{"href":"https:\/\/radiorevelacionfm.cl\/index.php?rest_route=\/wp\/v2\/posts"}],"about":[{"href":"https:\/\/radiorevelacionfm.cl\/index.php?rest_route=\/wp\/v2\/types\/post"}],"author":[{"embeddable":true,"href":"https:\/\/radiorevelacionfm.cl\/index.php?rest_route=\/wp\/v2\/users\/1"}],"replies":[{"embeddable":true,"href":"https:\/\/radiorevelacionfm.cl\/index.php?rest_route=%2Fwp%2Fv2%2Fcomments&post=46663"}],"version-history":[{"count":1,"href":"https:\/\/radiorevelacionfm.cl\/index.php?rest_route=\/wp\/v2\/posts\/46663\/revisions"}],"predecessor-version":[{"id":46665,"href":"https:\/\/radiorevelacionfm.cl\/index.php?rest_route=\/wp\/v2\/posts\/46663\/revisions\/46665"}],"wp:featuredmedia":[{"embeddable":true,"href":"https:\/\/radiorevelacionfm.cl\/index.php?rest_route=\/wp\/v2\/media\/46664"}],"wp:attachment":[{"href":"https:\/\/radiorevelacionfm.cl\/index.php?rest_route=%2Fwp%2Fv2%2Fmedia&parent=46663"}],"wp:term":[{"taxonomy":"category","embeddable":true,"href":"https:\/\/radiorevelacionfm.cl\/index.php?rest_route=%2Fwp%2Fv2%2Fcategories&post=46663"},{"taxonomy":"post_tag","embeddable":true,"href":"https:\/\/radiorevelacionfm.cl\/index.php?rest_route=%2Fwp%2Fv2%2Ftags&post=46663"}],"curies":[{"name":"wp","href":"https:\/\/api.w.org\/{rel}","templated":true}]}}