{"id":46658,"date":"2024-10-02T11:35:05","date_gmt":"2024-10-02T14:35:05","guid":{"rendered":"https:\/\/radiorevelacionfm.cl\/?p=46658"},"modified":"2024-10-02T11:35:05","modified_gmt":"2024-10-02T14:35:05","slug":"las-medidas-que-propone-la-reforma-previsional-para-incrementar-los-ahorros-de-los-trabajadores-independientes-no-obligados-a-cotizar-y-los-afiliados-voluntarios","status":"publish","type":"post","link":"https:\/\/radiorevelacionfm.cl\/?p=46658","title":{"rendered":"Las medidas que propone la reforma previsional para incrementar los ahorros de los trabajadores independientes no obligados a cotizar y los afiliados voluntarios"},"content":{"rendered":"<div class=\"flex_column av_one_full  flex_column_div av-zero-column-padding first  avia-builder-el-0  el_before_av_one_full  avia-builder-el-first  \" style='border-radius:0px; '><div  class='avia-image-container  av-styling-    avia-builder-el-1  avia-builder-el-no-sibling  avia-align-center '  itemprop=\"image\" itemscope=\"itemscope\" itemtype=\"https:\/\/schema.org\/ImageObject\"  ><div class='avia-image-container-inner'><div class='avia-image-overlay-wrap'><img decoding=\"async\" class='wp-image-46659 avia-img-lazy-loading-not-46659 avia_image' src=\"https:\/\/radiorevelacionfm.cl\/wp-content\/uploads\/2024\/10\/250924-MinistraJara_Senado-1-1.jpeg\" alt='' title='250924-MinistraJara_Senado (1) (1)' height=\"600\" width=\"897\"  itemprop=\"thumbnailUrl\" srcset=\"https:\/\/radiorevelacionfm.cl\/wp-content\/uploads\/2024\/10\/250924-MinistraJara_Senado-1-1.jpeg 897w, https:\/\/radiorevelacionfm.cl\/wp-content\/uploads\/2024\/10\/250924-MinistraJara_Senado-1-1-300x201.jpeg 300w, https:\/\/radiorevelacionfm.cl\/wp-content\/uploads\/2024\/10\/250924-MinistraJara_Senado-1-1-768x514.jpeg 768w, https:\/\/radiorevelacionfm.cl\/wp-content\/uploads\/2024\/10\/250924-MinistraJara_Senado-1-1-705x472.jpeg 705w, https:\/\/radiorevelacionfm.cl\/wp-content\/uploads\/2024\/10\/250924-MinistraJara_Senado-1-1-450x301.jpeg 450w, https:\/\/radiorevelacionfm.cl\/wp-content\/uploads\/2024\/10\/250924-MinistraJara_Senado-1-1-600x401.jpeg 600w\" sizes=\"(max-width: 897px) 100vw, 897px\" \/><\/div><\/div><\/div><\/div><div class=\"flex_column av_one_full  flex_column_div av-zero-column-padding first  avia-builder-el-2  el_after_av_one_full  el_before_av_one_full  column-top-margin\" style='border-radius:0px; '><section class=\"av_textblock_section \"  itemscope=\"itemscope\" itemtype=\"https:\/\/schema.org\/BlogPosting\" itemprop=\"blogPost\" ><div class='avia_textblock  '   itemprop=\"text\" ><p style=\"text-align: center;\"><span style=\"font-size: 18pt;\"><b><span lang=\"ES-TRAD\">Las medidas que propone la reforma previsional para incrementar los ahorros de los trabajadores independientes no obligados a cotizar y los afiliados voluntarios<\/span><\/b><\/span><\/p>\n<div id=\"gtx-trans\" style=\"position: absolute; left: -50px; top: 4.31534px;\">\n<div class=\"gtx-trans-icon\"><\/div>\n<\/div>\n<\/div><\/section><\/div><div class=\"flex_column av_one_full  flex_column_div av-zero-column-padding first  avia-builder-el-4  el_after_av_one_full  el_before_av_hr  column-top-margin\" style='border-radius:0px; '><section class=\"av_textblock_section \"  itemscope=\"itemscope\" itemtype=\"https:\/\/schema.org\/BlogPosting\" itemprop=\"blogPost\" ><div class='avia_textblock  '   itemprop=\"text\" ><p style=\"text-align: justify;\"><em>La Comisi\u00f3n de Trabajo del Senado aprob\u00f3, ad referendum, mecanismos para mejorar la constancia en el tiempo de las cotizaciones y elevar el ahorro de estos grupos.<\/em><\/p>\n<p style=\"text-align: justify;\">A fines de agosto e inicios de septiembre, la Comisi\u00f3n de Trabajo y Previsi\u00f3n Social del Senado aprob\u00f3, ad referendum, dos medidas contempladas en la reforma previsional del Gobierno que buscan aumentar la densidad de cotizaciones y potenciar el ahorro previsional. Se trata del Seguro de Lagunas y el alza del tope imponible.<\/p>\n<p style=\"text-align: justify;\">Pero la reforma contin\u00faa su avance y el mi\u00e9rcoles 25 de septiembre, la instancia legislativa vis\u00f3, tambi\u00e9n\u00a0ad referendum, dos nuevas iniciativas que buscan el mismo objetivo de fortalecer el ahorro para pensiones de dos grupos espec\u00edficos: los trabajadores independientes no obligados a cotizar y los afiliados voluntarios.<\/p>\n<p style=\"text-align: justify;\">La ministra del Trabajo y Previsi\u00f3n Social, Jeannette Jara, indic\u00f3 que \u00abexiste un acuerdo transversal de que necesitamos incrementar el ahorro previsional para mejorar las futuras pensiones, lo que fue refrendado por el Comit\u00e9 T\u00e9cnico que se cre\u00f3 al alero de la Comisi\u00f3n de Trabajo del Senado. Con estas medidas, buscamos simplificar y facilitar la cotizaci\u00f3n de grupos espec\u00edficos de trabajadores y afiliados\u00bb.<\/p>\n<p style=\"text-align: justify;\">En este sentido, la Seremi(s) de Trabajo y Previsi\u00f3n Social, Paulina Ruz, hizo hincapi\u00e9 en la importancia de los pasos que est\u00e1n dando en el debate por mejorar pensiones, \u00abTodos y todas estamos de acuerdo que las pensiones deben subir de manera urgente, por eso, valoramos positivamente desde la Seremi de Trabajo y Previsi\u00f3n Social de la Regi\u00f3n de Ays\u00e9n, que se lleguen a ciertos acuerdos en el Senado. En este caso, debemos destacar el acuerdo para potenciar el ahorro y aumentar la densidad de cotizaciones previsionales, principalmente y precisamente en aquellos grupos de trabajadores y trabajadoras que tienen mayores lagunas previsionales, como son los independientes. Junto a ello, es destacable que se pueda voluntariamente apoyar con\u00a0cotizaci\u00f3n en favor de un c\u00f3nyuge, conviviente civil o hacia los hijos, aunque aquellos trabajen, lo cual, sin lugar a duda, aumentar\u00e1 su pensi\u00f3n al momento de jubilar\u00bb.<\/p>\n<p style=\"text-align: justify;\">Con todo, es necesario preguntarse: \u00bfqui\u00e9nes son los trabajadores independientes no obligados a cotizar, pero que pueden hacerlo voluntariamente, y los afiliados voluntarios? Para esto, hay que ir por parte.<\/p>\n<p style=\"text-align: justify;\"><strong>Independientes no obligados<\/strong><\/p>\n<p style=\"text-align: justify;\">Considerando la calidad contractual o del tipo de afiliaci\u00f3n al sistema de pensiones, existen varios tipos de cotizantes. El grupo mayor es el de los trabajadores dependientes, que son aquellos que tienen un contrato de trabajo y que pagan obligatoriamente sus cotizaciones, las que son retenidas por el empleador para ser depositadas en su cuenta individual de AFP.<\/p>\n<p style=\"text-align: justify;\">Seg\u00fan la \u00faltima Ficha Estad\u00edstica Previsional de la Superintendencia de Pensiones, en julio pasado fueron 5,6 millones de personas las que cotizaron en calidad de dependientes.<\/p>\n<p style=\"text-align: justify;\">Tambi\u00e9n est\u00e1n los trabajadores independientes, que realizan una actividad econ\u00f3mica por cuenta propia y\/o que emiten boletas de honorarios. En este grupo est\u00e1n los obligados a cotizar, seg\u00fan lo estableci\u00f3 la reforma previsional de 2008, y son aquellos trabajadores independientes que emiten boletas de honorarios. En este caso, la cotizaci\u00f3n se efect\u00faa en la Operaci\u00f3n Renta de cada a\u00f1o, con cargo a la devoluci\u00f3n de impuesto a la renta.<\/p>\n<p style=\"text-align: justify;\">En el mismo grupo de los trabajadores\u00a0independientes est\u00e1n los que realizan una actividad econ\u00f3mica por cuenta propia y que no est\u00e1n obligados a cotizar, pero que pueden hacerlo voluntariamente para los reg\u00edmenes previsionales de salud y pensiones, como lo consigna el Decreto Ley 3.500, que regula el sistema de pensiones. Esto se efect\u00faa seg\u00fan la renta que declaren, que no puede ser inferior al ingreso m\u00ednimo ni superior al tope imponible, y es de cargo personal.<\/p>\n<p style=\"text-align: justify;\">Para cotizar, los trabajadores independientes no obligados deben hacerlo de forma mensual, ya sea de manera presencial o por medios electr\u00f3nicos, y declarar constantemente la renta. Esto supone un desincentivo, pues requiere tiempo y constancia.<\/p>\n<p style=\"text-align: justify;\">Para facilitar la cotizaci\u00f3n de este grupo y as\u00ed aumentar su volumen de ahorro previsional y su pensi\u00f3n, la propuesta del Ejecutivo que\u00a0la Comisi\u00f3n de Trabajo y Previsi\u00f3n Social del Senado aprob\u00f3,\u00a0ad referendum,\u00a0consiste en un mecanismo simplificado de cotizaci\u00f3n mediante la posibilidad de un convenio de pago autom\u00e1tico de parte del afiliado, con cargo a sus cuentas bancarias, por el plazo de un a\u00f1o y renovable autom\u00e1ticamente.<\/p>\n<p style=\"text-align: justify;\">De esta manera, el afiliado s\u00f3lo declarar\u00e1 renta una vez al a\u00f1o y no tendr\u00e1 que ingresar todos los meses a pagar, lo que incentivar\u00e1 la constancia para su aporte previsional y, por ende, mejorar\u00e1 su futura pensi\u00f3n.<\/p>\n<p style=\"text-align: justify;\">En julio de 2024 cotizaron, de forma voluntaria, 52.080 trabajadores independientes no obligados a hacerlo: 33.111 fueron hombres y 18.969, mujeres. La cotizaci\u00f3n de este grupo en dicho mes fue por un ingreso promedio de $750.805, de acuerdo a informaci\u00f3n de la Superintendencia de Pensiones.<\/p>\n<p style=\"text-align: justify;\"><strong>\u00bfY los afiliados voluntarios?<\/strong><\/p>\n<p style=\"text-align: justify;\">Los afiliados voluntarios son personas que, sin ejercer una actividad remunerada, enteran cotizaciones previsionales en una cuenta de capitalizaci\u00f3n individual voluntaria en una AFP. Estas cotizaciones pueden ser efectuadas por otra persona natural en su nombre y con la periodicidad que estime conveniente. Por ejemplo, un padre o madre puede enterar cotizaciones en una cuenta individual voluntaria de hijos o hijas.<\/p>\n<p style=\"text-align: justify;\">La cotizaci\u00f3n no puede ser inferior a la que se calcule respecto del monto del ingreso m\u00ednimo para fines no remuneracionales ($322.295).<\/p>\n<p style=\"text-align: justify;\">Para facilitar la cotizaci\u00f3n en beneficio de los afiliados voluntarios, la Comisi\u00f3n de Trabajo y Previsi\u00f3n Social del Senado tambi\u00e9n aprob\u00f3,\u00a0ad referendum,\u00a0otra propuesta del Ejecutivo que busca ampliar el universo de afiliados voluntarios que podr\u00edan recibir el pago de cotizaciones por parte de un tercero.<\/p>\n<p style=\"text-align: justify;\">En este sentido, la propuesta establece que se permitir\u00e1 que un trabajador pueda autorizar descuentos por planilla con su empleador, destinados a la cuenta de capitalizaci\u00f3n individual de afiliado voluntario de sus hijos o hijas. La regulaci\u00f3n actual s\u00f3lo permite que se pueden destinar a cuenta de afiliado voluntario de c\u00f3nyuge o conviviente civil.<\/p>\n<p style=\"text-align: justify;\">Adem\u00e1s, se facilitar\u00e1 la cotizaci\u00f3n en favor de c\u00f3nyuge, conviviente civil o los hijos, incluso cuando perciban una remuneraci\u00f3n y, por tanto, coticen previsionalmente de forma obligatoria.<\/p>\n<p style=\"text-align: justify;\">Los datos de la Superintendencia de Pensiones indican que, a julio de 2024, cotizaron un total de 970 afiliados voluntarios: 382 fueron hombres y 588, mujeres, quienes aportaron por un ingreso promedio de $601.045.<\/p>\n<\/div><\/section><\/div><div  style='height:50px' class='hr hr-invisible   avia-builder-el-6  el_after_av_one_full  el_before_av_social_share '><span class='hr-inner ' ><span class='hr-inner-style'><\/span><\/span><\/div><\/p>\n<div  class='av-social-sharing-box  avia-builder-el-7  el_after_av_hr  el_before_av_hr  '><div class='av-share-box'><h5 class='av-share-link-description av-no-toc '>Compartir esta noticia<\/h5><ul class='av-share-box-list noLightbox'><li class='av-share-link av-social-link-facebook' ><a target=\"_blank\" aria-label=\"Compartir en Facebook\" href='https:\/\/www.facebook.com\/sharer.php?u=https:\/\/radiorevelacionfm.cl\/?p=46658&#038;t=Las%20medidas%20que%20propone%20la%20reforma%20previsional%20para%20incrementar%20los%20ahorros%20de%20los%20trabajadores%20independientes%20no%20obligados%20a%20cotizar%20y%20los%20afiliados%20voluntarios' aria-hidden='false' data-av_icon='\ue8f3' data-av_iconfont='entypo-fontello' title='' data-avia-related-tooltip='Compartir en Facebook' rel=\"noopener\"><span class='avia_hidden_link_text'>Compartir en Facebook<\/span><\/a><\/li><li class='av-share-link av-social-link-twitter' ><a target=\"_blank\" aria-label=\"Compartir en Twitter\" href='https:\/\/twitter.com\/share?text=Las%20medidas%20que%20propone%20la%20reforma%20previsional%20para%20incrementar%20los%20ahorros%20de%20los%20trabajadores%20independientes%20no%20obligados%20a%20cotizar%20y%20los%20afiliados%20voluntarios&#038;url=https:\/\/radiorevelacionfm.cl\/?p=46658' aria-hidden='false' data-av_icon='\ue8f1' data-av_iconfont='entypo-fontello' title='' data-avia-related-tooltip='Compartir en Twitter' rel=\"noopener\"><span class='avia_hidden_link_text'>Compartir en Twitter<\/span><\/a><\/li><li class='av-share-link av-social-link-whatsapp' ><a target=\"_blank\" aria-label=\"Compartir en Whatsapp\" href='https:\/\/api.whatsapp.com\/send?text=https:\/\/radiorevelacionfm.cl\/?p=46658' aria-hidden='false' data-av_icon='\uf232' data-av_iconfont='entypo-fontello' title='' data-avia-related-tooltip='Compartir en Whatsapp' rel=\"noopener\"><span class='avia_hidden_link_text'>Compartir en Whatsapp<\/span><\/a><\/li><li class='av-share-link av-social-link-linkedin' ><a target=\"_blank\" aria-label=\"Compartir en LinkedIn\" href='https:\/\/linkedin.com\/shareArticle?mini=true&#038;title=Las%20medidas%20que%20propone%20la%20reforma%20previsional%20para%20incrementar%20los%20ahorros%20de%20los%20trabajadores%20independientes%20no%20obligados%20a%20cotizar%20y%20los%20afiliados%20voluntarios&#038;url=https:\/\/radiorevelacionfm.cl\/?p=46658' aria-hidden='false' data-av_icon='\ue8fc' data-av_iconfont='entypo-fontello' title='' data-avia-related-tooltip='Compartir en LinkedIn' rel=\"noopener\"><span class='avia_hidden_link_text'>Compartir en LinkedIn<\/span><\/a><\/li><li class='av-share-link av-social-link-mail' ><a  aria-label=\"Compartir por correo\" href='mailto:?subject=Las%20medidas%20que%20propone%20la%20reforma%20previsional%20para%20incrementar%20los%20ahorros%20de%20los%20trabajadores%20independientes%20no%20obligados%20a%20cotizar%20y%20los%20afiliados%20voluntarios&#038;body=https:\/\/radiorevelacionfm.cl\/?p=46658' aria-hidden='false' data-av_icon='\ue805' data-av_iconfont='entypo-fontello' title='' data-avia-related-tooltip='Compartir por correo'><span class='avia_hidden_link_text'>Compartir por correo<\/span><\/a><\/li><\/ul><\/div><\/div>\n<div  style='height:50px' class='hr hr-invisible   avia-builder-el-8  el_after_av_social_share  el_before_av_comments_list '><span class='hr-inner ' ><span class='hr-inner-style'><\/span><\/span><\/div>\n<div  class='av-buildercomment  av-blog-meta-html-info-disabled av-blog-meta-tag-disabled  '><\/div>\n","protected":false},"excerpt":{"rendered":"","protected":false},"author":1,"featured_media":46659,"comment_status":"open","ping_status":"open","sticky":false,"template":"","format":"standard","meta":{"footnotes":""},"categories":[56],"tags":[],"class_list":["post-46658","post","type-post","status-publish","format-standard","has-post-thumbnail","hentry","category-trabajo"],"jetpack_featured_media_url":"https:\/\/radiorevelacionfm.cl\/wp-content\/uploads\/2024\/10\/250924-MinistraJara_Senado-1-1.jpeg","_links":{"self":[{"href":"https:\/\/radiorevelacionfm.cl\/index.php?rest_route=\/wp\/v2\/posts\/46658","targetHints":{"allow":["GET"]}}],"collection":[{"href":"https:\/\/radiorevelacionfm.cl\/index.php?rest_route=\/wp\/v2\/posts"}],"about":[{"href":"https:\/\/radiorevelacionfm.cl\/index.php?rest_route=\/wp\/v2\/types\/post"}],"author":[{"embeddable":true,"href":"https:\/\/radiorevelacionfm.cl\/index.php?rest_route=\/wp\/v2\/users\/1"}],"replies":[{"embeddable":true,"href":"https:\/\/radiorevelacionfm.cl\/index.php?rest_route=%2Fwp%2Fv2%2Fcomments&post=46658"}],"version-history":[{"count":1,"href":"https:\/\/radiorevelacionfm.cl\/index.php?rest_route=\/wp\/v2\/posts\/46658\/revisions"}],"predecessor-version":[{"id":46660,"href":"https:\/\/radiorevelacionfm.cl\/index.php?rest_route=\/wp\/v2\/posts\/46658\/revisions\/46660"}],"wp:featuredmedia":[{"embeddable":true,"href":"https:\/\/radiorevelacionfm.cl\/index.php?rest_route=\/wp\/v2\/media\/46659"}],"wp:attachment":[{"href":"https:\/\/radiorevelacionfm.cl\/index.php?rest_route=%2Fwp%2Fv2%2Fmedia&parent=46658"}],"wp:term":[{"taxonomy":"category","embeddable":true,"href":"https:\/\/radiorevelacionfm.cl\/index.php?rest_route=%2Fwp%2Fv2%2Fcategories&post=46658"},{"taxonomy":"post_tag","embeddable":true,"href":"https:\/\/radiorevelacionfm.cl\/index.php?rest_route=%2Fwp%2Fv2%2Ftags&post=46658"}],"curies":[{"name":"wp","href":"https:\/\/api.w.org\/{rel}","templated":true}]}}