{"id":46656,"date":"2024-10-01T21:00:23","date_gmt":"2024-10-02T00:00:23","guid":{"rendered":"https:\/\/radiorevelacionfm.cl\/?p=46656"},"modified":"2024-10-01T21:00:23","modified_gmt":"2024-10-02T00:00:23","slug":"diputados-ofician-a-ministra-de-desarrollo-social-por-retraso-en-obras-de-rodoviarios-de-puerto-cisnes-y-la-junta","status":"publish","type":"post","link":"https:\/\/radiorevelacionfm.cl\/?p=46656","title":{"rendered":"Diputados ofician a Ministra de Desarrollo Social por retraso en obras de rodoviarios de Puerto Cisnes y La Junta"},"content":{"rendered":"<div class=\"flex_column av_one_full  flex_column_div av-zero-column-padding first  avia-builder-el-0  el_before_av_one_full  avia-builder-el-first  \" style='border-radius:0px; '><div  class='avia-image-container  av-styling-    avia-builder-el-1  avia-builder-el-no-sibling  avia-align-center '  itemprop=\"image\" itemscope=\"itemscope\" itemtype=\"https:\/\/schema.org\/ImageObject\"  ><div class='avia-image-container-inner'><div class='avia-image-overlay-wrap'><img decoding=\"async\" class='wp-image-31190 avia-img-lazy-loading-not-31190 avia_image' src=\"https:\/\/radiorevelacionfm.cl\/wp-content\/uploads\/2023\/05\/2_puerto_cisnes-1_optimized-1.jpg\" alt='' title='2_puerto_cisnes-(1)_optimized (1)' height=\"600\" width=\"800\"  itemprop=\"thumbnailUrl\" srcset=\"https:\/\/radiorevelacionfm.cl\/wp-content\/uploads\/2023\/05\/2_puerto_cisnes-1_optimized-1.jpg 800w, https:\/\/radiorevelacionfm.cl\/wp-content\/uploads\/2023\/05\/2_puerto_cisnes-1_optimized-1-300x225.jpg 300w, https:\/\/radiorevelacionfm.cl\/wp-content\/uploads\/2023\/05\/2_puerto_cisnes-1_optimized-1-768x576.jpg 768w, https:\/\/radiorevelacionfm.cl\/wp-content\/uploads\/2023\/05\/2_puerto_cisnes-1_optimized-1-705x529.jpg 705w, https:\/\/radiorevelacionfm.cl\/wp-content\/uploads\/2023\/05\/2_puerto_cisnes-1_optimized-1-450x338.jpg 450w, https:\/\/radiorevelacionfm.cl\/wp-content\/uploads\/2023\/05\/2_puerto_cisnes-1_optimized-1-600x450.jpg 600w\" sizes=\"(max-width: 800px) 100vw, 800px\" \/><\/div><\/div><\/div><\/div><div class=\"flex_column av_one_full  flex_column_div av-zero-column-padding first  avia-builder-el-2  el_after_av_one_full  el_before_av_one_full  column-top-margin\" style='border-radius:0px; '><section class=\"av_textblock_section \"  itemscope=\"itemscope\" itemtype=\"https:\/\/schema.org\/BlogPosting\" itemprop=\"blogPost\" ><div class='avia_textblock  '   itemprop=\"text\" ><p style=\"text-align: center;\"><span style=\"font-size: 18pt;\"><b>Diputados ofician a Ministra de Desarrollo Social por retraso en obras de rodoviarios de Puerto Cisnes y La Junta<\/b><\/span><\/p>\n<div id=\"gtx-trans\" style=\"position: absolute; left: -50px; top: 4.31534px;\">\n<div class=\"gtx-trans-icon\"><\/div>\n<\/div>\n<\/div><\/section><\/div><div class=\"flex_column av_one_full  flex_column_div av-zero-column-padding first  avia-builder-el-4  el_after_av_one_full  el_before_av_hr  column-top-margin\" style='border-radius:0px; '><section class=\"av_textblock_section \"  itemscope=\"itemscope\" itemtype=\"https:\/\/schema.org\/BlogPosting\" itemprop=\"blogPost\" ><div class='avia_textblock  '   itemprop=\"text\" ><p style=\"font-weight: 400; text-align: justify;\"><em>Los parlamentarios Jorge Alessandri, Miguel Angel Calisto y Ren\u00e9 Alinco, explicaron que desde 2021 est\u00e1n paralizadas las obras de los proyectos de rodoviarios en las comunas de Puerto Cisnes y La Junta, en la regi\u00f3n de Ays\u00e9n, lo que est\u00e1 generando malestar en la poblaci\u00f3n.<\/em><\/p>\n<p style=\"font-weight: 400; text-align: justify;\">Los diputados Jorge Alessandri, Miguel \u00c1ngel Calisto y Ren\u00e9 Alinco, enviaron un oficio a la Ministra de Desarrollo Social, Javiera Toro, debido a que su cartera no ha entregado los permisos que corresponden para dar viabilidad a la construcci\u00f3n de los terminales de buses de Puerto Cisnes y La Junta.<\/p>\n<p style=\"font-weight: 400; text-align: justify;\">El diputado Alessandri se\u00f1al\u00f3 que \u201ceste es un Gobierno que ha hecho diversos \u00e9nfasis en la importancia de acelerar los permisos de los proyectos, pero en este caso no se ha hecho nada. Es impresentable que un proyecto que podr\u00eda cambiar la calidad de vida de los chilenos y chilenas, especialmente en zonas tan aisladas como Puerto Cisnes y La Junta, no se tome en cuenta por parte del Ejecutivo\u201d.<\/p>\n<p style=\"font-weight: 400; text-align: justify;\">Mientras, el diputado Calisto, dijo que \u201chemos presentado un documento para solicitar que el Ministerio de Desarrollo Social pueda revisar el proceso administrativo en el cual hoy d\u00eda se encuentran dos proyectos de terminales de buses, particularmente la Junta y de Puerto Cisnes, dos proyectos de rodoviario muy importantes para una comuna con un gran potencial tur\u00edstico y que lamentablemente est\u00e1n paralizados en el Ministerio de Desarrollo Social sin revisi\u00f3n\u201d.<\/p>\n<p style=\"font-weight: 400; text-align: justify;\">Calisto agreg\u00f3 que \u201cpara nosotros es importante que se pueda agilizar los procesos de ambos proyectos para poder tener la aprobaci\u00f3n, de lo contrario vamos a tener el vencimiento de los convenios de dichos proyectos, lo que va a evitar finalmente que podamos concretar los terminales de buses para la Junta y tambi\u00e9n para Puerto Cisnes. Es fundamental que estos proyectos avancen, por eso hemos sumado fuerzas con los diputados Alessandri y Alinco para solicitar explicaciones por parte del Ministerio de Desarrollo Social del avance de estas iniciativas de infraestructura, las que adem\u00e1s van a fomentar el desarrollo econ\u00f3mico\u201d.<\/p>\n<p style=\"font-weight: 400; text-align: justify;\">De esta manera, en el oficio se solicita el informe del estado actual efectivo del proceso administrativo en el que se encuentran ambos proyectos; las razones de la demora en dichos permisos; y agilizar el proceso de ambos proyectos, a fin que cuenten con las aprobaciones.<\/p>\n<p style=\"font-weight: 400; text-align: justify;\">Lo anterior, debido a que podr\u00eda ser desechado por el vencimiento de los convenios de dichos proyectos.<\/p>\n<\/div><\/section><\/div><div  style='height:50px' class='hr hr-invisible   avia-builder-el-6  el_after_av_one_full  el_before_av_social_share '><span class='hr-inner ' ><span class='hr-inner-style'><\/span><\/span><\/div><\/p>\n<div  class='av-social-sharing-box  avia-builder-el-7  el_after_av_hr  el_before_av_hr  '><div class='av-share-box'><h5 class='av-share-link-description av-no-toc '>Compartir esta noticia<\/h5><ul class='av-share-box-list noLightbox'><li class='av-share-link av-social-link-facebook' ><a target=\"_blank\" aria-label=\"Compartir en Facebook\" href='https:\/\/www.facebook.com\/sharer.php?u=https:\/\/radiorevelacionfm.cl\/?p=46656&#038;t=Diputados%20ofician%20a%20Ministra%20de%20Desarrollo%20Social%20por%20retraso%20en%20obras%20de%20rodoviarios%20de%20Puerto%20Cisnes%20y%20La%20Junta' aria-hidden='false' data-av_icon='\ue8f3' data-av_iconfont='entypo-fontello' title='' data-avia-related-tooltip='Compartir en Facebook' rel=\"noopener\"><span class='avia_hidden_link_text'>Compartir en Facebook<\/span><\/a><\/li><li class='av-share-link av-social-link-twitter' ><a target=\"_blank\" aria-label=\"Compartir en Twitter\" href='https:\/\/twitter.com\/share?text=Diputados%20ofician%20a%20Ministra%20de%20Desarrollo%20Social%20por%20retraso%20en%20obras%20de%20rodoviarios%20de%20Puerto%20Cisnes%20y%20La%20Junta&#038;url=https:\/\/radiorevelacionfm.cl\/?p=46656' aria-hidden='false' data-av_icon='\ue8f1' data-av_iconfont='entypo-fontello' title='' data-avia-related-tooltip='Compartir en Twitter' rel=\"noopener\"><span class='avia_hidden_link_text'>Compartir en Twitter<\/span><\/a><\/li><li class='av-share-link av-social-link-whatsapp' ><a target=\"_blank\" aria-label=\"Compartir en Whatsapp\" href='https:\/\/api.whatsapp.com\/send?text=https:\/\/radiorevelacionfm.cl\/?p=46656' aria-hidden='false' data-av_icon='\uf232' data-av_iconfont='entypo-fontello' title='' data-avia-related-tooltip='Compartir en Whatsapp' rel=\"noopener\"><span class='avia_hidden_link_text'>Compartir en Whatsapp<\/span><\/a><\/li><li class='av-share-link av-social-link-linkedin' ><a target=\"_blank\" aria-label=\"Compartir en LinkedIn\" href='https:\/\/linkedin.com\/shareArticle?mini=true&#038;title=Diputados%20ofician%20a%20Ministra%20de%20Desarrollo%20Social%20por%20retraso%20en%20obras%20de%20rodoviarios%20de%20Puerto%20Cisnes%20y%20La%20Junta&#038;url=https:\/\/radiorevelacionfm.cl\/?p=46656' aria-hidden='false' data-av_icon='\ue8fc' data-av_iconfont='entypo-fontello' title='' data-avia-related-tooltip='Compartir en LinkedIn' rel=\"noopener\"><span class='avia_hidden_link_text'>Compartir en LinkedIn<\/span><\/a><\/li><li class='av-share-link av-social-link-mail' ><a  aria-label=\"Compartir por correo\" href='mailto:?subject=Diputados%20ofician%20a%20Ministra%20de%20Desarrollo%20Social%20por%20retraso%20en%20obras%20de%20rodoviarios%20de%20Puerto%20Cisnes%20y%20La%20Junta&#038;body=https:\/\/radiorevelacionfm.cl\/?p=46656' aria-hidden='false' data-av_icon='\ue805' data-av_iconfont='entypo-fontello' title='' data-avia-related-tooltip='Compartir por correo'><span class='avia_hidden_link_text'>Compartir por correo<\/span><\/a><\/li><\/ul><\/div><\/div>\n<div  style='height:50px' class='hr hr-invisible   avia-builder-el-8  el_after_av_social_share  el_before_av_comments_list '><span class='hr-inner ' ><span class='hr-inner-style'><\/span><\/span><\/div>\n<div  class='av-buildercomment  av-blog-meta-html-info-disabled av-blog-meta-tag-disabled  '><\/div>\n","protected":false},"excerpt":{"rendered":"","protected":false},"author":1,"featured_media":31190,"comment_status":"open","ping_status":"open","sticky":false,"template":"","format":"standard","meta":{"footnotes":""},"categories":[35],"tags":[],"class_list":["post-46656","post","type-post","status-publish","format-standard","has-post-thumbnail","hentry","category-politica"],"jetpack_featured_media_url":"https:\/\/radiorevelacionfm.cl\/wp-content\/uploads\/2023\/05\/2_puerto_cisnes-1_optimized-1.jpg","_links":{"self":[{"href":"https:\/\/radiorevelacionfm.cl\/index.php?rest_route=\/wp\/v2\/posts\/46656","targetHints":{"allow":["GET"]}}],"collection":[{"href":"https:\/\/radiorevelacionfm.cl\/index.php?rest_route=\/wp\/v2\/posts"}],"about":[{"href":"https:\/\/radiorevelacionfm.cl\/index.php?rest_route=\/wp\/v2\/types\/post"}],"author":[{"embeddable":true,"href":"https:\/\/radiorevelacionfm.cl\/index.php?rest_route=\/wp\/v2\/users\/1"}],"replies":[{"embeddable":true,"href":"https:\/\/radiorevelacionfm.cl\/index.php?rest_route=%2Fwp%2Fv2%2Fcomments&post=46656"}],"version-history":[{"count":1,"href":"https:\/\/radiorevelacionfm.cl\/index.php?rest_route=\/wp\/v2\/posts\/46656\/revisions"}],"predecessor-version":[{"id":46657,"href":"https:\/\/radiorevelacionfm.cl\/index.php?rest_route=\/wp\/v2\/posts\/46656\/revisions\/46657"}],"wp:featuredmedia":[{"embeddable":true,"href":"https:\/\/radiorevelacionfm.cl\/index.php?rest_route=\/wp\/v2\/media\/31190"}],"wp:attachment":[{"href":"https:\/\/radiorevelacionfm.cl\/index.php?rest_route=%2Fwp%2Fv2%2Fmedia&parent=46656"}],"wp:term":[{"taxonomy":"category","embeddable":true,"href":"https:\/\/radiorevelacionfm.cl\/index.php?rest_route=%2Fwp%2Fv2%2Fcategories&post=46656"},{"taxonomy":"post_tag","embeddable":true,"href":"https:\/\/radiorevelacionfm.cl\/index.php?rest_route=%2Fwp%2Fv2%2Ftags&post=46656"}],"curies":[{"name":"wp","href":"https:\/\/api.w.org\/{rel}","templated":true}]}}