{"id":46651,"date":"2024-10-02T09:37:09","date_gmt":"2024-10-02T12:37:09","guid":{"rendered":"https:\/\/radiorevelacionfm.cl\/?p=46651"},"modified":"2024-10-02T09:37:09","modified_gmt":"2024-10-02T12:37:09","slug":"realizan-jornada-sobre-herramientas-de-primera-acogida-a-encargados-de-genero-de-reparticiones-publicas-de-la-region-de-aysen","status":"publish","type":"post","link":"https:\/\/radiorevelacionfm.cl\/?p=46651","title":{"rendered":"Realizan jornada sobre herramientas de Primera Acogida a encargados de G\u00e9nero de reparticiones p\u00fablicas de la regi\u00f3n de Ays\u00e9n"},"content":{"rendered":"<div class=\"flex_column av_one_full  flex_column_div av-zero-column-padding first  avia-builder-el-0  el_before_av_one_full  avia-builder-el-first  \" style='border-radius:0px; '><div  class='avia-image-container  av-styling-    avia-builder-el-1  avia-builder-el-no-sibling  avia-align-center '  itemprop=\"image\" itemscope=\"itemscope\" itemtype=\"https:\/\/schema.org\/ImageObject\"  ><div class='avia-image-container-inner'><div class='avia-image-overlay-wrap'><img decoding=\"async\" class='wp-image-46652 avia-img-lazy-loading-not-46652 avia_image' src=\"https:\/\/radiorevelacionfm.cl\/wp-content\/uploads\/2024\/10\/img_6688-1_optimized-e1727809384944.jpg\" alt='' title='img_6688-(1)_optimized' height=\"600\" width=\"800\"  itemprop=\"thumbnailUrl\" srcset=\"https:\/\/radiorevelacionfm.cl\/wp-content\/uploads\/2024\/10\/img_6688-1_optimized-e1727809384944.jpg 800w, https:\/\/radiorevelacionfm.cl\/wp-content\/uploads\/2024\/10\/img_6688-1_optimized-e1727809384944-300x225.jpg 300w, https:\/\/radiorevelacionfm.cl\/wp-content\/uploads\/2024\/10\/img_6688-1_optimized-e1727809384944-768x576.jpg 768w, https:\/\/radiorevelacionfm.cl\/wp-content\/uploads\/2024\/10\/img_6688-1_optimized-e1727809384944-705x529.jpg 705w, https:\/\/radiorevelacionfm.cl\/wp-content\/uploads\/2024\/10\/img_6688-1_optimized-e1727809384944-450x338.jpg 450w, https:\/\/radiorevelacionfm.cl\/wp-content\/uploads\/2024\/10\/img_6688-1_optimized-e1727809384944-600x450.jpg 600w\" sizes=\"(max-width: 800px) 100vw, 800px\" \/><\/div><\/div><\/div><\/div><div class=\"flex_column av_one_full  flex_column_div av-zero-column-padding first  avia-builder-el-2  el_after_av_one_full  el_before_av_one_full  column-top-margin\" style='border-radius:0px; '><section class=\"av_textblock_section \"  itemscope=\"itemscope\" itemtype=\"https:\/\/schema.org\/BlogPosting\" itemprop=\"blogPost\" ><div class='avia_textblock  '   itemprop=\"text\" ><p style=\"text-align: center;\"><strong><span style=\"font-size: 18pt;\">Realizan jornada sobre herramientas de Primera Acogida a encargados de G\u00e9nero de reparticiones p\u00fablicas de la regi\u00f3n de Ays\u00e9n<\/span><\/strong><\/p>\n<div id=\"gtx-trans\" style=\"position: absolute; left: -50px; top: 4.31534px;\">\n<div class=\"gtx-trans-icon\"><\/div>\n<\/div>\n<\/div><\/section><\/div><div class=\"flex_column av_one_full  flex_column_div av-zero-column-padding first  avia-builder-el-4  el_after_av_one_full  el_before_av_hr  column-top-margin\" style='border-radius:0px; '><section class=\"av_textblock_section \"  itemscope=\"itemscope\" itemtype=\"https:\/\/schema.org\/BlogPosting\" itemprop=\"blogPost\" ><div class='avia_textblock  '   itemprop=\"text\" ><p style=\"text-align: justify;\">Los tipos de violencia y c\u00f3mo actuar ante estos casos, fueron parte de los temas tratados durante la jornada en la que participaron cerca de 30 encargados\/as de g\u00e9nero de diversas reparticiones p\u00fablicas de la regi\u00f3n de Ays\u00e9n, cuyo objetivo central fue acercar contenido fundamental que permita canalizar y actuar en una primera instancia, en casos de violencia por razones de g\u00e9nero.<\/p>\n<p style=\"text-align: justify;\">As\u00ed lo indic\u00f3 Lenka Gatica Sandoval, Seremi (S) de la Mujer y la Equidad de G\u00e9nero, quien indic\u00f3: \u201cLo que busc\u00f3 esta instancia fue entregarles herramientas donde ellos y ellas puedan conocer de qu\u00e9 se trata una \u201cPrimera Acogida\u201d, y c\u00f3mo\u00a0 entregar orientaci\u00f3n o apoyo a una mujer que lo requiera; acci\u00f3n que pueden\u00a0 hacer desde sus propios puestos de trabajo. En eso radica\u00a0 el rol de nuestro Ministerio, en asesorarlos, apoyarlos y tambi\u00e9n hacer difusi\u00f3n de los canales disponibles de apoyo a mujeres en caso de que lo necesiten\u201d, indic\u00f3.<\/p>\n<p style=\"text-align: justify;\">Una iniciativa enmarcada en la Agenda Regional de Igualdad de Derechos y Equidad de G\u00e9nero 2022 &#8211; 2026, que incorpora compromisos concretos de los servicios p\u00fablicos, tras un proceso formativo en temas de transversalizaci\u00f3n de g\u00e9nero, violencia y diversidades sexo gen\u00e9ricas, entre otros, de tal manera que esta formaci\u00f3n en \u201cPrimera Acogida\u201d, tanto en t\u00e9rminos formativos como de acompa\u00f1amiento, viene a responder al compromiso ministerial de acompa\u00f1ar la instalaci\u00f3n de la tem\u00e1tica de g\u00e9nero a \u00a0las diversas instituciones del Estado, as\u00ed como tambi\u00e9n materializar iniciativas con perspectiva territorial.<\/p>\n<p style=\"text-align: justify;\">Por su parte, cabe destacar que las encargaturas de g\u00e9nero, cumplen el rol de aliados estrat\u00e9gicos en cada uno de los Ministerios, bajando informaci\u00f3n a las respectivas Direcciones Regionales de sus servicios, adem\u00e1s de tener contacto con la comunidad, de tal manera que esta formaci\u00f3n, viene a complementar gran parte de su quehacer en los diversos territorios.<\/p>\n<p style=\"text-align: justify;\">Una de las participantes de este taller, fue Isidora Gacit\u00faa Goles, Encargada de G\u00e9nero de la Delegaci\u00f3n Presidencial Provincial General Carrera, quien coment\u00f3: \u201c Me parece s\u00faper necesaria esta capacitaci\u00f3n y que todos los encargados de g\u00e9nero, incluso los que estamos m\u00e1s aislados, podamos participar y conocer estos temas que son muy necesarios.\u00a0 Si bien existe un sentido com\u00fan para apoya en estos casos, es distinto tener las herramientas y la seguridad de que efectivamente estamos haciendo lo correcto en tem\u00e1ticas de primera acogida. As\u00ed es que muy agradecida que desde la Seremi de la Mujer y la Equidad de G\u00e9nero se puedan generar estos espacios, porque sin dudas nos ayuda en nuestra labor, pero tambi\u00e9n ayuda a generar m\u00e1s justicia para todas las mujeres de nuestra regi\u00f3n\u201d.<\/p>\n<p style=\"text-align: justify;\">Finalmente, cabe destacar que durante la jornada tambi\u00e9n se abordaron algunos alcances t\u00e9cnicos de la Agenda de G\u00e9nero,\u00a0 de manera de reforzar la perspectiva de cada uno de los servicios \u00a0en materia de transversalizaci\u00f3n de g\u00e9nero, adem\u00e1s de la importancia de dar visibilidad a las acciones que se impulsan desde cada uno de los ministerios, considerando que la materializaci\u00f3n de iniciativas son parte de las acciones concretas donde opera la pol\u00edtica p\u00fablica y compromiso de gobierno con las mujeres y ni\u00f1as del pa\u00eds.<\/p>\n<\/div><\/section><\/div><div  style='height:50px' class='hr hr-invisible   avia-builder-el-6  el_after_av_one_full  el_before_av_social_share '><span class='hr-inner ' ><span class='hr-inner-style'><\/span><\/span><\/div><\/p>\n<div  class='av-social-sharing-box  avia-builder-el-7  el_after_av_hr  el_before_av_hr  '><div class='av-share-box'><h5 class='av-share-link-description av-no-toc '>Compartir esta noticia<\/h5><ul class='av-share-box-list noLightbox'><li class='av-share-link av-social-link-facebook' ><a target=\"_blank\" aria-label=\"Compartir en Facebook\" href='https:\/\/www.facebook.com\/sharer.php?u=https:\/\/radiorevelacionfm.cl\/?p=46651&#038;t=Realizan%20jornada%20sobre%20herramientas%20de%20Primera%20Acogida%20a%20encargados%20de%20G%C3%A9nero%20de%20reparticiones%20p%C3%BAblicas%20de%20la%20regi%C3%B3n%20de%20Ays%C3%A9n' aria-hidden='false' data-av_icon='\ue8f3' data-av_iconfont='entypo-fontello' title='' data-avia-related-tooltip='Compartir en Facebook' rel=\"noopener\"><span class='avia_hidden_link_text'>Compartir en Facebook<\/span><\/a><\/li><li class='av-share-link av-social-link-twitter' ><a target=\"_blank\" aria-label=\"Compartir en Twitter\" href='https:\/\/twitter.com\/share?text=Realizan%20jornada%20sobre%20herramientas%20de%20Primera%20Acogida%20a%20encargados%20de%20G%C3%A9nero%20de%20reparticiones%20p%C3%BAblicas%20de%20la%20regi%C3%B3n%20de%20Ays%C3%A9n&#038;url=https:\/\/radiorevelacionfm.cl\/?p=46651' aria-hidden='false' data-av_icon='\ue8f1' data-av_iconfont='entypo-fontello' title='' data-avia-related-tooltip='Compartir en Twitter' rel=\"noopener\"><span class='avia_hidden_link_text'>Compartir en Twitter<\/span><\/a><\/li><li class='av-share-link av-social-link-whatsapp' ><a target=\"_blank\" aria-label=\"Compartir en Whatsapp\" href='https:\/\/api.whatsapp.com\/send?text=https:\/\/radiorevelacionfm.cl\/?p=46651' aria-hidden='false' data-av_icon='\uf232' data-av_iconfont='entypo-fontello' title='' data-avia-related-tooltip='Compartir en Whatsapp' rel=\"noopener\"><span class='avia_hidden_link_text'>Compartir en Whatsapp<\/span><\/a><\/li><li class='av-share-link av-social-link-linkedin' ><a target=\"_blank\" aria-label=\"Compartir en LinkedIn\" href='https:\/\/linkedin.com\/shareArticle?mini=true&#038;title=Realizan%20jornada%20sobre%20herramientas%20de%20Primera%20Acogida%20a%20encargados%20de%20G%C3%A9nero%20de%20reparticiones%20p%C3%BAblicas%20de%20la%20regi%C3%B3n%20de%20Ays%C3%A9n&#038;url=https:\/\/radiorevelacionfm.cl\/?p=46651' aria-hidden='false' data-av_icon='\ue8fc' data-av_iconfont='entypo-fontello' title='' data-avia-related-tooltip='Compartir en LinkedIn' rel=\"noopener\"><span class='avia_hidden_link_text'>Compartir en LinkedIn<\/span><\/a><\/li><li class='av-share-link av-social-link-mail' ><a  aria-label=\"Compartir por correo\" href='mailto:?subject=Realizan%20jornada%20sobre%20herramientas%20de%20Primera%20Acogida%20a%20encargados%20de%20G%C3%A9nero%20de%20reparticiones%20p%C3%BAblicas%20de%20la%20regi%C3%B3n%20de%20Ays%C3%A9n&#038;body=https:\/\/radiorevelacionfm.cl\/?p=46651' aria-hidden='false' data-av_icon='\ue805' data-av_iconfont='entypo-fontello' title='' data-avia-related-tooltip='Compartir por correo'><span class='avia_hidden_link_text'>Compartir por correo<\/span><\/a><\/li><\/ul><\/div><\/div>\n<div  style='height:50px' class='hr hr-invisible   avia-builder-el-8  el_after_av_social_share  el_before_av_comments_list '><span class='hr-inner ' ><span class='hr-inner-style'><\/span><\/span><\/div>\n<div  class='av-buildercomment  av-blog-meta-html-info-disabled av-blog-meta-tag-disabled  '><\/div>\n","protected":false},"excerpt":{"rendered":"","protected":false},"author":1,"featured_media":46652,"comment_status":"open","ping_status":"open","sticky":false,"template":"","format":"standard","meta":{"footnotes":""},"categories":[38],"tags":[],"class_list":["post-46651","post","type-post","status-publish","format-standard","has-post-thumbnail","hentry","category-regional"],"jetpack_featured_media_url":"https:\/\/radiorevelacionfm.cl\/wp-content\/uploads\/2024\/10\/img_6688-1_optimized-e1727809384944.jpg","_links":{"self":[{"href":"https:\/\/radiorevelacionfm.cl\/index.php?rest_route=\/wp\/v2\/posts\/46651","targetHints":{"allow":["GET"]}}],"collection":[{"href":"https:\/\/radiorevelacionfm.cl\/index.php?rest_route=\/wp\/v2\/posts"}],"about":[{"href":"https:\/\/radiorevelacionfm.cl\/index.php?rest_route=\/wp\/v2\/types\/post"}],"author":[{"embeddable":true,"href":"https:\/\/radiorevelacionfm.cl\/index.php?rest_route=\/wp\/v2\/users\/1"}],"replies":[{"embeddable":true,"href":"https:\/\/radiorevelacionfm.cl\/index.php?rest_route=%2Fwp%2Fv2%2Fcomments&post=46651"}],"version-history":[{"count":1,"href":"https:\/\/radiorevelacionfm.cl\/index.php?rest_route=\/wp\/v2\/posts\/46651\/revisions"}],"predecessor-version":[{"id":46653,"href":"https:\/\/radiorevelacionfm.cl\/index.php?rest_route=\/wp\/v2\/posts\/46651\/revisions\/46653"}],"wp:featuredmedia":[{"embeddable":true,"href":"https:\/\/radiorevelacionfm.cl\/index.php?rest_route=\/wp\/v2\/media\/46652"}],"wp:attachment":[{"href":"https:\/\/radiorevelacionfm.cl\/index.php?rest_route=%2Fwp%2Fv2%2Fmedia&parent=46651"}],"wp:term":[{"taxonomy":"category","embeddable":true,"href":"https:\/\/radiorevelacionfm.cl\/index.php?rest_route=%2Fwp%2Fv2%2Fcategories&post=46651"},{"taxonomy":"post_tag","embeddable":true,"href":"https:\/\/radiorevelacionfm.cl\/index.php?rest_route=%2Fwp%2Fv2%2Ftags&post=46651"}],"curies":[{"name":"wp","href":"https:\/\/api.w.org\/{rel}","templated":true}]}}