{"id":46648,"date":"2024-10-01T21:48:46","date_gmt":"2024-10-02T00:48:46","guid":{"rendered":"https:\/\/radiorevelacionfm.cl\/?p=46648"},"modified":"2024-10-01T21:50:10","modified_gmt":"2024-10-02T00:50:10","slug":"osjr-de-aysen-rendira-sentido-homenaje-al-fundador-de-foji-en-su-concierto-de-gala","status":"publish","type":"post","link":"https:\/\/radiorevelacionfm.cl\/?p=46648","title":{"rendered":"Orquesta Sinf\u00f3nica Juvenil de Ays\u00e9n rendir\u00e1 sentido homenaje al Fundador de FOJI en su Concierto de Gala"},"content":{"rendered":"<div class=\"flex_column av_one_full  flex_column_div av-zero-column-padding first  avia-builder-el-0  el_before_av_one_full  avia-builder-el-first  \" style='border-radius:0px; '><div  class='avia-image-container  av-styling-    avia-builder-el-1  avia-builder-el-no-sibling  avia-align-center '  itemprop=\"image\" itemscope=\"itemscope\" itemtype=\"https:\/\/schema.org\/ImageObject\"  ><div class='avia-image-container-inner'><div class='avia-image-overlay-wrap'><img decoding=\"async\" class='wp-image-46649 avia-img-lazy-loading-not-46649 avia_image' src=\"https:\/\/radiorevelacionfm.cl\/wp-content\/uploads\/2024\/10\/coyhaique_foji1-1_optimized.jpeg\" alt='' title='coyhaique_foji1-(1)_optimized' height=\"600\" width=\"900\"  itemprop=\"thumbnailUrl\" srcset=\"https:\/\/radiorevelacionfm.cl\/wp-content\/uploads\/2024\/10\/coyhaique_foji1-1_optimized.jpeg 900w, https:\/\/radiorevelacionfm.cl\/wp-content\/uploads\/2024\/10\/coyhaique_foji1-1_optimized-300x200.jpeg 300w, https:\/\/radiorevelacionfm.cl\/wp-content\/uploads\/2024\/10\/coyhaique_foji1-1_optimized-768x512.jpeg 768w, https:\/\/radiorevelacionfm.cl\/wp-content\/uploads\/2024\/10\/coyhaique_foji1-1_optimized-705x470.jpeg 705w, https:\/\/radiorevelacionfm.cl\/wp-content\/uploads\/2024\/10\/coyhaique_foji1-1_optimized-450x300.jpeg 450w, https:\/\/radiorevelacionfm.cl\/wp-content\/uploads\/2024\/10\/coyhaique_foji1-1_optimized-600x400.jpeg 600w\" sizes=\"(max-width: 900px) 100vw, 900px\" \/><\/div><\/div><\/div><\/div>\n<div class=\"flex_column av_one_full  flex_column_div av-zero-column-padding first  avia-builder-el-2  el_after_av_one_full  el_before_av_one_full  column-top-margin\" style='border-radius:0px; '><section class=\"av_textblock_section \"  itemscope=\"itemscope\" itemtype=\"https:\/\/schema.org\/BlogPosting\" itemprop=\"blogPost\" ><div class='avia_textblock  '   itemprop=\"text\" ><p style=\"text-align: center;\"><strong><span style=\"font-size: 18pt;\">Orquesta Sinf\u00f3nica Juvenil de Ays\u00e9n rendir\u00e1 sentido homenaje al Fundador de FOJI en su Concierto de Gala\u00a0<\/span><\/strong><\/p>\n<\/div><\/section><\/div><div class=\"flex_column av_one_full  flex_column_div av-zero-column-padding first  avia-builder-el-4  el_after_av_one_full  el_before_av_hr  column-top-margin\" style='border-radius:0px; '><section class=\"av_textblock_section \"  itemscope=\"itemscope\" itemtype=\"https:\/\/schema.org\/BlogPosting\" itemprop=\"blogPost\" ><div class='avia_textblock  '   itemprop=\"text\" ><p dir=\"ltr\" style=\"text-align: justify;\"><em>En un panorama imperdible se ha transformado cada a\u00f1o el concierto de gala que ofrece la Orquesta Sinf\u00f3nica Juvenil Regional de Ays\u00e9n y que para esta versi\u00f3n 2024 buscar\u00e1, una vez m\u00e1s, cautivar al p\u00fablico asistente con un repertorio que tendr\u00e1 varias sorpresas.<\/em><\/p>\n<p dir=\"ltr\" style=\"text-align: justify;\">Afinando los \u00faltimos detalles se encuentra la Orquesta Sinf\u00f3nica Juvenil Regional de Ays\u00e9n (OSJR Ays\u00e9n), perteneciente a la Fundaci\u00f3n de Orquestas Juveniles e Infantiles de Chile (FOJI), para el gran Concierto de Gala que ofrecer\u00e1 a toda la comunidad este 05 de octubre en la Catedral de Coyhaique a las 20 horas.<\/p>\n<p dir=\"ltr\" style=\"text-align: justify;\">La antesala se vivi\u00f3 el pasado 09 de septiembre con un concierto de car\u00e1cter educacional en la Escuela Baquedano, donde participaron 9 orquestas de distintos establecimientos educacionales, deleitando a m\u00e1s de un centenar de estudiantes invitados. En la ocasi\u00f3n interpretaron obras de L.V. Beethoven, F. Schubert, C. Mackenna, entre otros compositores.<\/p>\n<p dir=\"ltr\" style=\"text-align: justify;\">Para este Concierto de Gala el repertorio ser\u00e1 variado y tendr\u00e1 un momento de emotividad para conmemorar la partida del Maestro Fernando Rosas, gran promotor del desarrollo de la educaci\u00f3n musical en Chile que lo llev\u00f3 a crear FOJI en 2001.<\/p>\n<p dir=\"ltr\" style=\"text-align: justify;\">Es por ello que la coordinadora regional de la OSJR de Ays\u00e9n, J\u00e9ssica Vera, relev\u00f3 lo que representa en los 42 estudiantes integrantes el concierto que se desarrollar\u00e1 el 5 de octubre.<\/p>\n<p dir=\"ltr\" style=\"text-align: justify;\">\u00abEs la culminaci\u00f3n de meses de esfuerzo, dedicaci\u00f3n y formaci\u00f3n musical. Es una oportunidad \u00fanica para que muestren su talento, trabajo y pasi\u00f3n por la m\u00fasica a familiares, amigos y el p\u00fablico en general. Este tipo de eventos es m\u00e1s que una vitrina, les permite fortalecer su autoestima y confianza\u00bb, declar\u00f3 Vera, agregando que en el primer concierto se pudo observar aquello: \u00abHubo harto trabajo y se vio reflejado en los ni\u00f1os quienes le perdieron un poquito el temor a la primera presentaci\u00f3n. Estuvo muy lindo y con un p\u00fablico que se port\u00f3 excelente\u00bb.<\/p>\n<p dir=\"ltr\" style=\"text-align: justify;\">Una similar impresi\u00f3n tuvo el Seremi de las Culturas, las Artes y el Patrimonio de la Regi\u00f3n de Ays\u00e9n, Felipe Quiroz, tras su asistencia al concierto. \u00abParafraseando al profesor Fernando Rosas, la m\u00fasica es un espacio y un momento de encuentro y es lo que vimos en este cruce entre distintas escuelas donde demostraron una pincelada del trabajo que viene desarrollando la Fundaci\u00f3n de Orquestas Juveniles Infantiles con esta orquesta regional\u00bb, afirm\u00f3.<\/p>\n<p dir=\"ltr\" style=\"text-align: justify;\">A\u00f1adi\u00f3 que \u00abes bonito ver como familias y establecimientos educativos, se van volcando a presentar este tipo de iniciativas. Una instancia que es fundamental, que puede movilizar y cambiar vidas y que nosotros como Ministerio desde el a\u00f1o 2022 trabajamos profundamente a trav\u00e9s de la colaboraci\u00f3n con FOJI. As\u00ed que esperamos que este tipo de iniciativas se sigan potenciando porque entendemos que la m\u00fasica, la cultura y las artes tienen un rol transformador\u00bb.<\/p>\n<p dir=\"ltr\" style=\"text-align: justify;\">Con el objetivo de formar una Red de Orquestas Comunales en la regi\u00f3n de Ays\u00e9n, previo al concierto de gala de la OSJR de Ays\u00e9n se desarrollar\u00e1 el Taller \u00abConversaciones en Red\u00bb impartido por Marcela Celis, Jefa del \u00c1rea Psicosocial de FOJI, en el Liceo Josefina Aguirre Montenegro desde las 11.00 a las 13.00 hrs.<\/p>\n<p dir=\"ltr\" style=\"text-align: justify;\">Este taller est\u00e1 dirigido a Directores\/as, coordinadores\/as, instructores\/as y representantes de orquestas comunales de la regi\u00f3n de Ays\u00e9n, el prop\u00f3sito del taller es vincular y fortalecer el ecosistema musical de la regi\u00f3n.<\/p>\n<p dir=\"ltr\" style=\"text-align: justify;\">La catedral de Coyhaique abrir\u00e1 sus puertas desde temprano el s\u00e1bado 05 de octubre para recibir a la comunidad y deleitarse del Concierto de Gala bajo la direcci\u00f3n musical de Jos\u00e9 Valdivia y que tendr\u00e1 como invitado especial a la Camerata Estudiantil de Coyhaique, dirigida por Abinadab Herrera Ram\u00edrez.<\/p>\n<p dir=\"ltr\" style=\"text-align: justify;\">\u00abEsperamos que todos nos acompa\u00f1en en el cierre de este proceso 2024 de la OSJR y\u00a0 disfruten de un completo repertorio que tendr\u00e1 algunas sorpresas\u00bb, finaliz\u00f3 la Coordinadora J\u00e9ssica Vera.<\/p>\n<\/div><\/section><\/div><\/p>\n<div  style='height:50px' class='hr hr-invisible   avia-builder-el-6  el_after_av_one_full  el_before_av_social_share '><span class='hr-inner ' ><span class='hr-inner-style'><\/span><\/span><\/div>\n<div  class='av-social-sharing-box  avia-builder-el-7  el_after_av_hr  el_before_av_hr  '><div class='av-share-box'><h5 class='av-share-link-description av-no-toc '>Compartir esta noticia<\/h5><ul class='av-share-box-list noLightbox'><li class='av-share-link av-social-link-facebook' ><a target=\"_blank\" aria-label=\"Compartir en Facebook\" href='https:\/\/www.facebook.com\/sharer.php?u=https:\/\/radiorevelacionfm.cl\/?p=46648&#038;t=Orquesta%20Sinf%C3%B3nica%20Juvenil%20de%20Ays%C3%A9n%20rendir%C3%A1%20sentido%20homenaje%20al%20Fundador%20de%20FOJI%20en%20su%20Concierto%20de%20Gala' aria-hidden='false' data-av_icon='\ue8f3' data-av_iconfont='entypo-fontello' title='' data-avia-related-tooltip='Compartir en Facebook' rel=\"noopener\"><span class='avia_hidden_link_text'>Compartir en Facebook<\/span><\/a><\/li><li class='av-share-link av-social-link-twitter' ><a target=\"_blank\" aria-label=\"Compartir en Twitter\" href='https:\/\/twitter.com\/share?text=Orquesta%20Sinf%C3%B3nica%20Juvenil%20de%20Ays%C3%A9n%20rendir%C3%A1%20sentido%20homenaje%20al%20Fundador%20de%20FOJI%20en%20su%20Concierto%20de%20Gala&#038;url=https:\/\/radiorevelacionfm.cl\/?p=46648' aria-hidden='false' data-av_icon='\ue8f1' data-av_iconfont='entypo-fontello' title='' data-avia-related-tooltip='Compartir en Twitter' rel=\"noopener\"><span class='avia_hidden_link_text'>Compartir en Twitter<\/span><\/a><\/li><li class='av-share-link av-social-link-whatsapp' ><a target=\"_blank\" aria-label=\"Compartir en Whatsapp\" href='https:\/\/api.whatsapp.com\/send?text=https:\/\/radiorevelacionfm.cl\/?p=46648' aria-hidden='false' data-av_icon='\uf232' data-av_iconfont='entypo-fontello' title='' data-avia-related-tooltip='Compartir en Whatsapp' rel=\"noopener\"><span class='avia_hidden_link_text'>Compartir en Whatsapp<\/span><\/a><\/li><li class='av-share-link av-social-link-linkedin' ><a target=\"_blank\" aria-label=\"Compartir en LinkedIn\" href='https:\/\/linkedin.com\/shareArticle?mini=true&#038;title=Orquesta%20Sinf%C3%B3nica%20Juvenil%20de%20Ays%C3%A9n%20rendir%C3%A1%20sentido%20homenaje%20al%20Fundador%20de%20FOJI%20en%20su%20Concierto%20de%20Gala&#038;url=https:\/\/radiorevelacionfm.cl\/?p=46648' aria-hidden='false' data-av_icon='\ue8fc' data-av_iconfont='entypo-fontello' title='' data-avia-related-tooltip='Compartir en LinkedIn' rel=\"noopener\"><span class='avia_hidden_link_text'>Compartir en LinkedIn<\/span><\/a><\/li><li class='av-share-link av-social-link-mail' ><a  aria-label=\"Compartir por correo\" href='mailto:?subject=Orquesta%20Sinf%C3%B3nica%20Juvenil%20de%20Ays%C3%A9n%20rendir%C3%A1%20sentido%20homenaje%20al%20Fundador%20de%20FOJI%20en%20su%20Concierto%20de%20Gala&#038;body=https:\/\/radiorevelacionfm.cl\/?p=46648' aria-hidden='false' data-av_icon='\ue805' data-av_iconfont='entypo-fontello' title='' data-avia-related-tooltip='Compartir por correo'><span class='avia_hidden_link_text'>Compartir por correo<\/span><\/a><\/li><\/ul><\/div><\/div>\n<div  style='height:50px' class='hr hr-invisible   avia-builder-el-8  el_after_av_social_share  el_before_av_comments_list '><span class='hr-inner ' ><span class='hr-inner-style'><\/span><\/span><\/div>\n<div  class='av-buildercomment  av-blog-meta-html-info-disabled av-blog-meta-tag-disabled  '><\/div>\n","protected":false},"excerpt":{"rendered":"","protected":false},"author":1,"featured_media":46649,"comment_status":"open","ping_status":"open","sticky":false,"template":"","format":"standard","meta":{"footnotes":""},"categories":[43],"tags":[],"class_list":["post-46648","post","type-post","status-publish","format-standard","has-post-thumbnail","hentry","category-musica"],"jetpack_featured_media_url":"https:\/\/radiorevelacionfm.cl\/wp-content\/uploads\/2024\/10\/coyhaique_foji1-1_optimized.jpeg","_links":{"self":[{"href":"https:\/\/radiorevelacionfm.cl\/index.php?rest_route=\/wp\/v2\/posts\/46648","targetHints":{"allow":["GET"]}}],"collection":[{"href":"https:\/\/radiorevelacionfm.cl\/index.php?rest_route=\/wp\/v2\/posts"}],"about":[{"href":"https:\/\/radiorevelacionfm.cl\/index.php?rest_route=\/wp\/v2\/types\/post"}],"author":[{"embeddable":true,"href":"https:\/\/radiorevelacionfm.cl\/index.php?rest_route=\/wp\/v2\/users\/1"}],"replies":[{"embeddable":true,"href":"https:\/\/radiorevelacionfm.cl\/index.php?rest_route=%2Fwp%2Fv2%2Fcomments&post=46648"}],"version-history":[{"count":3,"href":"https:\/\/radiorevelacionfm.cl\/index.php?rest_route=\/wp\/v2\/posts\/46648\/revisions"}],"predecessor-version":[{"id":46671,"href":"https:\/\/radiorevelacionfm.cl\/index.php?rest_route=\/wp\/v2\/posts\/46648\/revisions\/46671"}],"wp:featuredmedia":[{"embeddable":true,"href":"https:\/\/radiorevelacionfm.cl\/index.php?rest_route=\/wp\/v2\/media\/46649"}],"wp:attachment":[{"href":"https:\/\/radiorevelacionfm.cl\/index.php?rest_route=%2Fwp%2Fv2%2Fmedia&parent=46648"}],"wp:term":[{"taxonomy":"category","embeddable":true,"href":"https:\/\/radiorevelacionfm.cl\/index.php?rest_route=%2Fwp%2Fv2%2Fcategories&post=46648"},{"taxonomy":"post_tag","embeddable":true,"href":"https:\/\/radiorevelacionfm.cl\/index.php?rest_route=%2Fwp%2Fv2%2Ftags&post=46648"}],"curies":[{"name":"wp","href":"https:\/\/api.w.org\/{rel}","templated":true}]}}