{"id":46645,"date":"2024-10-01T18:59:21","date_gmt":"2024-10-01T21:59:21","guid":{"rendered":"https:\/\/radiorevelacionfm.cl\/?p=46645"},"modified":"2024-10-01T18:59:21","modified_gmt":"2024-10-01T21:59:21","slug":"dia-de-las-artes-visuales-artistas-regionales-exponen-obras-en-la-corte-de-coyhaique","status":"publish","type":"post","link":"https:\/\/radiorevelacionfm.cl\/?p=46645","title":{"rendered":"D\u00eda de las Artes Visuales: Artistas regionales exponen obras en la Corte de Coyhaique"},"content":{"rendered":"<div class=\"flex_column av_one_full  flex_column_div av-zero-column-padding first  avia-builder-el-0  el_before_av_one_full  avia-builder-el-first  \" style='border-radius:0px; '><div  class='avia-image-container  av-styling-    avia-builder-el-1  avia-builder-el-no-sibling  avia-align-center '  itemprop=\"image\" itemscope=\"itemscope\" itemtype=\"https:\/\/schema.org\/ImageObject\"  ><div class='avia-image-container-inner'><div class='avia-image-overlay-wrap'><img decoding=\"async\" class='wp-image-46646 avia-img-lazy-loading-not-46646 avia_image' src=\"https:\/\/radiorevelacionfm.cl\/wp-content\/uploads\/2024\/10\/foto-06-exposicion-1_optimized-1.jpg\" alt='' title='foto-06-exposicion-(1)_optimized (1)' height=\"600\" width=\"1069\"  itemprop=\"thumbnailUrl\" srcset=\"https:\/\/radiorevelacionfm.cl\/wp-content\/uploads\/2024\/10\/foto-06-exposicion-1_optimized-1.jpg 1069w, https:\/\/radiorevelacionfm.cl\/wp-content\/uploads\/2024\/10\/foto-06-exposicion-1_optimized-1-300x168.jpg 300w, https:\/\/radiorevelacionfm.cl\/wp-content\/uploads\/2024\/10\/foto-06-exposicion-1_optimized-1-1030x578.jpg 1030w, https:\/\/radiorevelacionfm.cl\/wp-content\/uploads\/2024\/10\/foto-06-exposicion-1_optimized-1-768x431.jpg 768w, https:\/\/radiorevelacionfm.cl\/wp-content\/uploads\/2024\/10\/foto-06-exposicion-1_optimized-1-705x396.jpg 705w, https:\/\/radiorevelacionfm.cl\/wp-content\/uploads\/2024\/10\/foto-06-exposicion-1_optimized-1-450x253.jpg 450w, https:\/\/radiorevelacionfm.cl\/wp-content\/uploads\/2024\/10\/foto-06-exposicion-1_optimized-1-600x337.jpg 600w\" sizes=\"(max-width: 1069px) 100vw, 1069px\" \/><\/div><\/div><\/div><\/div><div class=\"flex_column av_one_full  flex_column_div av-zero-column-padding first  avia-builder-el-2  el_after_av_one_full  el_before_av_one_full  column-top-margin\" style='border-radius:0px; '><section class=\"av_textblock_section \"  itemscope=\"itemscope\" itemtype=\"https:\/\/schema.org\/BlogPosting\" itemprop=\"blogPost\" ><div class='avia_textblock  '   itemprop=\"text\" ><p style=\"text-align: center;\"><span style=\"font-size: 18pt;\"><b>D\u00eda de las Artes Visuales: Artistas regionales exponen obras en la Corte de Coyhaique<\/b><\/span><\/p>\n<div id=\"gtx-trans\" style=\"position: absolute; left: -50px; top: 4.31534px;\">\n<div class=\"gtx-trans-icon\"><\/div>\n<\/div>\n<\/div><\/section><\/div><div class=\"flex_column av_one_full  flex_column_div av-zero-column-padding first  avia-builder-el-4  el_after_av_one_full  el_before_av_hr  column-top-margin\" style='border-radius:0px; '><section class=\"av_textblock_section \"  itemscope=\"itemscope\" itemtype=\"https:\/\/schema.org\/BlogPosting\" itemprop=\"blogPost\" ><div class='avia_textblock  '   itemprop=\"text\" ><p class=\"v1MsoNormal\" style=\"text-align: justify;\">El pasado viernes 27 de septiembre se conmemor\u00f3 el D\u00eda Nacional de las Artes Visuales y, en este contexto, la Corte de Apelaciones de Coyhaique -en conjunto con la Asociaci\u00f3n Regional de Magistradas y Magistrados, la Fundaci\u00f3n de Artistas Visuales de Chile y el Instituto de Estudios Judiciales- organiz\u00f3 una exposici\u00f3n pict\u00f3rica elaborada por cuatro exponentes de la regi\u00f3n, una iniciativa desarrollada de manera colectiva junto con otros seis tribunales de alzada del pa\u00eds.<\/p>\n<p class=\"v1MsoNormal\" style=\"text-align: justify;\">Al respecto, Juan Patricio Silva, presidente regional de la Asociaci\u00f3n de Magistradas y Magistrados y secretario de la Corte de Coyhaique, sostuvo que \u00abes un orgullo hacernos part\u00edcipe de esta actividad que conmemora el D\u00eda Nacional de las Artes Visuales, recibiendo en dependencias del primer piso de la Corte de Apelaciones de nuestra ciudad, esta exposici\u00f3n de diversos artistas regionales quienes a trav\u00e9s de sus pinturas en acuarelas, acr\u00edlicos y otras t\u00e9cnicas demuestran su visi\u00f3n y aporte a la cultura local\u00bb.<\/p>\n<p class=\"v1MsoNormal\" style=\"text-align: justify;\">Agreg\u00f3 que \u00abinvitamos a la comunidad a que se acerquen a Baquedano #182 a efecto de poder visualizar en forma directa estas obras que nos acompa\u00f1ar\u00e1n hasta el d\u00eda 12 de octubre\u00bb.<\/p>\n<p class=\"v1MsoNormal\" style=\"text-align: justify;\">En total, son 16 obras regionales realizadas bajo los estilos de acr\u00edlico sobre tela, t\u00e9cnicas mixtas de acuarela y tinta, y collage an\u00e1logo. Los artistas locales que participan son: V\u00edctor Teiguel, Katia Nawelkin Fredy Jofr\u00e9 y Catalina Correa.<\/p>\n<p class=\"v1MsoNormal\" style=\"text-align: justify;\">En tanto, Fredy Jofr\u00e9, artista local sostuvo que \u00abesto nace gracias a la Fundaci\u00f3n de Artistas Visuales Chilenos, que realiz\u00f3 una convocatoria en las distintas regiones a para que participaran y pudieran realizar una muestra de artistas en las disciplinas de la visualidad donde presentamos obras en las Cortes de Apelaciones a nivel nacional. Est\u00e1n todas y todos invitados, para que visiten esta Corte y puedan conocer el trabajo de los artistas que en esta oportunidad estamos participando\u00bb.<\/p>\n<p class=\"v1MsoNormal\" style=\"text-align: justify;\">Por su parte, el seremi de las Culturas, las Artes y el Patrimonio, Felipe Quiroz, indic\u00f3 que \u00abestamos conmemorando el D\u00eda de las Artes Visuales en un espacio no convencional, no en una galer\u00eda, no en un museo, sino en un lugar donde hay tr\u00e1nsito de distintos ciudadanos que vienen aqu\u00ed y que genera una diversificaci\u00f3n tambi\u00e9n de los espacios de exhibici\u00f3n para artistas visuales. Estamos contentos de que se haya generado aqu\u00ed en Coyhaique, que tengamos tambi\u00e9n distintas expresiones art\u00edsticas o distintas t\u00e9cnicas en manera de relevar las artes visuales que se est\u00e1n generando y gestando aqu\u00ed en la regi\u00f3n\u00bb.<\/p>\n<p class=\"v1MsoNormal\" style=\"text-align: justify;\">La exposici\u00f3n adem\u00e1s de ser presencial tendr\u00e1 la posibilidad de ser visualizada virtualmente a trav\u00e9s de un cat\u00e1logo en el sitio web\u00a0<a href=\"http:\/\/www.fundacionartistasvisualeschile.cl\/\" target=\"_blank\" rel=\"noopener noreferrer\">www.fundacionartistasvisualeschile.cl<\/a><\/p>\n<p class=\"v1MsoNormal\" style=\"text-align: justify;\">En tanto, para los que quieran visitar presencialmente la exposici\u00f3n podr\u00e1n hacerlo hasta el pr\u00f3ximo 12 de octubre en el hall de acceso de la Corte de Apelaciones de Coyhaique, de lunes a viernes de 08:00 a 14:00 horas y los s\u00e1bados de 9:00 a 12:00 horas.<\/p>\n<\/div><\/section><\/div><div  style='height:50px' class='hr hr-invisible   avia-builder-el-6  el_after_av_one_full  el_before_av_social_share '><span class='hr-inner ' ><span class='hr-inner-style'><\/span><\/span><\/div><\/p>\n<div  class='av-social-sharing-box  avia-builder-el-7  el_after_av_hr  el_before_av_hr  '><div class='av-share-box'><h5 class='av-share-link-description av-no-toc '>Compartir esta noticia<\/h5><ul class='av-share-box-list noLightbox'><li class='av-share-link av-social-link-facebook' ><a target=\"_blank\" aria-label=\"Compartir en Facebook\" href='https:\/\/www.facebook.com\/sharer.php?u=https:\/\/radiorevelacionfm.cl\/?p=46645&#038;t=D%C3%ADa%20de%20las%20Artes%20Visuales%3A%20Artistas%20regionales%20exponen%20obras%20en%20la%20Corte%20de%20Coyhaique' aria-hidden='false' data-av_icon='\ue8f3' data-av_iconfont='entypo-fontello' title='' data-avia-related-tooltip='Compartir en Facebook' rel=\"noopener\"><span class='avia_hidden_link_text'>Compartir en Facebook<\/span><\/a><\/li><li class='av-share-link av-social-link-twitter' ><a target=\"_blank\" aria-label=\"Compartir en Twitter\" href='https:\/\/twitter.com\/share?text=D%C3%ADa%20de%20las%20Artes%20Visuales%3A%20Artistas%20regionales%20exponen%20obras%20en%20la%20Corte%20de%20Coyhaique&#038;url=https:\/\/radiorevelacionfm.cl\/?p=46645' aria-hidden='false' data-av_icon='\ue8f1' data-av_iconfont='entypo-fontello' title='' data-avia-related-tooltip='Compartir en Twitter' rel=\"noopener\"><span class='avia_hidden_link_text'>Compartir en Twitter<\/span><\/a><\/li><li class='av-share-link av-social-link-whatsapp' ><a target=\"_blank\" aria-label=\"Compartir en Whatsapp\" href='https:\/\/api.whatsapp.com\/send?text=https:\/\/radiorevelacionfm.cl\/?p=46645' aria-hidden='false' data-av_icon='\uf232' data-av_iconfont='entypo-fontello' title='' data-avia-related-tooltip='Compartir en Whatsapp' rel=\"noopener\"><span class='avia_hidden_link_text'>Compartir en Whatsapp<\/span><\/a><\/li><li class='av-share-link av-social-link-linkedin' ><a target=\"_blank\" aria-label=\"Compartir en LinkedIn\" href='https:\/\/linkedin.com\/shareArticle?mini=true&#038;title=D%C3%ADa%20de%20las%20Artes%20Visuales%3A%20Artistas%20regionales%20exponen%20obras%20en%20la%20Corte%20de%20Coyhaique&#038;url=https:\/\/radiorevelacionfm.cl\/?p=46645' aria-hidden='false' data-av_icon='\ue8fc' data-av_iconfont='entypo-fontello' title='' data-avia-related-tooltip='Compartir en LinkedIn' rel=\"noopener\"><span class='avia_hidden_link_text'>Compartir en LinkedIn<\/span><\/a><\/li><li class='av-share-link av-social-link-mail' ><a  aria-label=\"Compartir por correo\" href='mailto:?subject=D%C3%ADa%20de%20las%20Artes%20Visuales%3A%20Artistas%20regionales%20exponen%20obras%20en%20la%20Corte%20de%20Coyhaique&#038;body=https:\/\/radiorevelacionfm.cl\/?p=46645' aria-hidden='false' data-av_icon='\ue805' data-av_iconfont='entypo-fontello' title='' data-avia-related-tooltip='Compartir por correo'><span class='avia_hidden_link_text'>Compartir por correo<\/span><\/a><\/li><\/ul><\/div><\/div>\n<div  style='height:50px' class='hr hr-invisible   avia-builder-el-8  el_after_av_social_share  el_before_av_comments_list '><span class='hr-inner ' ><span class='hr-inner-style'><\/span><\/span><\/div>\n<div  class='av-buildercomment  av-blog-meta-html-info-disabled av-blog-meta-tag-disabled  '><\/div>\n","protected":false},"excerpt":{"rendered":"","protected":false},"author":1,"featured_media":46646,"comment_status":"open","ping_status":"open","sticky":false,"template":"","format":"standard","meta":{"footnotes":""},"categories":[52],"tags":[],"class_list":["post-46645","post","type-post","status-publish","format-standard","has-post-thumbnail","hentry","category-cultura"],"jetpack_featured_media_url":"https:\/\/radiorevelacionfm.cl\/wp-content\/uploads\/2024\/10\/foto-06-exposicion-1_optimized-1.jpg","_links":{"self":[{"href":"https:\/\/radiorevelacionfm.cl\/index.php?rest_route=\/wp\/v2\/posts\/46645","targetHints":{"allow":["GET"]}}],"collection":[{"href":"https:\/\/radiorevelacionfm.cl\/index.php?rest_route=\/wp\/v2\/posts"}],"about":[{"href":"https:\/\/radiorevelacionfm.cl\/index.php?rest_route=\/wp\/v2\/types\/post"}],"author":[{"embeddable":true,"href":"https:\/\/radiorevelacionfm.cl\/index.php?rest_route=\/wp\/v2\/users\/1"}],"replies":[{"embeddable":true,"href":"https:\/\/radiorevelacionfm.cl\/index.php?rest_route=%2Fwp%2Fv2%2Fcomments&post=46645"}],"version-history":[{"count":1,"href":"https:\/\/radiorevelacionfm.cl\/index.php?rest_route=\/wp\/v2\/posts\/46645\/revisions"}],"predecessor-version":[{"id":46647,"href":"https:\/\/radiorevelacionfm.cl\/index.php?rest_route=\/wp\/v2\/posts\/46645\/revisions\/46647"}],"wp:featuredmedia":[{"embeddable":true,"href":"https:\/\/radiorevelacionfm.cl\/index.php?rest_route=\/wp\/v2\/media\/46646"}],"wp:attachment":[{"href":"https:\/\/radiorevelacionfm.cl\/index.php?rest_route=%2Fwp%2Fv2%2Fmedia&parent=46645"}],"wp:term":[{"taxonomy":"category","embeddable":true,"href":"https:\/\/radiorevelacionfm.cl\/index.php?rest_route=%2Fwp%2Fv2%2Fcategories&post=46645"},{"taxonomy":"post_tag","embeddable":true,"href":"https:\/\/radiorevelacionfm.cl\/index.php?rest_route=%2Fwp%2Fv2%2Ftags&post=46645"}],"curies":[{"name":"wp","href":"https:\/\/api.w.org\/{rel}","templated":true}]}}