{"id":46642,"date":"2024-10-12T11:42:19","date_gmt":"2024-10-12T14:42:19","guid":{"rendered":"https:\/\/radiorevelacionfm.cl\/?p=46642"},"modified":"2024-10-12T11:42:19","modified_gmt":"2024-10-12T14:42:19","slug":"cancer-de-mama-una-enfermedad-que-se-puede-diagnosticar-a-tiempo","status":"publish","type":"post","link":"https:\/\/radiorevelacionfm.cl\/?p=46642","title":{"rendered":"C\u00e1ncer de mama: una enfermedad que se puede diagnosticar a tiempo"},"content":{"rendered":"<div class=\"flex_column av_one_full  flex_column_div av-zero-column-padding first  avia-builder-el-0  el_before_av_one_full  avia-builder-el-first  \" style='border-radius:0px; '><div  class='avia-image-container  av-styling-    avia-builder-el-1  avia-builder-el-no-sibling  avia-align-center '  itemprop=\"image\" itemscope=\"itemscope\" itemtype=\"https:\/\/schema.org\/ImageObject\"  ><div class='avia-image-container-inner'><div class='avia-image-overlay-wrap'><img decoding=\"async\" class='wp-image-46643 avia-img-lazy-loading-not-46643 avia_image' src=\"https:\/\/radiorevelacionfm.cl\/wp-content\/uploads\/2024\/10\/mes-cancer-mama-1-1.jpg\" alt='' title='mes-cancer-mama (1) (1)' height=\"600\" width=\"900\"  itemprop=\"thumbnailUrl\" srcset=\"https:\/\/radiorevelacionfm.cl\/wp-content\/uploads\/2024\/10\/mes-cancer-mama-1-1.jpg 900w, https:\/\/radiorevelacionfm.cl\/wp-content\/uploads\/2024\/10\/mes-cancer-mama-1-1-300x200.jpg 300w, https:\/\/radiorevelacionfm.cl\/wp-content\/uploads\/2024\/10\/mes-cancer-mama-1-1-768x512.jpg 768w, https:\/\/radiorevelacionfm.cl\/wp-content\/uploads\/2024\/10\/mes-cancer-mama-1-1-705x470.jpg 705w, https:\/\/radiorevelacionfm.cl\/wp-content\/uploads\/2024\/10\/mes-cancer-mama-1-1-450x300.jpg 450w, https:\/\/radiorevelacionfm.cl\/wp-content\/uploads\/2024\/10\/mes-cancer-mama-1-1-600x400.jpg 600w\" sizes=\"(max-width: 900px) 100vw, 900px\" \/><\/div><\/div><\/div><\/div><div class=\"flex_column av_one_full  flex_column_div av-zero-column-padding first  avia-builder-el-2  el_after_av_one_full  el_before_av_one_full  column-top-margin\" style='border-radius:0px; '><section class=\"av_textblock_section \"  itemscope=\"itemscope\" itemtype=\"https:\/\/schema.org\/BlogPosting\" itemprop=\"blogPost\" ><div class='avia_textblock  '   itemprop=\"text\" ><p style=\"text-align: center;\"><span style=\"font-size: 18pt;\"><b>C\u00e1ncer de mama: una enfermedad que se puede diagnosticar a tiempo<\/b><\/span><\/p>\n<div id=\"gtx-trans\" style=\"position: absolute; left: -50px; top: 4.31534px;\">\n<div class=\"gtx-trans-icon\"><\/div>\n<\/div>\n<\/div><\/section><\/div><div class=\"flex_column av_one_full  flex_column_div av-zero-column-padding first  avia-builder-el-4  el_after_av_one_full  el_before_av_hr  column-top-margin\" style='border-radius:0px; '><section class=\"av_textblock_section \"  itemscope=\"itemscope\" itemtype=\"https:\/\/schema.org\/BlogPosting\" itemprop=\"blogPost\" ><div class='avia_textblock  '   itemprop=\"text\" ><p><em>En inicio del mes que conmemora la concientizaci\u00f3n sobre esta enfermedad.<\/em><\/p>\n<p style=\"font-weight: 400; text-align: justify;\">El c\u00e1ncer de mama es una de las enfermedades m\u00e1s comunes entre las mujeres, pero tambi\u00e9n una de las m\u00e1s prevenibles si se detecta a tiempo. Seg\u00fan la\u00a0Dra. Marcia Valenzuela, cirujana de mama de Cl\u00ednica Santa Mar\u00eda, existen creencias err\u00f3neas sobre los factores de riesgo, lo que puede retrasar la detecci\u00f3n y tratamiento temprano de la enfermedad.<\/p>\n<p style=\"font-weight: 400; text-align: justify;\">\u00abUna de las creencias m\u00e1s comunes es pensar que, si no hay antecedentes familiares de c\u00e1ncer de mama, no se est\u00e1 en riesgo. Esto no es cierto. La mayor\u00eda de los c\u00e1nceres de mama ocurren de manera espor\u00e1dica, sin una causa hereditaria,\u00bb explica la Dra. Valenzuela. Por esta raz\u00f3n, toda mujer, independientemente de su historial familiar, debe realizar sus chequeos regulares.<\/p>\n<p style=\"font-weight: 400; text-align: justify;\">La especialista tambi\u00e9n enfatiza la importancia del seguimiento constante en las pacientes que ya han sido diagnosticadas: \u00abAquellas que han tenido c\u00e1ncer de mama deben permanecer en control durante toda su vida, ya que aunque el riesgo de recurrencia es bajo, siguen siendo un grupo especial en cuanto al seguimiento m\u00e9dico.\u00bb<\/p>\n<p style=\"font-weight: 400; text-align: justify;\">Existen factores de riesgo tanto modificables como no modificables. \u00abEl factor de riesgo m\u00e1s importante es ser mujer, ya que el c\u00e1ncer de mama afecta mucho m\u00e1s a las mujeres que a los hombres,\u00bb agrega la Dra. Valenzuela. La edad tambi\u00e9n juega un rol clave, ya que el riesgo aumenta a partir de los 40 a\u00f1os, increment\u00e1ndose a\u00fan m\u00e1s despu\u00e9s de los 50.<\/p>\n<p style=\"font-weight: 400; text-align: justify;\">Por \u00faltimo, la doctora subraya la relevancia de los factores de riesgo modificables: \u00abMantener un estilo de vida saludable es crucial. Hacer ejercicio regularmente, evitar el tabaco y reducir el consumo de alcohol pueden contribuir a disminuir el riesgo de desarrollar c\u00e1ncer de mama.\u00bb<\/p>\n<\/div><\/section><\/div><div  style='height:50px' class='hr hr-invisible   avia-builder-el-6  el_after_av_one_full  el_before_av_social_share '><span class='hr-inner ' ><span class='hr-inner-style'><\/span><\/span><\/div><\/p>\n<div  class='av-social-sharing-box  avia-builder-el-7  el_after_av_hr  el_before_av_hr  '><div class='av-share-box'><h5 class='av-share-link-description av-no-toc '>Compartir esta noticia<\/h5><ul class='av-share-box-list noLightbox'><li class='av-share-link av-social-link-facebook' ><a target=\"_blank\" aria-label=\"Compartir en Facebook\" href='https:\/\/www.facebook.com\/sharer.php?u=https:\/\/radiorevelacionfm.cl\/?p=46642&#038;t=C%C3%A1ncer%20de%20mama%3A%20una%20enfermedad%20que%20se%20puede%20diagnosticar%20a%20tiempo' aria-hidden='false' data-av_icon='\ue8f3' data-av_iconfont='entypo-fontello' title='' data-avia-related-tooltip='Compartir en Facebook' rel=\"noopener\"><span class='avia_hidden_link_text'>Compartir en Facebook<\/span><\/a><\/li><li class='av-share-link av-social-link-twitter' ><a target=\"_blank\" aria-label=\"Compartir en Twitter\" href='https:\/\/twitter.com\/share?text=C%C3%A1ncer%20de%20mama%3A%20una%20enfermedad%20que%20se%20puede%20diagnosticar%20a%20tiempo&#038;url=https:\/\/radiorevelacionfm.cl\/?p=46642' aria-hidden='false' data-av_icon='\ue8f1' data-av_iconfont='entypo-fontello' title='' data-avia-related-tooltip='Compartir en Twitter' rel=\"noopener\"><span class='avia_hidden_link_text'>Compartir en Twitter<\/span><\/a><\/li><li class='av-share-link av-social-link-whatsapp' ><a target=\"_blank\" aria-label=\"Compartir en Whatsapp\" href='https:\/\/api.whatsapp.com\/send?text=https:\/\/radiorevelacionfm.cl\/?p=46642' aria-hidden='false' data-av_icon='\uf232' data-av_iconfont='entypo-fontello' title='' data-avia-related-tooltip='Compartir en Whatsapp' rel=\"noopener\"><span class='avia_hidden_link_text'>Compartir en Whatsapp<\/span><\/a><\/li><li class='av-share-link av-social-link-linkedin' ><a target=\"_blank\" aria-label=\"Compartir en LinkedIn\" href='https:\/\/linkedin.com\/shareArticle?mini=true&#038;title=C%C3%A1ncer%20de%20mama%3A%20una%20enfermedad%20que%20se%20puede%20diagnosticar%20a%20tiempo&#038;url=https:\/\/radiorevelacionfm.cl\/?p=46642' aria-hidden='false' data-av_icon='\ue8fc' data-av_iconfont='entypo-fontello' title='' data-avia-related-tooltip='Compartir en LinkedIn' rel=\"noopener\"><span class='avia_hidden_link_text'>Compartir en LinkedIn<\/span><\/a><\/li><li class='av-share-link av-social-link-mail' ><a  aria-label=\"Compartir por correo\" href='mailto:?subject=C%C3%A1ncer%20de%20mama%3A%20una%20enfermedad%20que%20se%20puede%20diagnosticar%20a%20tiempo&#038;body=https:\/\/radiorevelacionfm.cl\/?p=46642' aria-hidden='false' data-av_icon='\ue805' data-av_iconfont='entypo-fontello' title='' data-avia-related-tooltip='Compartir por correo'><span class='avia_hidden_link_text'>Compartir por correo<\/span><\/a><\/li><\/ul><\/div><\/div>\n<div  style='height:50px' class='hr hr-invisible   avia-builder-el-8  el_after_av_social_share  el_before_av_comments_list '><span class='hr-inner ' ><span class='hr-inner-style'><\/span><\/span><\/div>\n<div  class='av-buildercomment  av-blog-meta-html-info-disabled av-blog-meta-tag-disabled  '><\/div>\n","protected":false},"excerpt":{"rendered":"","protected":false},"author":1,"featured_media":46643,"comment_status":"open","ping_status":"open","sticky":false,"template":"","format":"standard","meta":{"footnotes":""},"categories":[46],"tags":[],"class_list":["post-46642","post","type-post","status-publish","format-standard","has-post-thumbnail","hentry","category-salud"],"jetpack_featured_media_url":"https:\/\/radiorevelacionfm.cl\/wp-content\/uploads\/2024\/10\/mes-cancer-mama-1-1.jpg","_links":{"self":[{"href":"https:\/\/radiorevelacionfm.cl\/index.php?rest_route=\/wp\/v2\/posts\/46642","targetHints":{"allow":["GET"]}}],"collection":[{"href":"https:\/\/radiorevelacionfm.cl\/index.php?rest_route=\/wp\/v2\/posts"}],"about":[{"href":"https:\/\/radiorevelacionfm.cl\/index.php?rest_route=\/wp\/v2\/types\/post"}],"author":[{"embeddable":true,"href":"https:\/\/radiorevelacionfm.cl\/index.php?rest_route=\/wp\/v2\/users\/1"}],"replies":[{"embeddable":true,"href":"https:\/\/radiorevelacionfm.cl\/index.php?rest_route=%2Fwp%2Fv2%2Fcomments&post=46642"}],"version-history":[{"count":1,"href":"https:\/\/radiorevelacionfm.cl\/index.php?rest_route=\/wp\/v2\/posts\/46642\/revisions"}],"predecessor-version":[{"id":46644,"href":"https:\/\/radiorevelacionfm.cl\/index.php?rest_route=\/wp\/v2\/posts\/46642\/revisions\/46644"}],"wp:featuredmedia":[{"embeddable":true,"href":"https:\/\/radiorevelacionfm.cl\/index.php?rest_route=\/wp\/v2\/media\/46643"}],"wp:attachment":[{"href":"https:\/\/radiorevelacionfm.cl\/index.php?rest_route=%2Fwp%2Fv2%2Fmedia&parent=46642"}],"wp:term":[{"taxonomy":"category","embeddable":true,"href":"https:\/\/radiorevelacionfm.cl\/index.php?rest_route=%2Fwp%2Fv2%2Fcategories&post=46642"},{"taxonomy":"post_tag","embeddable":true,"href":"https:\/\/radiorevelacionfm.cl\/index.php?rest_route=%2Fwp%2Fv2%2Ftags&post=46642"}],"curies":[{"name":"wp","href":"https:\/\/api.w.org\/{rel}","templated":true}]}}