{"id":4662,"date":"2021-05-29T14:31:21","date_gmt":"2021-05-29T17:31:21","guid":{"rendered":"https:\/\/radiorevelacionfm.cl\/?p=4662"},"modified":"2021-05-29T14:34:17","modified_gmt":"2021-05-29T17:34:17","slug":"la-foji-celebra-20-anos-apoyando-a-mas-de-25-mil-ninos-ninas-y-jovenes-musicos-y-anuncia-la-primera-orquesta-pre-infantil-del-pais","status":"publish","type":"post","link":"https:\/\/radiorevelacionfm.cl\/?p=4662","title":{"rendered":"FOJI celebra 20 a\u00f1os apoyando a m\u00e1s de 25 mil ni\u00f1os, ni\u00f1as y j\u00f3venes m\u00fasicos y anuncia la primera orquesta pre infantil del pa\u00eds"},"content":{"rendered":"<div class=\"flex_column av_one_full  flex_column_div av-zero-column-padding first  avia-builder-el-0  el_before_av_one_full  avia-builder-el-first  \" style='border-radius:0px; '><div  class='avia-image-container  av-styling-    avia-builder-el-1  avia-builder-el-no-sibling  avia-align-center '  itemprop=\"image\" itemscope=\"itemscope\" itemtype=\"https:\/\/schema.org\/ImageObject\"  ><div class='avia-image-container-inner'><div class='avia-image-overlay-wrap'><img decoding=\"async\" class='wp-image-0 avia-img-lazy-loading-not-0 avia_image' src=\"https:\/\/radiorevelacionfm.cl\/wp-content\/uploads\/2021\/05\/FOJI_XNC2928-1-1.jpg\" alt='' title=''   itemprop=\"thumbnailUrl\"  \/><\/div><\/div><\/div><\/div>\n<div class=\"flex_column av_one_full  flex_column_div av-zero-column-padding first  avia-builder-el-2  el_after_av_one_full  el_before_av_one_full  column-top-margin\" style='border-radius:0px; '><section class=\"av_textblock_section \"  itemscope=\"itemscope\" itemtype=\"https:\/\/schema.org\/BlogPosting\" itemprop=\"blogPost\" ><div class='avia_textblock  '   itemprop=\"text\" ><p style=\"text-align: center;\"><strong><span style=\"font-size: 18pt;\">FOJI celebra 20 a\u00f1os apoyando a m\u00e1s de 25 mil ni\u00f1os, ni\u00f1as y j\u00f3venes m\u00fasicos y anuncia la primera orquesta pre infantil del pa\u00eds<\/span><\/strong><\/p>\n<div id=\"gtx-trans\" style=\"position: absolute; left: -50px; top: 4.31534px;\">\n<div class=\"gtx-trans-icon\"><\/div>\n<\/div>\n<\/div><\/section><\/div><div class=\"flex_column av_one_full  flex_column_div av-zero-column-padding first  avia-builder-el-4  el_after_av_one_full  el_before_av_hr  column-top-margin\" style='border-radius:0px; '><section class=\"av_textblock_section \"  itemscope=\"itemscope\" itemtype=\"https:\/\/schema.org\/BlogPosting\" itemprop=\"blogPost\" ><div class='avia_textblock  '   itemprop=\"text\" ><p style=\"font-weight: 400; text-align: justify;\">Con una emotiva ceremonia en el Palacio de La Moneda que incluy\u00f3 homenajes, estrenos y m\u00fasica, la Fundaci\u00f3n de Orquestas Juveniles e Infantiles de Chile (FOJI), celebr\u00f3 sus 20 a\u00f1os de existencia al servicio de los 25 mil ni\u00f1os, ni\u00f1as y j\u00f3venes m\u00fasicos que apoya en la actualidad la instituci\u00f3n, con 18 orquestas propias distribuidas a lo largo de todo Chile.<\/p>\n<p style=\"font-weight: 400; text-align: justify;\">En la ocasi\u00f3n se entregaron los premios \u201cEsp\u00edritu FOJI 20 a\u00f1os\u201d, este reconocimiento fue otorgado a todas las personas que, a lo largo de la historia, han representado y apoyado los valores de la instituci\u00f3n con su trabajo. Los premiados fueron: 19 becados, 19 instructores, 10 fundadores, 16 orquestas comunales, 23 instituciones, 2 colaboradores y 5 medios de comunicaci\u00f3n.<\/p>\n<p style=\"font-weight: 400; text-align: justify;\">\u201cQueremos felicitar a todas estas personas que representan los valores de la Fundaci\u00f3n: excelencia, empat\u00eda, respeto, honestidad y compromiso social. Tambi\u00e9n a las instituciones y medios de comunicaci\u00f3n que nos han apoyado a lo largo de los a\u00f1os con el trabajo de sacar adelante el talento de nuestros j\u00f3venes. Hoy tenemos m\u00e1s de 25 mil ni\u00f1os, ni\u00f1as y j\u00f3venes que servir; seguiremos trabajando para que m\u00e1s se unan a esta maravillosa instituci\u00f3n\u201d, coment\u00f3 la primera dama y presidenta de la FOJI, Cecilia Morel.<\/p>\n<p style=\"font-weight: 400; text-align: justify;\">\u201cHoy es un d\u00eda muy especial para todos nosotros, ya que estamos reconociendo a los que, durante 20 a\u00f1os, han puesto su coraz\u00f3n al servicio de esta noble instituci\u00f3n que alberga a m\u00e1s de 25 mil m\u00fasicos. La FOJI es la batuta del talento\u201d, se\u00f1al\u00f3 Alejandra Kantor, directora ejecutiva de la Fundaci\u00f3n.<\/p>\n<p style=\"font-weight: 400; text-align: justify;\">Tambi\u00e9n agreg\u00f3 su directora que los desaf\u00edos para los pr\u00f3ximos a\u00f1os son llegar a m\u00e1s ni\u00f1os y ni\u00f1as, a trav\u00e9s de la creaci\u00f3n de la Primera Orquesta Pre-Infantil de Chile desde los 5 a\u00f1os y continuar fortaleciendo la descentralizaci\u00f3n a trav\u00e9s de alianzas con los Gobiernos Regionales.<\/p>\n<p style=\"font-weight: 400; text-align: justify;\">En la ceremonia donde tambi\u00e9n participaron la ministra de Cultura, las Artes y el Patrimonio, Consuelo Vald\u00e9s y el director ejecutivo de TVN, Francisco Guij\u00f3n, entre otros, se estren\u00f3 un adelanto del estreno del documental \u201cEn Homenaje al Maestro Fernando Rosas\u201d, que cuenta la historia de\u00a0la instituci\u00f3n.<\/p>\n<p style=\"font-weight: 400; text-align: justify;\">La Fundaci\u00f3n Orquestas Juveniles e Infantiles (FOJI), perteneciente a la Red de Fundaciones de la Presidencia y que encabeza la primera dama, Cecilia Morel, es una instituci\u00f3n sin fines de lucro, entrega becas para ni\u00f1os y j\u00f3venes m\u00fasicos, organiza cursos de instrumentos y direcci\u00f3n orquestal, concursos de interpretaci\u00f3n, festivales, temporadas de conciertos y fondos concursables.<\/p>\n<p style=\"font-weight: 400; text-align: justify;\">Hoy son m\u00e1s de 500 las Orquestas Juveniles e Infantiles que se encuentran distribuidas de Arica a Punta Arenas, en 170 comunas del pa\u00eds.<\/p>\n<\/div><\/section><\/div><\/p>\n<div  style='height:50px' class='hr hr-invisible   avia-builder-el-6  el_after_av_one_full  el_before_av_social_share '><span class='hr-inner ' ><span class='hr-inner-style'><\/span><\/span><\/div>\n<div  class='av-social-sharing-box  avia-builder-el-7  el_after_av_hr  el_before_av_hr  '><div class='av-share-box'><h5 class='av-share-link-description av-no-toc '>Compartir esta noticia<\/h5><ul class='av-share-box-list noLightbox'><li class='av-share-link av-social-link-facebook' ><a target=\"_blank\" aria-label=\"Compartir en Facebook\" href='https:\/\/www.facebook.com\/sharer.php?u=https:\/\/radiorevelacionfm.cl\/?p=4662&#038;t=FOJI%20celebra%2020%20a%C3%B1os%20apoyando%20a%20m%C3%A1s%20de%2025%20mil%20ni%C3%B1os%2C%20ni%C3%B1as%20y%20j%C3%B3venes%20m%C3%BAsicos%20y%20anuncia%20la%20primera%20orquesta%20pre%20infantil%20del%20pa%C3%ADs' aria-hidden='false' data-av_icon='\ue8f3' data-av_iconfont='entypo-fontello' title='' data-avia-related-tooltip='Compartir en Facebook' rel=\"noopener\"><span class='avia_hidden_link_text'>Compartir en Facebook<\/span><\/a><\/li><li class='av-share-link av-social-link-twitter' ><a target=\"_blank\" aria-label=\"Compartir en Twitter\" href='https:\/\/twitter.com\/share?text=FOJI%20celebra%2020%20a%C3%B1os%20apoyando%20a%20m%C3%A1s%20de%2025%20mil%20ni%C3%B1os%2C%20ni%C3%B1as%20y%20j%C3%B3venes%20m%C3%BAsicos%20y%20anuncia%20la%20primera%20orquesta%20pre%20infantil%20del%20pa%C3%ADs&#038;url=https:\/\/radiorevelacionfm.cl\/?p=4662' aria-hidden='false' data-av_icon='\ue8f1' data-av_iconfont='entypo-fontello' title='' data-avia-related-tooltip='Compartir en Twitter' rel=\"noopener\"><span class='avia_hidden_link_text'>Compartir en Twitter<\/span><\/a><\/li><li class='av-share-link av-social-link-whatsapp' ><a target=\"_blank\" aria-label=\"Compartir en Whatsapp\" href='https:\/\/api.whatsapp.com\/send?text=https:\/\/radiorevelacionfm.cl\/?p=4662' aria-hidden='false' data-av_icon='\uf232' data-av_iconfont='entypo-fontello' title='' data-avia-related-tooltip='Compartir en Whatsapp' rel=\"noopener\"><span class='avia_hidden_link_text'>Compartir en Whatsapp<\/span><\/a><\/li><li class='av-share-link av-social-link-linkedin' ><a target=\"_blank\" aria-label=\"Compartir en LinkedIn\" href='https:\/\/linkedin.com\/shareArticle?mini=true&#038;title=FOJI%20celebra%2020%20a%C3%B1os%20apoyando%20a%20m%C3%A1s%20de%2025%20mil%20ni%C3%B1os%2C%20ni%C3%B1as%20y%20j%C3%B3venes%20m%C3%BAsicos%20y%20anuncia%20la%20primera%20orquesta%20pre%20infantil%20del%20pa%C3%ADs&#038;url=https:\/\/radiorevelacionfm.cl\/?p=4662' aria-hidden='false' data-av_icon='\ue8fc' data-av_iconfont='entypo-fontello' title='' data-avia-related-tooltip='Compartir en LinkedIn' rel=\"noopener\"><span class='avia_hidden_link_text'>Compartir en LinkedIn<\/span><\/a><\/li><li class='av-share-link av-social-link-mail' ><a  aria-label=\"Compartir por correo\" href='mailto:?subject=FOJI%20celebra%2020%20a%C3%B1os%20apoyando%20a%20m%C3%A1s%20de%2025%20mil%20ni%C3%B1os%2C%20ni%C3%B1as%20y%20j%C3%B3venes%20m%C3%BAsicos%20y%20anuncia%20la%20primera%20orquesta%20pre%20infantil%20del%20pa%C3%ADs&#038;body=https:\/\/radiorevelacionfm.cl\/?p=4662' aria-hidden='false' data-av_icon='\ue805' data-av_iconfont='entypo-fontello' title='' data-avia-related-tooltip='Compartir por correo'><span class='avia_hidden_link_text'>Compartir por correo<\/span><\/a><\/li><\/ul><\/div><\/div>\n<div  style='height:50px' class='hr hr-invisible   avia-builder-el-8  el_after_av_social_share  el_before_av_comments_list '><span class='hr-inner ' ><span class='hr-inner-style'><\/span><\/span><\/div>\n<div  class='av-buildercomment  av-blog-meta-html-info-disabled av-blog-meta-tag-disabled  '><\/div>\n","protected":false},"excerpt":{"rendered":"","protected":false},"author":1,"featured_media":0,"comment_status":"open","ping_status":"open","sticky":false,"template":"","format":"standard","meta":{"footnotes":""},"categories":[52],"tags":[],"class_list":["post-4662","post","type-post","status-publish","format-standard","hentry","category-cultura"],"jetpack_featured_media_url":"","_links":{"self":[{"href":"https:\/\/radiorevelacionfm.cl\/index.php?rest_route=\/wp\/v2\/posts\/4662","targetHints":{"allow":["GET"]}}],"collection":[{"href":"https:\/\/radiorevelacionfm.cl\/index.php?rest_route=\/wp\/v2\/posts"}],"about":[{"href":"https:\/\/radiorevelacionfm.cl\/index.php?rest_route=\/wp\/v2\/types\/post"}],"author":[{"embeddable":true,"href":"https:\/\/radiorevelacionfm.cl\/index.php?rest_route=\/wp\/v2\/users\/1"}],"replies":[{"embeddable":true,"href":"https:\/\/radiorevelacionfm.cl\/index.php?rest_route=%2Fwp%2Fv2%2Fcomments&post=4662"}],"version-history":[{"count":3,"href":"https:\/\/radiorevelacionfm.cl\/index.php?rest_route=\/wp\/v2\/posts\/4662\/revisions"}],"predecessor-version":[{"id":4667,"href":"https:\/\/radiorevelacionfm.cl\/index.php?rest_route=\/wp\/v2\/posts\/4662\/revisions\/4667"}],"wp:attachment":[{"href":"https:\/\/radiorevelacionfm.cl\/index.php?rest_route=%2Fwp%2Fv2%2Fmedia&parent=4662"}],"wp:term":[{"taxonomy":"category","embeddable":true,"href":"https:\/\/radiorevelacionfm.cl\/index.php?rest_route=%2Fwp%2Fv2%2Fcategories&post=4662"},{"taxonomy":"post_tag","embeddable":true,"href":"https:\/\/radiorevelacionfm.cl\/index.php?rest_route=%2Fwp%2Fv2%2Ftags&post=4662"}],"curies":[{"name":"wp","href":"https:\/\/api.w.org\/{rel}","templated":true}]}}