{"id":46614,"date":"2024-10-01T21:22:15","date_gmt":"2024-10-02T00:22:15","guid":{"rendered":"https:\/\/radiorevelacionfm.cl\/?p=46614"},"modified":"2024-10-01T21:22:15","modified_gmt":"2024-10-02T00:22:15","slug":"puerto-aysen-este-jueves-3-de-octubre-se-realizara-la-feria-laboral-litoral-trabajo","status":"publish","type":"post","link":"https:\/\/radiorevelacionfm.cl\/?p=46614","title":{"rendered":"Puerto Ays\u00e9n: Este jueves 3 de octubre se realizar\u00e1 la Feria Laboral Litoral-Trabajo"},"content":{"rendered":"<div class=\"flex_column av_one_full  flex_column_div av-zero-column-padding first  avia-builder-el-0  el_before_av_one_full  avia-builder-el-first  \" style='border-radius:0px; '><div  class='avia-image-container  av-styling-    avia-builder-el-1  avia-builder-el-no-sibling  avia-align-center '  itemprop=\"image\" itemscope=\"itemscope\" itemtype=\"https:\/\/schema.org\/ImageObject\"  ><div class='avia-image-container-inner'><div class='avia-image-overlay-wrap'><img decoding=\"async\" class='wp-image-46616 avia-img-lazy-loading-not-46616 avia_image' src=\"https:\/\/radiorevelacionfm.cl\/wp-content\/uploads\/2024\/09\/Trabajadores-del-salmon-1-1.jpg\" alt='' title='Trabajadores del salmon (1) (1)' height=\"600\" width=\"897\"  itemprop=\"thumbnailUrl\" srcset=\"https:\/\/radiorevelacionfm.cl\/wp-content\/uploads\/2024\/09\/Trabajadores-del-salmon-1-1.jpg 897w, https:\/\/radiorevelacionfm.cl\/wp-content\/uploads\/2024\/09\/Trabajadores-del-salmon-1-1-300x201.jpg 300w, https:\/\/radiorevelacionfm.cl\/wp-content\/uploads\/2024\/09\/Trabajadores-del-salmon-1-1-768x514.jpg 768w, https:\/\/radiorevelacionfm.cl\/wp-content\/uploads\/2024\/09\/Trabajadores-del-salmon-1-1-705x472.jpg 705w, https:\/\/radiorevelacionfm.cl\/wp-content\/uploads\/2024\/09\/Trabajadores-del-salmon-1-1-450x301.jpg 450w, https:\/\/radiorevelacionfm.cl\/wp-content\/uploads\/2024\/09\/Trabajadores-del-salmon-1-1-600x401.jpg 600w\" sizes=\"(max-width: 897px) 100vw, 897px\" \/><\/div><\/div><\/div><\/div><div class=\"flex_column av_one_full  flex_column_div av-zero-column-padding first  avia-builder-el-2  el_after_av_one_full  el_before_av_one_full  column-top-margin\" style='border-radius:0px; '><section class=\"av_textblock_section \"  itemscope=\"itemscope\" itemtype=\"https:\/\/schema.org\/BlogPosting\" itemprop=\"blogPost\" ><div class='avia_textblock  '   itemprop=\"text\" ><p style=\"text-align: center;\"><span style=\"font-size: 18pt;\"><b><span lang=\"ES\">Puerto Ays\u00e9n: Este jueves 3 de octubre se realizar\u00e1 la Feria Laboral Litoral-Trabajo<\/span><\/b><\/span><\/p>\n<div id=\"gtx-trans\" style=\"position: absolute; left: -50px; top: 4.31534px;\">\n<div class=\"gtx-trans-icon\"><\/div>\n<\/div>\n<\/div><\/section><\/div><div class=\"flex_column av_one_full  flex_column_div av-zero-column-padding first  avia-builder-el-4  el_after_av_one_full  el_before_av_hr  column-top-margin\" style='border-radius:0px; '><section class=\"av_textblock_section \"  itemscope=\"itemscope\" itemtype=\"https:\/\/schema.org\/BlogPosting\" itemprop=\"blogPost\" ><div class='avia_textblock  '   itemprop=\"text\" ><p class=\"v1MsoNormal\" style=\"text-align: justify;\"><em><span lang=\"ES\">Con m\u00e1s de 150 ofertas laborales disponibles, la Feria es organizada por la Seremi de Trabajo y Previsi\u00f3n Social junto a Sence, gremios, empresas acu\u00edcolas, de pesca y prestadores de servicio.<\/span><\/em><\/p>\n<p class=\"v1MsoNormal\" style=\"text-align: justify;\"><span lang=\"ES\">En el Gimnasio del IND, ubicado en la Plaza de Puerto Ays\u00e9n, se desarrollar\u00e1 este jueves 03 de octubre de 2024, entre 10:30 y 14:00 la Feria Laboral Litoral-Trabajo, organizada por la Seremi de Trabajo y Previsi\u00f3n Social junto al Servicio Nacional de Capacitaci\u00f3n y Empleo, Sence, empresas y gremios acu\u00edcolas, de pesca y prestadores de servicio.<\/span><\/p>\n<p class=\"v1MsoNormal\" style=\"text-align: justify;\"><span lang=\"ES\">El Seremi de Trabajo y Previsi\u00f3n Social, Rodrigo D\u00edaz Cordaro, coment\u00f3 sobre esta iniciativa, \u00abSon m\u00e1s de 150 las ofertas laborales que se estar\u00e1n ofreciendo en esta feria laboral en Puerto Ays\u00e9n, que estamos levantando junto a Sence, a los gremios Salm\u00f3n Chile, Consejo del Salm\u00f3n, 12 empresas del \u00e1mbito acu\u00edcola, de pesca y prestadores de servicio. Lo que queremos recalcar es que en nuestra Regi\u00f3n de Ays\u00e9n hay trabajo, trabajo de decente, que el sector productivo del litoral entrega empleos de diversos \u00e1mbitos, con sueldos sobre el salario m\u00ednimo. Hemos realizado un trabajo importante con el sector de acuicultura, con pesca y con las empresas contratistas, ya que es en la Provincia de Ays\u00e9n donde se genera parte importante del Producto Interno Bruto, PIB, regional. Esta es una oportunidad para quienes est\u00e1n buscando trabajo\u00bb, afirm\u00f3 Rodrigo D\u00edaz.<\/span><\/p>\n<p class=\"v1MsoNormal\" style=\"text-align: justify;\">Por su parte, el director regional de Sence, Nelson Garrido Morales, invit\u00f3 a la comunidad, \u00abQueremos invitar a todos y todas a la Feria Litoral-Trabajo, a desarrollarse en el Gimnasio del Instituto Nacional de Deportes, IND, este jueves 3 de octubre, desde las 10:30 de la ma\u00f1ana. Sence y las OMIL de Puerto Ays\u00e9n y Coyhaique, los apoyaremos en la impresi\u00f3n y generaci\u00f3n de su curr\u00edculum, y adem\u00e1s, su inscripci\u00f3n en la Bolsa Nacional de Empleo, BNE. No dejes de asistir, ya que muchas ofertas de trabajo te esperan, como Asistente de Centro T\u00e9cnico Aguamar, T\u00e9cnico en mantenci\u00f3n, jefes de Centro, cocinero, entre otros. Los esperamos, no dejen de asistir\u00bb, inst\u00f3.<\/p>\n<\/div><\/section><\/div><div  style='height:50px' class='hr hr-invisible   avia-builder-el-6  el_after_av_one_full  el_before_av_social_share '><span class='hr-inner ' ><span class='hr-inner-style'><\/span><\/span><\/div><\/p>\n<div  class='av-social-sharing-box  avia-builder-el-7  el_after_av_hr  el_before_av_hr  '><div class='av-share-box'><h5 class='av-share-link-description av-no-toc '>Compartir esta noticia<\/h5><ul class='av-share-box-list noLightbox'><li class='av-share-link av-social-link-facebook' ><a target=\"_blank\" aria-label=\"Compartir en Facebook\" href='https:\/\/www.facebook.com\/sharer.php?u=https:\/\/radiorevelacionfm.cl\/?p=46614&#038;t=Puerto%20Ays%C3%A9n%3A%20Este%20jueves%203%20de%20octubre%20se%20realizar%C3%A1%20la%20Feria%20Laboral%20Litoral-Trabajo' aria-hidden='false' data-av_icon='\ue8f3' data-av_iconfont='entypo-fontello' title='' data-avia-related-tooltip='Compartir en Facebook' rel=\"noopener\"><span class='avia_hidden_link_text'>Compartir en Facebook<\/span><\/a><\/li><li class='av-share-link av-social-link-twitter' ><a target=\"_blank\" aria-label=\"Compartir en Twitter\" href='https:\/\/twitter.com\/share?text=Puerto%20Ays%C3%A9n%3A%20Este%20jueves%203%20de%20octubre%20se%20realizar%C3%A1%20la%20Feria%20Laboral%20Litoral-Trabajo&#038;url=https:\/\/radiorevelacionfm.cl\/?p=46614' aria-hidden='false' data-av_icon='\ue8f1' data-av_iconfont='entypo-fontello' title='' data-avia-related-tooltip='Compartir en Twitter' rel=\"noopener\"><span class='avia_hidden_link_text'>Compartir en Twitter<\/span><\/a><\/li><li class='av-share-link av-social-link-whatsapp' ><a target=\"_blank\" aria-label=\"Compartir en Whatsapp\" href='https:\/\/api.whatsapp.com\/send?text=https:\/\/radiorevelacionfm.cl\/?p=46614' aria-hidden='false' data-av_icon='\uf232' data-av_iconfont='entypo-fontello' title='' data-avia-related-tooltip='Compartir en Whatsapp' rel=\"noopener\"><span class='avia_hidden_link_text'>Compartir en Whatsapp<\/span><\/a><\/li><li class='av-share-link av-social-link-linkedin' ><a target=\"_blank\" aria-label=\"Compartir en LinkedIn\" href='https:\/\/linkedin.com\/shareArticle?mini=true&#038;title=Puerto%20Ays%C3%A9n%3A%20Este%20jueves%203%20de%20octubre%20se%20realizar%C3%A1%20la%20Feria%20Laboral%20Litoral-Trabajo&#038;url=https:\/\/radiorevelacionfm.cl\/?p=46614' aria-hidden='false' data-av_icon='\ue8fc' data-av_iconfont='entypo-fontello' title='' data-avia-related-tooltip='Compartir en LinkedIn' rel=\"noopener\"><span class='avia_hidden_link_text'>Compartir en LinkedIn<\/span><\/a><\/li><li class='av-share-link av-social-link-mail' ><a  aria-label=\"Compartir por correo\" href='mailto:?subject=Puerto%20Ays%C3%A9n%3A%20Este%20jueves%203%20de%20octubre%20se%20realizar%C3%A1%20la%20Feria%20Laboral%20Litoral-Trabajo&#038;body=https:\/\/radiorevelacionfm.cl\/?p=46614' aria-hidden='false' data-av_icon='\ue805' data-av_iconfont='entypo-fontello' title='' data-avia-related-tooltip='Compartir por correo'><span class='avia_hidden_link_text'>Compartir por correo<\/span><\/a><\/li><\/ul><\/div><\/div>\n<div  style='height:50px' class='hr hr-invisible   avia-builder-el-8  el_after_av_social_share  el_before_av_comments_list '><span class='hr-inner ' ><span class='hr-inner-style'><\/span><\/span><\/div>\n<div  class='av-buildercomment  av-blog-meta-html-info-disabled av-blog-meta-tag-disabled  '><\/div>\n","protected":false},"excerpt":{"rendered":"","protected":false},"author":1,"featured_media":46616,"comment_status":"open","ping_status":"open","sticky":false,"template":"","format":"standard","meta":{"footnotes":""},"categories":[56],"tags":[],"class_list":["post-46614","post","type-post","status-publish","format-standard","has-post-thumbnail","hentry","category-trabajo"],"jetpack_featured_media_url":"https:\/\/radiorevelacionfm.cl\/wp-content\/uploads\/2024\/09\/Trabajadores-del-salmon-1-1.jpg","_links":{"self":[{"href":"https:\/\/radiorevelacionfm.cl\/index.php?rest_route=\/wp\/v2\/posts\/46614","targetHints":{"allow":["GET"]}}],"collection":[{"href":"https:\/\/radiorevelacionfm.cl\/index.php?rest_route=\/wp\/v2\/posts"}],"about":[{"href":"https:\/\/radiorevelacionfm.cl\/index.php?rest_route=\/wp\/v2\/types\/post"}],"author":[{"embeddable":true,"href":"https:\/\/radiorevelacionfm.cl\/index.php?rest_route=\/wp\/v2\/users\/1"}],"replies":[{"embeddable":true,"href":"https:\/\/radiorevelacionfm.cl\/index.php?rest_route=%2Fwp%2Fv2%2Fcomments&post=46614"}],"version-history":[{"count":1,"href":"https:\/\/radiorevelacionfm.cl\/index.php?rest_route=\/wp\/v2\/posts\/46614\/revisions"}],"predecessor-version":[{"id":46617,"href":"https:\/\/radiorevelacionfm.cl\/index.php?rest_route=\/wp\/v2\/posts\/46614\/revisions\/46617"}],"wp:featuredmedia":[{"embeddable":true,"href":"https:\/\/radiorevelacionfm.cl\/index.php?rest_route=\/wp\/v2\/media\/46616"}],"wp:attachment":[{"href":"https:\/\/radiorevelacionfm.cl\/index.php?rest_route=%2Fwp%2Fv2%2Fmedia&parent=46614"}],"wp:term":[{"taxonomy":"category","embeddable":true,"href":"https:\/\/radiorevelacionfm.cl\/index.php?rest_route=%2Fwp%2Fv2%2Fcategories&post=46614"},{"taxonomy":"post_tag","embeddable":true,"href":"https:\/\/radiorevelacionfm.cl\/index.php?rest_route=%2Fwp%2Fv2%2Ftags&post=46614"}],"curies":[{"name":"wp","href":"https:\/\/api.w.org\/{rel}","templated":true}]}}