{"id":46611,"date":"2024-10-01T11:58:27","date_gmt":"2024-10-01T14:58:27","guid":{"rendered":"https:\/\/radiorevelacionfm.cl\/?p=46611"},"modified":"2024-10-01T11:58:27","modified_gmt":"2024-10-01T14:58:27","slug":"trabajadoras-y-trabajadores-del-agro-en-aysen-son-capacitados-sobre-ley-karin","status":"publish","type":"post","link":"https:\/\/radiorevelacionfm.cl\/?p=46611","title":{"rendered":"Trabajadoras y trabajadores del agro en Ays\u00e9n son capacitados sobre Ley Karin"},"content":{"rendered":"<div class=\"flex_column av_one_full  flex_column_div av-zero-column-padding first  avia-builder-el-0  el_before_av_one_full  avia-builder-el-first  \" style='border-radius:0px; '><div  class='avia-image-container  av-styling-    avia-builder-el-1  avia-builder-el-no-sibling  avia-align-center '  itemprop=\"image\" itemscope=\"itemscope\" itemtype=\"https:\/\/schema.org\/ImageObject\"  ><div class='avia-image-container-inner'><div class='avia-image-overlay-wrap'><img decoding=\"async\" class='wp-image-46612 avia-img-lazy-loading-not-46612 avia_image' src=\"https:\/\/radiorevelacionfm.cl\/wp-content\/uploads\/2024\/09\/foto-02-30_optimized.09-1.jpeg\" alt='' title='foto-02 - -30_optimized.09-(1)' height=\"600\" width=\"800\"  itemprop=\"thumbnailUrl\" srcset=\"https:\/\/radiorevelacionfm.cl\/wp-content\/uploads\/2024\/09\/foto-02-30_optimized.09-1.jpeg 800w, https:\/\/radiorevelacionfm.cl\/wp-content\/uploads\/2024\/09\/foto-02-30_optimized.09-1-300x225.jpeg 300w, https:\/\/radiorevelacionfm.cl\/wp-content\/uploads\/2024\/09\/foto-02-30_optimized.09-1-768x576.jpeg 768w, https:\/\/radiorevelacionfm.cl\/wp-content\/uploads\/2024\/09\/foto-02-30_optimized.09-1-705x529.jpeg 705w, https:\/\/radiorevelacionfm.cl\/wp-content\/uploads\/2024\/09\/foto-02-30_optimized.09-1-450x338.jpeg 450w, https:\/\/radiorevelacionfm.cl\/wp-content\/uploads\/2024\/09\/foto-02-30_optimized.09-1-600x450.jpeg 600w\" sizes=\"(max-width: 800px) 100vw, 800px\" \/><\/div><\/div><\/div><\/div><div class=\"flex_column av_one_full  flex_column_div av-zero-column-padding first  avia-builder-el-2  el_after_av_one_full  el_before_av_one_full  column-top-margin\" style='border-radius:0px; '><section class=\"av_textblock_section \"  itemscope=\"itemscope\" itemtype=\"https:\/\/schema.org\/BlogPosting\" itemprop=\"blogPost\" ><div class='avia_textblock  '   itemprop=\"text\" ><p style=\"text-align: center;\"><span style=\"font-size: 18pt;\"><b>Trabajadoras y trabajadores del agro en Ays\u00e9n son capacitados sobre Ley Karin<\/b><\/span><\/p>\n<div id=\"gtx-trans\" style=\"position: absolute; left: -50px; top: 4.31534px;\">\n<div class=\"gtx-trans-icon\"><\/div>\n<\/div>\n<\/div><\/section><\/div><div class=\"flex_column av_one_full  flex_column_div av-zero-column-padding first  avia-builder-el-4  el_after_av_one_full  el_before_av_hr  column-top-margin\" style='border-radius:0px; '><section class=\"av_textblock_section \"  itemscope=\"itemscope\" itemtype=\"https:\/\/schema.org\/BlogPosting\" itemprop=\"blogPost\" ><div class='avia_textblock  '   itemprop=\"text\" ><p style=\"text-align: justify;\">Con la participaci\u00f3n de directoras y directores de servicio, como tambi\u00e9n profesionales y trabajadores de las entidades que conforman el Ministerio de Agricultura en la regi\u00f3n de Ays\u00e9n, este viernes la Secretar\u00eda Regional Ministerial del Trabajo, a trav\u00e9s de su seremi Rodrigo D\u00edaz Cordaro, realiz\u00f3 una exitosa charla informativa sobre las implicancias de la Ley Karin y sus atribuciones para fortalecer ambientes laborales seguros.<\/p>\n<p style=\"text-align: justify;\">Encargadas de g\u00e9nero, representantes de asociaciones de funcionarios y directivos estuvieron presentes en el encuentro que se desarroll\u00f3 en las dependencias del edificio que agrupa a los servicios de la cartera.<\/p>\n<p style=\"text-align: justify;\">En este sentido, el seremi de Agricultura de Ays\u00e9n, Eugenio Ruiz Espinoza, destac\u00f3 que \u00abvaloramos la jornada de capacitaci\u00f3n que desarroll\u00f3 el seremi del Trabajo junto a su equipo, en la que satisfactoriamente participaron cerca de 40 funcionarias y funcionarios que pertenecen a nuestros servicios del SAG, Conaf, Indap, Infor y CNR. Esta Ley implica elevar est\u00e1ndares contra el acoso sexual y laboral, y nos hacemos cargo de promover instancias para saber identificarlo, prevenirlo y manejarlo correctamente\u00bb.<\/p>\n<p style=\"text-align: justify;\">En este contexto, durante la jornada se profundiz\u00f3 en la ratificaci\u00f3n del\u00a0Convenio 190 de la OIT y espec\u00edficamente sobre las implicancias de la Ley 21.643, m\u00e1s conocida como Ley Karin, la cual incorpora modificaciones en los procesos de denuncia, investigaci\u00f3n y sanci\u00f3n del acoso sexual, laboral y violencia en el trabajo. Adem\u00e1s, se respondieron consultas respecto a su puesta en marcha y se realiz\u00f3 un breve sondeo de pruebas para identificar los conocimientos adquiridos.<\/p>\n<p style=\"text-align: justify;\">Cabe mencionar que, bajo el llamado de \u00abno es talla, es ley\u00bb, la legislaci\u00f3n nace en memoria de Karin Salgado, funcionaria p\u00fablica y t\u00e9cnica en enfermer\u00eda quien, tras sufrir un prolongado proceso de acoso laboral, decidi\u00f3 quitarse la vida en 2019.<\/p>\n<p style=\"text-align: justify;\">Si bien los equipos internos igualmente han sido instruidos de manera particular por sus servicios, al momento de finalizar el encuentro, las autoridades de ambas carteras invitaron a revisar protocolos, documentos oficiales y gu\u00edas pr\u00e1cticas respectivas en\u00a0<a href=\"http:\/\/www.leykarinparachile.cl\/\">www.leykarinparachile.cl<\/a><\/p>\n<\/div><\/section><\/div><div  style='height:50px' class='hr hr-invisible   avia-builder-el-6  el_after_av_one_full  el_before_av_social_share '><span class='hr-inner ' ><span class='hr-inner-style'><\/span><\/span><\/div><\/p>\n<div  class='av-social-sharing-box  avia-builder-el-7  el_after_av_hr  el_before_av_hr  '><div class='av-share-box'><h5 class='av-share-link-description av-no-toc '>Compartir esta noticia<\/h5><ul class='av-share-box-list noLightbox'><li class='av-share-link av-social-link-facebook' ><a target=\"_blank\" aria-label=\"Compartir en Facebook\" href='https:\/\/www.facebook.com\/sharer.php?u=https:\/\/radiorevelacionfm.cl\/?p=46611&#038;t=Trabajadoras%20y%20trabajadores%20del%20agro%20en%20Ays%C3%A9n%20son%20capacitados%20sobre%20Ley%20Karin' aria-hidden='false' data-av_icon='\ue8f3' data-av_iconfont='entypo-fontello' title='' data-avia-related-tooltip='Compartir en Facebook' rel=\"noopener\"><span class='avia_hidden_link_text'>Compartir en Facebook<\/span><\/a><\/li><li class='av-share-link av-social-link-twitter' ><a target=\"_blank\" aria-label=\"Compartir en Twitter\" href='https:\/\/twitter.com\/share?text=Trabajadoras%20y%20trabajadores%20del%20agro%20en%20Ays%C3%A9n%20son%20capacitados%20sobre%20Ley%20Karin&#038;url=https:\/\/radiorevelacionfm.cl\/?p=46611' aria-hidden='false' data-av_icon='\ue8f1' data-av_iconfont='entypo-fontello' title='' data-avia-related-tooltip='Compartir en Twitter' rel=\"noopener\"><span class='avia_hidden_link_text'>Compartir en Twitter<\/span><\/a><\/li><li class='av-share-link av-social-link-whatsapp' ><a target=\"_blank\" aria-label=\"Compartir en Whatsapp\" href='https:\/\/api.whatsapp.com\/send?text=https:\/\/radiorevelacionfm.cl\/?p=46611' aria-hidden='false' data-av_icon='\uf232' data-av_iconfont='entypo-fontello' title='' data-avia-related-tooltip='Compartir en Whatsapp' rel=\"noopener\"><span class='avia_hidden_link_text'>Compartir en Whatsapp<\/span><\/a><\/li><li class='av-share-link av-social-link-linkedin' ><a target=\"_blank\" aria-label=\"Compartir en LinkedIn\" href='https:\/\/linkedin.com\/shareArticle?mini=true&#038;title=Trabajadoras%20y%20trabajadores%20del%20agro%20en%20Ays%C3%A9n%20son%20capacitados%20sobre%20Ley%20Karin&#038;url=https:\/\/radiorevelacionfm.cl\/?p=46611' aria-hidden='false' data-av_icon='\ue8fc' data-av_iconfont='entypo-fontello' title='' data-avia-related-tooltip='Compartir en LinkedIn' rel=\"noopener\"><span class='avia_hidden_link_text'>Compartir en LinkedIn<\/span><\/a><\/li><li class='av-share-link av-social-link-mail' ><a  aria-label=\"Compartir por correo\" href='mailto:?subject=Trabajadoras%20y%20trabajadores%20del%20agro%20en%20Ays%C3%A9n%20son%20capacitados%20sobre%20Ley%20Karin&#038;body=https:\/\/radiorevelacionfm.cl\/?p=46611' aria-hidden='false' data-av_icon='\ue805' data-av_iconfont='entypo-fontello' title='' data-avia-related-tooltip='Compartir por correo'><span class='avia_hidden_link_text'>Compartir por correo<\/span><\/a><\/li><\/ul><\/div><\/div>\n<div  style='height:50px' class='hr hr-invisible   avia-builder-el-8  el_after_av_social_share  el_before_av_comments_list '><span class='hr-inner ' ><span class='hr-inner-style'><\/span><\/span><\/div>\n<div  class='av-buildercomment  av-blog-meta-html-info-disabled av-blog-meta-tag-disabled  '><\/div>\n","protected":false},"excerpt":{"rendered":"","protected":false},"author":1,"featured_media":46612,"comment_status":"open","ping_status":"open","sticky":false,"template":"","format":"standard","meta":{"footnotes":""},"categories":[58],"tags":[],"class_list":["post-46611","post","type-post","status-publish","format-standard","has-post-thumbnail","hentry","category-agricultura"],"jetpack_featured_media_url":"https:\/\/radiorevelacionfm.cl\/wp-content\/uploads\/2024\/09\/foto-02-30_optimized.09-1.jpeg","_links":{"self":[{"href":"https:\/\/radiorevelacionfm.cl\/index.php?rest_route=\/wp\/v2\/posts\/46611","targetHints":{"allow":["GET"]}}],"collection":[{"href":"https:\/\/radiorevelacionfm.cl\/index.php?rest_route=\/wp\/v2\/posts"}],"about":[{"href":"https:\/\/radiorevelacionfm.cl\/index.php?rest_route=\/wp\/v2\/types\/post"}],"author":[{"embeddable":true,"href":"https:\/\/radiorevelacionfm.cl\/index.php?rest_route=\/wp\/v2\/users\/1"}],"replies":[{"embeddable":true,"href":"https:\/\/radiorevelacionfm.cl\/index.php?rest_route=%2Fwp%2Fv2%2Fcomments&post=46611"}],"version-history":[{"count":1,"href":"https:\/\/radiorevelacionfm.cl\/index.php?rest_route=\/wp\/v2\/posts\/46611\/revisions"}],"predecessor-version":[{"id":46613,"href":"https:\/\/radiorevelacionfm.cl\/index.php?rest_route=\/wp\/v2\/posts\/46611\/revisions\/46613"}],"wp:featuredmedia":[{"embeddable":true,"href":"https:\/\/radiorevelacionfm.cl\/index.php?rest_route=\/wp\/v2\/media\/46612"}],"wp:attachment":[{"href":"https:\/\/radiorevelacionfm.cl\/index.php?rest_route=%2Fwp%2Fv2%2Fmedia&parent=46611"}],"wp:term":[{"taxonomy":"category","embeddable":true,"href":"https:\/\/radiorevelacionfm.cl\/index.php?rest_route=%2Fwp%2Fv2%2Fcategories&post=46611"},{"taxonomy":"post_tag","embeddable":true,"href":"https:\/\/radiorevelacionfm.cl\/index.php?rest_route=%2Fwp%2Fv2%2Ftags&post=46611"}],"curies":[{"name":"wp","href":"https:\/\/api.w.org\/{rel}","templated":true}]}}