{"id":46608,"date":"2024-10-01T10:15:21","date_gmt":"2024-10-01T13:15:21","guid":{"rendered":"https:\/\/radiorevelacionfm.cl\/?p=46608"},"modified":"2024-10-01T10:15:21","modified_gmt":"2024-10-01T13:15:21","slug":"llaman-a-tomar-conciencia-del-trastorno-del-desarrollo-del-lenguaje","status":"publish","type":"post","link":"https:\/\/radiorevelacionfm.cl\/?p=46608","title":{"rendered":"Llaman a tomar conciencia del trastorno del desarrollo del lenguaje"},"content":{"rendered":"<div class=\"flex_column av_one_full  flex_column_div av-zero-column-padding first  avia-builder-el-0  el_before_av_one_full  avia-builder-el-first  \" style='border-radius:0px; '><div  class='avia-image-container  av-styling-    avia-builder-el-1  avia-builder-el-no-sibling  avia-align-center '  itemprop=\"image\" itemscope=\"itemscope\" itemtype=\"https:\/\/schema.org\/ImageObject\"  ><div class='avia-image-container-inner'><div class='avia-image-overlay-wrap'><img decoding=\"async\" class='wp-image-46609 avia-img-lazy-loading-not-46609 avia_image' src=\"https:\/\/radiorevelacionfm.cl\/wp-content\/uploads\/2024\/09\/dia-concienciacion1-1-1.jpeg\" alt='' title='dia concienciacion1 (1) (1)' height=\"600\" width=\"1065\"  itemprop=\"thumbnailUrl\" srcset=\"https:\/\/radiorevelacionfm.cl\/wp-content\/uploads\/2024\/09\/dia-concienciacion1-1-1.jpeg 1065w, https:\/\/radiorevelacionfm.cl\/wp-content\/uploads\/2024\/09\/dia-concienciacion1-1-1-300x169.jpeg 300w, https:\/\/radiorevelacionfm.cl\/wp-content\/uploads\/2024\/09\/dia-concienciacion1-1-1-1030x580.jpeg 1030w, https:\/\/radiorevelacionfm.cl\/wp-content\/uploads\/2024\/09\/dia-concienciacion1-1-1-768x433.jpeg 768w, https:\/\/radiorevelacionfm.cl\/wp-content\/uploads\/2024\/09\/dia-concienciacion1-1-1-705x397.jpeg 705w, https:\/\/radiorevelacionfm.cl\/wp-content\/uploads\/2024\/09\/dia-concienciacion1-1-1-450x254.jpeg 450w, https:\/\/radiorevelacionfm.cl\/wp-content\/uploads\/2024\/09\/dia-concienciacion1-1-1-600x338.jpeg 600w\" sizes=\"(max-width: 1065px) 100vw, 1065px\" \/><\/div><\/div><\/div><\/div><div class=\"flex_column av_one_full  flex_column_div av-zero-column-padding first  avia-builder-el-2  el_after_av_one_full  el_before_av_one_full  column-top-margin\" style='border-radius:0px; '><section class=\"av_textblock_section \"  itemscope=\"itemscope\" itemtype=\"https:\/\/schema.org\/BlogPosting\" itemprop=\"blogPost\" ><div class='avia_textblock  '   itemprop=\"text\" ><p style=\"text-align: center;\"><span style=\"font-size: 18pt;\"><b>Llaman a tomar conciencia del trastorno del desarrollo del lenguaje<\/b><\/span><\/p>\n<div id=\"gtx-trans\" style=\"position: absolute; left: -50px; top: 4.31534px;\">\n<div class=\"gtx-trans-icon\"><\/div>\n<\/div>\n<\/div><\/section><\/div><div class=\"flex_column av_one_full  flex_column_div av-zero-column-padding first  avia-builder-el-4  el_after_av_one_full  el_before_av_hr  column-top-margin\" style='border-radius:0px; '><section class=\"av_textblock_section \"  itemscope=\"itemscope\" itemtype=\"https:\/\/schema.org\/BlogPosting\" itemprop=\"blogPost\" ><div class='avia_textblock  '   itemprop=\"text\" ><p style=\"text-align: justify;\">La Escuela Especial de Lenguaje del Colegio Alborada de Coyhaique invit\u00f3 a la comunidad a tomar conciencia sobre el trastorno del desarrollo del lenguaje (TDL) con que viven ni\u00f1as y ni\u00f1os de la Regi\u00f3n de Aysen, enfrentado a un modelo que a\u00fan dista mucho de la inclusi\u00f3n para las personas con alguna discapacidad.<\/p>\n<p style=\"text-align: justify;\">Con diversas actividades, la comunidad escolar desarroll\u00f3 una intensa agenda con ni\u00f1os, ni\u00f1as y agentes educativos para conmemorar un nuevo D\u00eda Internacional de la Concienciaci\u00f3n del Trastorno del Desarrollo del Lenguaje. Toda la jornada de este lunes estuvo centrada en entregar informaci\u00f3n a trav\u00e9s de los medios de comunicaci\u00f3n y directamente en consultorios de la ciudad y jardines infantiles, con el objetivo de dar a conocer en qu\u00e9 consiste y por qu\u00e9 es importante tener presente el trastorno del desarrollo del lenguaje que, a nivel mundial, afecta a entre un 5% y un 7% de las infancias en edad preescolar.<\/p>\n<p style=\"text-align: justify;\">A sus 5 a\u00f1os, Antu Carvajal dice que lo que m\u00e1s le gusta de su escuela es \u201cel recreo\u201d, aunque tambi\u00e9n destaca que \u201ces importante hacer tareas y saludar a mis amigos\u201d. Antu menciona un punto muy importante, cuando hablamos de trastornos del lenguaje: socializar.<\/p>\n<p style=\"text-align: justify;\">La profesora Ximena Vidal coordina la Escuela Especial de Lenguaje del Alborada: \u201cNosotros como escuela de lenguaje estamos al d\u00eda con la informaci\u00f3n y queremos invitar a toda la comunidad a que conozcan nuestra experiencia. Atendemos a ni\u00f1os desde los 3 hasta los 5 a\u00f1os. Pueden consultar por una evaluaci\u00f3n gratuita fonoaudiol\u00f3gica\u201d.<\/p>\n<p style=\"text-align: justify;\">Alejandra Arroyo es educadora diferencial y especialista en trastornos del lenguaje: \u201cHemos querido hacer difusi\u00f3n y entregar informaci\u00f3n en los consultorios V\u00edctor Domingo Silva y Alejandro Guti\u00e9rrez. Durante la tarde se visit\u00f3 el jard\u00edn Gabriela Mistral, donde entregamos informaci\u00f3n para dar a conocer de qu\u00e9 se trata el trastorno de desarrollo de lenguaje y contarle a la comunidad que como escuela de lenguaje recibimos y atendemos a ni\u00f1os en los niveles medio mayor, transici\u00f3n I y transici\u00f3n II. Es un trabajo colaborativo entre la educadora diferencial y la fonoaudi\u00f3loga con los estudiantes\u201d.<\/p>\n<p style=\"text-align: justify;\">M\u00e1ximo cursa el nivel transici\u00f3n 2 y tiene 5 a\u00f1os: \u201cMe gusta la escuela porque ac\u00e1 estudiamos, jugamos y vamos a recreo. Hacemos actividades. Hoy fuimos a un hospital y entregamos unos papelitos. Adem\u00e1s fuimos a jugar y nos comimos un heladito\u201d.<\/p>\n<p style=\"text-align: justify;\">Las primeras se\u00f1ales del trastorno del lenguaje se manifiestan en dificultades para comprender o usar el lenguaje de manera efectiva, sin que exista una causa evidente como una discapacidad intelectual, problemas auditivos o condiciones neurol\u00f3gicas que expliquen el hecho. Las especialistas consideran fundamental detectar el trastorno tempranamente para no afectar las habilidades sociales, el rendimiento acad\u00e9mico y, muy importante el bienestar emocional de los ni\u00f1os y las ni\u00f1as.<\/p>\n<\/div><\/section><\/div><div  style='height:50px' class='hr hr-invisible   avia-builder-el-6  el_after_av_one_full  el_before_av_social_share '><span class='hr-inner ' ><span class='hr-inner-style'><\/span><\/span><\/div><\/p>\n<div  class='av-social-sharing-box  avia-builder-el-7  el_after_av_hr  el_before_av_hr  '><div class='av-share-box'><h5 class='av-share-link-description av-no-toc '>Compartir esta noticia<\/h5><ul class='av-share-box-list noLightbox'><li class='av-share-link av-social-link-facebook' ><a target=\"_blank\" aria-label=\"Compartir en Facebook\" href='https:\/\/www.facebook.com\/sharer.php?u=https:\/\/radiorevelacionfm.cl\/?p=46608&#038;t=Llaman%20a%20tomar%20conciencia%20del%20trastorno%20del%20desarrollo%20del%20lenguaje' aria-hidden='false' data-av_icon='\ue8f3' data-av_iconfont='entypo-fontello' title='' data-avia-related-tooltip='Compartir en Facebook' rel=\"noopener\"><span class='avia_hidden_link_text'>Compartir en Facebook<\/span><\/a><\/li><li class='av-share-link av-social-link-twitter' ><a target=\"_blank\" aria-label=\"Compartir en Twitter\" href='https:\/\/twitter.com\/share?text=Llaman%20a%20tomar%20conciencia%20del%20trastorno%20del%20desarrollo%20del%20lenguaje&#038;url=https:\/\/radiorevelacionfm.cl\/?p=46608' aria-hidden='false' data-av_icon='\ue8f1' data-av_iconfont='entypo-fontello' title='' data-avia-related-tooltip='Compartir en Twitter' rel=\"noopener\"><span class='avia_hidden_link_text'>Compartir en Twitter<\/span><\/a><\/li><li class='av-share-link av-social-link-whatsapp' ><a target=\"_blank\" aria-label=\"Compartir en Whatsapp\" href='https:\/\/api.whatsapp.com\/send?text=https:\/\/radiorevelacionfm.cl\/?p=46608' aria-hidden='false' data-av_icon='\uf232' data-av_iconfont='entypo-fontello' title='' data-avia-related-tooltip='Compartir en Whatsapp' rel=\"noopener\"><span class='avia_hidden_link_text'>Compartir en Whatsapp<\/span><\/a><\/li><li class='av-share-link av-social-link-linkedin' ><a target=\"_blank\" aria-label=\"Compartir en LinkedIn\" href='https:\/\/linkedin.com\/shareArticle?mini=true&#038;title=Llaman%20a%20tomar%20conciencia%20del%20trastorno%20del%20desarrollo%20del%20lenguaje&#038;url=https:\/\/radiorevelacionfm.cl\/?p=46608' aria-hidden='false' data-av_icon='\ue8fc' data-av_iconfont='entypo-fontello' title='' data-avia-related-tooltip='Compartir en LinkedIn' rel=\"noopener\"><span class='avia_hidden_link_text'>Compartir en LinkedIn<\/span><\/a><\/li><li class='av-share-link av-social-link-mail' ><a  aria-label=\"Compartir por correo\" href='mailto:?subject=Llaman%20a%20tomar%20conciencia%20del%20trastorno%20del%20desarrollo%20del%20lenguaje&#038;body=https:\/\/radiorevelacionfm.cl\/?p=46608' aria-hidden='false' data-av_icon='\ue805' data-av_iconfont='entypo-fontello' title='' data-avia-related-tooltip='Compartir por correo'><span class='avia_hidden_link_text'>Compartir por correo<\/span><\/a><\/li><\/ul><\/div><\/div>\n<div  style='height:50px' class='hr hr-invisible   avia-builder-el-8  el_after_av_social_share  el_before_av_comments_list '><span class='hr-inner ' ><span class='hr-inner-style'><\/span><\/span><\/div>\n<div  class='av-buildercomment  av-blog-meta-html-info-disabled av-blog-meta-tag-disabled  '><\/div>\n","protected":false},"excerpt":{"rendered":"","protected":false},"author":1,"featured_media":46609,"comment_status":"open","ping_status":"open","sticky":false,"template":"","format":"standard","meta":{"footnotes":""},"categories":[49],"tags":[],"class_list":["post-46608","post","type-post","status-publish","format-standard","has-post-thumbnail","hentry","category-educacion"],"jetpack_featured_media_url":"https:\/\/radiorevelacionfm.cl\/wp-content\/uploads\/2024\/09\/dia-concienciacion1-1-1.jpeg","_links":{"self":[{"href":"https:\/\/radiorevelacionfm.cl\/index.php?rest_route=\/wp\/v2\/posts\/46608","targetHints":{"allow":["GET"]}}],"collection":[{"href":"https:\/\/radiorevelacionfm.cl\/index.php?rest_route=\/wp\/v2\/posts"}],"about":[{"href":"https:\/\/radiorevelacionfm.cl\/index.php?rest_route=\/wp\/v2\/types\/post"}],"author":[{"embeddable":true,"href":"https:\/\/radiorevelacionfm.cl\/index.php?rest_route=\/wp\/v2\/users\/1"}],"replies":[{"embeddable":true,"href":"https:\/\/radiorevelacionfm.cl\/index.php?rest_route=%2Fwp%2Fv2%2Fcomments&post=46608"}],"version-history":[{"count":1,"href":"https:\/\/radiorevelacionfm.cl\/index.php?rest_route=\/wp\/v2\/posts\/46608\/revisions"}],"predecessor-version":[{"id":46610,"href":"https:\/\/radiorevelacionfm.cl\/index.php?rest_route=\/wp\/v2\/posts\/46608\/revisions\/46610"}],"wp:featuredmedia":[{"embeddable":true,"href":"https:\/\/radiorevelacionfm.cl\/index.php?rest_route=\/wp\/v2\/media\/46609"}],"wp:attachment":[{"href":"https:\/\/radiorevelacionfm.cl\/index.php?rest_route=%2Fwp%2Fv2%2Fmedia&parent=46608"}],"wp:term":[{"taxonomy":"category","embeddable":true,"href":"https:\/\/radiorevelacionfm.cl\/index.php?rest_route=%2Fwp%2Fv2%2Fcategories&post=46608"},{"taxonomy":"post_tag","embeddable":true,"href":"https:\/\/radiorevelacionfm.cl\/index.php?rest_route=%2Fwp%2Fv2%2Ftags&post=46608"}],"curies":[{"name":"wp","href":"https:\/\/api.w.org\/{rel}","templated":true}]}}