{"id":46604,"date":"2024-09-30T18:24:27","date_gmt":"2024-09-30T21:24:27","guid":{"rendered":"https:\/\/radiorevelacionfm.cl\/?p=46604"},"modified":"2024-09-30T18:24:27","modified_gmt":"2024-09-30T21:24:27","slug":"dirigentes-campesinos-piden-ayuda-para-ganaderos-afectados-por-la-nieve","status":"publish","type":"post","link":"https:\/\/radiorevelacionfm.cl\/?p=46604","title":{"rendered":"Dirigentes campesinos piden ayuda para ganaderos afectados por la nieve"},"content":{"rendered":"<div class=\"flex_column av_one_full  flex_column_div av-zero-column-padding first  avia-builder-el-0  el_before_av_one_full  avia-builder-el-first  \" style='border-radius:0px; '><div  class='avia-image-container  av-styling-    avia-builder-el-1  avia-builder-el-no-sibling  avia-align-center '  itemprop=\"image\" itemscope=\"itemscope\" itemtype=\"https:\/\/schema.org\/ImageObject\"  ><div class='avia-image-container-inner'><div class='avia-image-overlay-wrap'><img decoding=\"async\" class='wp-image-46605 avia-img-lazy-loading-not-46605 avia_image' src=\"https:\/\/radiorevelacionfm.cl\/wp-content\/uploads\/2024\/09\/foto-reu-campesinos-1_optimized-1.jpeg\" alt='' title='foto-reu-campesinos-(1)_optimized (1)' height=\"600\" width=\"1067\"  itemprop=\"thumbnailUrl\" srcset=\"https:\/\/radiorevelacionfm.cl\/wp-content\/uploads\/2024\/09\/foto-reu-campesinos-1_optimized-1.jpeg 1067w, https:\/\/radiorevelacionfm.cl\/wp-content\/uploads\/2024\/09\/foto-reu-campesinos-1_optimized-1-300x169.jpeg 300w, https:\/\/radiorevelacionfm.cl\/wp-content\/uploads\/2024\/09\/foto-reu-campesinos-1_optimized-1-1030x579.jpeg 1030w, https:\/\/radiorevelacionfm.cl\/wp-content\/uploads\/2024\/09\/foto-reu-campesinos-1_optimized-1-768x432.jpeg 768w, https:\/\/radiorevelacionfm.cl\/wp-content\/uploads\/2024\/09\/foto-reu-campesinos-1_optimized-1-705x396.jpeg 705w, https:\/\/radiorevelacionfm.cl\/wp-content\/uploads\/2024\/09\/foto-reu-campesinos-1_optimized-1-450x253.jpeg 450w, https:\/\/radiorevelacionfm.cl\/wp-content\/uploads\/2024\/09\/foto-reu-campesinos-1_optimized-1-600x337.jpeg 600w\" sizes=\"(max-width: 1067px) 100vw, 1067px\" \/><\/div><\/div><\/div><\/div>\n<div class=\"flex_column av_one_full  flex_column_div av-zero-column-padding first  avia-builder-el-2  el_after_av_one_full  el_before_av_one_full  column-top-margin\" style='border-radius:0px; '><section class=\"av_textblock_section \"  itemscope=\"itemscope\" itemtype=\"https:\/\/schema.org\/BlogPosting\" itemprop=\"blogPost\" ><div class='avia_textblock  '   itemprop=\"text\" ><p style=\"text-align: center;\"><strong><span style=\"font-size: 18pt;\">Dirigentes campesinos piden ayuda para ganaderos afectados por la nieve<\/span><\/strong><\/p>\n<div id=\"gtx-trans\" style=\"position: absolute; left: -50px; top: 4.31534px;\">\n<div class=\"gtx-trans-icon\"><\/div>\n<\/div>\n<\/div><\/section><\/div><div class=\"flex_column av_one_full  flex_column_div av-zero-column-padding first  avia-builder-el-4  el_after_av_one_full  el_before_av_hr  column-top-margin\" style='border-radius:0px; '><section class=\"av_textblock_section \"  itemscope=\"itemscope\" itemtype=\"https:\/\/schema.org\/BlogPosting\" itemprop=\"blogPost\" ><div class='avia_textblock  '   itemprop=\"text\" ><p style=\"font-weight: 400; text-align: justify;\"><em>El legislador y los dirigentes se reunieron con el delegado presidencial, Rodrigo Araya, a quien le solicitaron disponer recursos para suministrar forraje. \u00a0\u00a0<\/em><\/p>\n<p style=\"font-weight: 400; text-align: justify;\">Ante la preocupaci\u00f3n que existe en el mundo campesino por la falta de forraje para los animales generada por el mal tiempo y la nieve, el diputado Miguel \u00c1ngel Calisto y un grupo de dirigentes de sectores rurales se reunieron con el Delegado Presidencial, Rodrigo Araya, a quien le solicitaron acciones concretas para ir en ayuda de estos ganaderos.<\/p>\n<p style=\"font-weight: 400; text-align: justify;\">Seg\u00fan el diputado Calisto, \u201cacabamos de tener una reuni\u00f3n con el se\u00f1or delegado presidencial y tambi\u00e9n con las instituciones del agro de la regi\u00f3n de Ays\u00e9n, acompa\u00f1ando de los dirigentes del sector de R\u00edo Norte, quienes est\u00e1n denunciando en definitiva las preocupaciones que hoy d\u00eda tienen los sectores altos de la regi\u00f3n donde hoy d\u00eda todav\u00eda tenemos problemas con la nieve, con la escarcha, con el mal clima, todo esto en medio de la \u00e9poca de pariciones\u201d.<\/p>\n<p style=\"font-weight: 400; text-align: justify;\">\u201cPor eso es que es tan importante que se tomen estos elementos a tiempo, que se adviertan estos hechos, que est\u00e9n los recursos, la alimentaci\u00f3n para los animales y particularmente el forraje necesario para ir en ayuda de estos campesinos\u201d, se\u00f1al\u00f3.<\/p>\n<p style=\"font-weight: 400; text-align: justify;\">Calisto se\u00f1al\u00f3 que \u201clamentablemente, en estos temas siempre se act\u00faa a \u00faltima hora y resulta que el Fondo para Emergencias terminan siendo recursos que llegan al final, cuando ya los animales est\u00e1n muertos. Por eso es que junto a los dirigentes hemos planteado este tema, una preocupaci\u00f3n que afecta al sector de R\u00edo Norte, Cerro Catedral, el sector de R\u00edo Paloma, tambi\u00e9n el Rodeo Los Palos, entre otros sectores\u201d.<\/p>\n<p style=\"font-weight: 400; text-align: justify;\">\u201cEstamos tambi\u00e9n solicitando que esto sea considerado desde el principio del pr\u00f3ximo a\u00f1o y no tengamos los problemas que tenemos hoy d\u00eda\u201d, indic\u00f3 el legislador.<\/p>\n<p style=\"font-weight: 400; text-align: justify;\">Por su parte, Isabel Cruz, presidenta del Comit\u00e9 Campesino Cerro El Mirador, \u00a0\u201cel d\u00eda viernes me contact\u00e9 con el diputado para plantearle este tema, porque necesitamos ayuda con forraje para nuestros animales. Realmente estamos viviendo una situaci\u00f3n muy cr\u00edtica en los sectores rurales\u201d.<\/p>\n<p style=\"font-weight: 400; text-align: justify;\">Finalmente, la dirigente se\u00f1al\u00f3 que \u201ctal como se lo planteamos al delegado, la alerta temprana va a terminar siendo una alerta tarde. Esperemos que para el pr\u00f3ximo a\u00f1o no sea la misma situaci\u00f3n, no tengamos que llegar a subir fotos a Facebook o hacerlas p\u00fablicas para que realmente nos escuchen y nos ayuden\u201d.<\/p>\n<\/div><\/section><\/div><\/p>\n<div  style='height:50px' class='hr hr-invisible   avia-builder-el-6  el_after_av_one_full  el_before_av_social_share '><span class='hr-inner ' ><span class='hr-inner-style'><\/span><\/span><\/div>\n<div  class='av-social-sharing-box  avia-builder-el-7  el_after_av_hr  el_before_av_hr  '><div class='av-share-box'><h5 class='av-share-link-description av-no-toc '>Compartir esta noticia<\/h5><ul class='av-share-box-list noLightbox'><li class='av-share-link av-social-link-facebook' ><a target=\"_blank\" aria-label=\"Compartir en Facebook\" href='https:\/\/www.facebook.com\/sharer.php?u=https:\/\/radiorevelacionfm.cl\/?p=46604&#038;t=Dirigentes%20campesinos%20piden%20ayuda%20para%20ganaderos%20afectados%20por%20la%20nieve' aria-hidden='false' data-av_icon='\ue8f3' data-av_iconfont='entypo-fontello' title='' data-avia-related-tooltip='Compartir en Facebook' rel=\"noopener\"><span class='avia_hidden_link_text'>Compartir en Facebook<\/span><\/a><\/li><li class='av-share-link av-social-link-twitter' ><a target=\"_blank\" aria-label=\"Compartir en Twitter\" href='https:\/\/twitter.com\/share?text=Dirigentes%20campesinos%20piden%20ayuda%20para%20ganaderos%20afectados%20por%20la%20nieve&#038;url=https:\/\/radiorevelacionfm.cl\/?p=46604' aria-hidden='false' data-av_icon='\ue8f1' data-av_iconfont='entypo-fontello' title='' data-avia-related-tooltip='Compartir en Twitter' rel=\"noopener\"><span class='avia_hidden_link_text'>Compartir en Twitter<\/span><\/a><\/li><li class='av-share-link av-social-link-whatsapp' ><a target=\"_blank\" aria-label=\"Compartir en Whatsapp\" href='https:\/\/api.whatsapp.com\/send?text=https:\/\/radiorevelacionfm.cl\/?p=46604' aria-hidden='false' data-av_icon='\uf232' data-av_iconfont='entypo-fontello' title='' data-avia-related-tooltip='Compartir en Whatsapp' rel=\"noopener\"><span class='avia_hidden_link_text'>Compartir en Whatsapp<\/span><\/a><\/li><li class='av-share-link av-social-link-linkedin' ><a target=\"_blank\" aria-label=\"Compartir en LinkedIn\" href='https:\/\/linkedin.com\/shareArticle?mini=true&#038;title=Dirigentes%20campesinos%20piden%20ayuda%20para%20ganaderos%20afectados%20por%20la%20nieve&#038;url=https:\/\/radiorevelacionfm.cl\/?p=46604' aria-hidden='false' data-av_icon='\ue8fc' data-av_iconfont='entypo-fontello' title='' data-avia-related-tooltip='Compartir en LinkedIn' rel=\"noopener\"><span class='avia_hidden_link_text'>Compartir en LinkedIn<\/span><\/a><\/li><li class='av-share-link av-social-link-mail' ><a  aria-label=\"Compartir por correo\" href='mailto:?subject=Dirigentes%20campesinos%20piden%20ayuda%20para%20ganaderos%20afectados%20por%20la%20nieve&#038;body=https:\/\/radiorevelacionfm.cl\/?p=46604' aria-hidden='false' data-av_icon='\ue805' data-av_iconfont='entypo-fontello' title='' data-avia-related-tooltip='Compartir por correo'><span class='avia_hidden_link_text'>Compartir por correo<\/span><\/a><\/li><\/ul><\/div><\/div>\n<div  style='height:50px' class='hr hr-invisible   avia-builder-el-8  el_after_av_social_share  el_before_av_comments_list '><span class='hr-inner ' ><span class='hr-inner-style'><\/span><\/span><\/div>\n<div  class='av-buildercomment  av-blog-meta-html-info-disabled av-blog-meta-tag-disabled  '><\/div>\n","protected":false},"excerpt":{"rendered":"","protected":false},"author":1,"featured_media":46605,"comment_status":"open","ping_status":"open","sticky":false,"template":"","format":"standard","meta":{"footnotes":""},"categories":[38],"tags":[],"class_list":["post-46604","post","type-post","status-publish","format-standard","has-post-thumbnail","hentry","category-regional"],"jetpack_featured_media_url":"https:\/\/radiorevelacionfm.cl\/wp-content\/uploads\/2024\/09\/foto-reu-campesinos-1_optimized-1.jpeg","_links":{"self":[{"href":"https:\/\/radiorevelacionfm.cl\/index.php?rest_route=\/wp\/v2\/posts\/46604","targetHints":{"allow":["GET"]}}],"collection":[{"href":"https:\/\/radiorevelacionfm.cl\/index.php?rest_route=\/wp\/v2\/posts"}],"about":[{"href":"https:\/\/radiorevelacionfm.cl\/index.php?rest_route=\/wp\/v2\/types\/post"}],"author":[{"embeddable":true,"href":"https:\/\/radiorevelacionfm.cl\/index.php?rest_route=\/wp\/v2\/users\/1"}],"replies":[{"embeddable":true,"href":"https:\/\/radiorevelacionfm.cl\/index.php?rest_route=%2Fwp%2Fv2%2Fcomments&post=46604"}],"version-history":[{"count":2,"href":"https:\/\/radiorevelacionfm.cl\/index.php?rest_route=\/wp\/v2\/posts\/46604\/revisions"}],"predecessor-version":[{"id":46607,"href":"https:\/\/radiorevelacionfm.cl\/index.php?rest_route=\/wp\/v2\/posts\/46604\/revisions\/46607"}],"wp:featuredmedia":[{"embeddable":true,"href":"https:\/\/radiorevelacionfm.cl\/index.php?rest_route=\/wp\/v2\/media\/46605"}],"wp:attachment":[{"href":"https:\/\/radiorevelacionfm.cl\/index.php?rest_route=%2Fwp%2Fv2%2Fmedia&parent=46604"}],"wp:term":[{"taxonomy":"category","embeddable":true,"href":"https:\/\/radiorevelacionfm.cl\/index.php?rest_route=%2Fwp%2Fv2%2Fcategories&post=46604"},{"taxonomy":"post_tag","embeddable":true,"href":"https:\/\/radiorevelacionfm.cl\/index.php?rest_route=%2Fwp%2Fv2%2Ftags&post=46604"}],"curies":[{"name":"wp","href":"https:\/\/api.w.org\/{rel}","templated":true}]}}