{"id":46598,"date":"2024-10-01T11:02:57","date_gmt":"2024-10-01T14:02:57","guid":{"rendered":"https:\/\/radiorevelacionfm.cl\/?p=46598"},"modified":"2024-10-01T11:02:57","modified_gmt":"2024-10-01T14:02:57","slug":"corporacion-de-asistencia-judicial-celebro-dia-nacional-de-acceso-a-la-justicia-en-puerto-guadal","status":"publish","type":"post","link":"https:\/\/radiorevelacionfm.cl\/?p=46598","title":{"rendered":"Corporaci\u00f3n de Asistencia Judicial celebr\u00f3 \u201cD\u00eda Nacional de Acceso a la Justicia\u201d en Puerto Guadal"},"content":{"rendered":"<div class=\"flex_column av_one_full  flex_column_div av-zero-column-padding first  avia-builder-el-0  el_before_av_one_full  avia-builder-el-first  \" style='border-radius:0px; '><div  class='avia-image-container  av-styling-    avia-builder-el-1  avia-builder-el-no-sibling  avia-align-center '  itemprop=\"image\" itemscope=\"itemscope\" itemtype=\"https:\/\/schema.org\/ImageObject\"  ><div class='avia-image-container-inner'><div class='avia-image-overlay-wrap'><img decoding=\"async\" class='wp-image-46599 avia-img-lazy-loading-not-46599 avia_image' src=\"https:\/\/radiorevelacionfm.cl\/wp-content\/uploads\/2024\/09\/caj-1-1-1_optimized.jpg\" alt='' title='caj-1-(1)-(1)_optimized' height=\"600\" width=\"1094\"  itemprop=\"thumbnailUrl\" srcset=\"https:\/\/radiorevelacionfm.cl\/wp-content\/uploads\/2024\/09\/caj-1-1-1_optimized.jpg 1094w, https:\/\/radiorevelacionfm.cl\/wp-content\/uploads\/2024\/09\/caj-1-1-1_optimized-300x165.jpg 300w, https:\/\/radiorevelacionfm.cl\/wp-content\/uploads\/2024\/09\/caj-1-1-1_optimized-1030x565.jpg 1030w, https:\/\/radiorevelacionfm.cl\/wp-content\/uploads\/2024\/09\/caj-1-1-1_optimized-768x421.jpg 768w, https:\/\/radiorevelacionfm.cl\/wp-content\/uploads\/2024\/09\/caj-1-1-1_optimized-705x387.jpg 705w, https:\/\/radiorevelacionfm.cl\/wp-content\/uploads\/2024\/09\/caj-1-1-1_optimized-450x247.jpg 450w, https:\/\/radiorevelacionfm.cl\/wp-content\/uploads\/2024\/09\/caj-1-1-1_optimized-600x329.jpg 600w\" sizes=\"(max-width: 1094px) 100vw, 1094px\" \/><\/div><\/div><\/div><\/div><div class=\"flex_column av_one_full  flex_column_div av-zero-column-padding first  avia-builder-el-2  el_after_av_one_full  el_before_av_one_full  column-top-margin\" style='border-radius:0px; '><section class=\"av_textblock_section \"  itemscope=\"itemscope\" itemtype=\"https:\/\/schema.org\/BlogPosting\" itemprop=\"blogPost\" ><div class='avia_textblock  '   itemprop=\"text\" ><p style=\"text-align: center;\"><span style=\"font-size: 18pt;\"><strong>Corporaci\u00f3n de Asistencia Judicial celebr\u00f3 \u201cD\u00eda Nacional de Acceso a la Justicia\u201d en Puerto Guadal <\/strong><\/span><\/p>\n<div id=\"gtx-trans\" style=\"position: absolute; left: -50px; top: 4.31534px;\">\n<div class=\"gtx-trans-icon\"><\/div>\n<\/div>\n<\/div><\/section><\/div><div class=\"flex_column av_one_full  flex_column_div av-zero-column-padding first  avia-builder-el-4  el_after_av_one_full  el_before_av_hr  column-top-margin\" style='border-radius:0px; '><section class=\"av_textblock_section \"  itemscope=\"itemscope\" itemtype=\"https:\/\/schema.org\/BlogPosting\" itemprop=\"blogPost\" ><div class='avia_textblock  '   itemprop=\"text\" ><p style=\"text-align: justify;\">Con un despliegue de todas sus l\u00edneas y programas especializados, la Corporaci\u00f3n de Asistencia Judicial conmemor\u00f3 el \u201cD\u00eda Nacional de Acceso a la Justicia\u201d el pasado 27 de septiembre en la sede municipal de Puerto Guadal, instancia que permiti\u00f3 atender las dudas y consultas de la comunidad local.<\/p>\n<p style=\"text-align: justify;\">Dicho hito fue encabezado por el seremi de Justicia y Derechos Humanos Samuel Navarro y la directora regional Mar\u00eda Francisca Vilches, quienes acompa\u00f1aron a los profesionales a cargo de la atenci\u00f3n socio-jur\u00eddica en las Plazas de Acceso a la Justicia y las charlas dictadas en materias de infancia, personas mayores, entre otras.<\/p>\n<p style=\"text-align: justify;\">Respecto a la actividad, la Directora Regional de la Corporaci\u00f3n de Asistencia Judicial Mar\u00eda Francisca Vilches se\u00f1al\u00f3 que \u201ccomo Corporaci\u00f3n de Asistencia Judicial de la regi\u00f3n de Ays\u00e9n estamos muy contentos de la actividad realizada en el marco del D\u00eda Nacional del Acceso a la Justicia, esta actividad la desarrollamos en la localidad de Puerto Guadal donde pudimos realizar atenci\u00f3n de p\u00fablico, difusi\u00f3n radial y actividades con los alumnos de la Escuela Bernardo O&#8217;Higgins las que fueron realizadas por las l\u00edneas La Ni\u00f1ez y la Adolescencia se Defienden y por el programa Mi Abogado principalmente orientadas a difundir los derechos del Ni\u00f1o as\u00ed como tambi\u00e9n prevenir la situaci\u00f3n de acoso escolar\u201d.<\/p>\n<p style=\"text-align: justify;\">Cabe mencionar que las actividades organizadas por la Corporaci\u00f3n de Asistencia Judicial, tienen por objetivo ofrecer un contacto directo con la comunidad, facilitando el acceso de los vecinos a los servicios de justicia m\u00e1s solicitados, junto con acercar la orientaci\u00f3n jur\u00eddica a zonas prioritarias.<\/p>\n<p style=\"text-align: justify;\">En este sentido, el seremi de Justicia y Derechos Humanos, Samuel Navarro explic\u00f3 que \u201cnos parece muy oportuno relevar el acceso a la justicia, que se democratice ese acceso y que adem\u00e1s se pueda contar con estos profesionales sobre todo en zonas aisladas como en este caso Puerto Guadal, durante la jornada pudimos atender diversos casos y situaciones que\u00a0 fueron orientadas por los profesionales del programa, m\u00e1s charlas y\/o capacitaciones que hicieron estos profesionales tanto en la escuela, delegaci\u00f3n municipal como con adultos mayores de la Junta de Vecinos, nos parece importante seguir avanzado en la concreci\u00f3n de un servicio nacional de Acceso a la Justicia y Defensor\u00eda de las V\u00edctimas que nos permita contar con un servicio p\u00fablico nacional, y con todos aquellos profesionales para las diversas \u00e1reas en que la comunidad, los vecinos y vecinas de la regi\u00f3n necesitan un apoyo y representaci\u00f3n jur\u00eddica\u201d.-<\/p>\n<p style=\"text-align: justify;\">El \u201cD\u00eda Nacional de Acceso a la Justicia\u00bb, surgi\u00f3 en 2016 en Mallarauco, en el marco del debate y reflexi\u00f3n sobre el sistema nacional de acceso a la justicia, como una iniciativa conjunta de las Corporaciones de Asistencia Judicial, sus gremios, y el Ministerio de Justicia y Derechos Humanos. Su objetivo es destacar el trabajo realizado, fortalecer el v\u00ednculo con la comunidad y reafirmar el compromiso continuo de acercar la justicia a las personas m\u00e1s vulnerables.<\/p>\n<p style=\"text-align: justify;\"><strong>NUEVO SERVICIO Y DEFENSOR\u00cdA DE VICTIMAS<\/strong><\/p>\n<p style=\"text-align: justify;\">Esta instancia permiti\u00f3, adem\u00e1s, compartir con la ciudadan\u00eda el avance del proyecto de ley que crear\u00e1 el Servicio Nacional de Acceso a la Justicia y Defensor\u00eda de V\u00edctimas. Este proyecto, actualmente en su segundo tr\u00e1mite en la Comisi\u00f3n de Constituci\u00f3n del Senado, transformar\u00e1 el acceso a la justicia en Chile.<\/p>\n<p style=\"text-align: justify;\">El nuevo servicio transformar\u00e1 a las Corporaciones de Asistencia Judicial, en un servicio p\u00fablico \u00fanico, que tendr\u00e1 presencia en todas las regiones del pa\u00eds, ofreciendo asistencia jur\u00eddica gratuita y cercana, con \u00e9nfasis en la prevenci\u00f3n y soluci\u00f3n colaborativa de conflictos sin necesidad de recurrir a tribunales. Su objetivo es garantizar que todas las personas cuenten con la orientaci\u00f3n, protecci\u00f3n y defensa de sus derechos de manera accesible y efectiva.<\/p>\n<p style=\"text-align: justify;\">Asimismo, las familias de Chile contar\u00e1n con una normativa que el Gobierno reactiv\u00f3 y prioriz\u00f3 y que establece la obligaci\u00f3n del Estado de velar por un debido acceso a la justicia, garantizar asistencia y representaci\u00f3n judicial a las v\u00edctimas de violencia.<\/p>\n<p style=\"text-align: justify;\"><strong>\u00a0<\/strong><\/p>\n<\/div><\/section><\/div><div  style='height:50px' class='hr hr-invisible   avia-builder-el-6  el_after_av_one_full  el_before_av_social_share '><span class='hr-inner ' ><span class='hr-inner-style'><\/span><\/span><\/div><\/p>\n<div  class='av-social-sharing-box  avia-builder-el-7  el_after_av_hr  el_before_av_hr  '><div class='av-share-box'><h5 class='av-share-link-description av-no-toc '>Compartir esta noticia<\/h5><ul class='av-share-box-list noLightbox'><li class='av-share-link av-social-link-facebook' ><a target=\"_blank\" aria-label=\"Compartir en Facebook\" href='https:\/\/www.facebook.com\/sharer.php?u=https:\/\/radiorevelacionfm.cl\/?p=46598&#038;t=Corporaci%C3%B3n%20de%20Asistencia%20Judicial%20celebr%C3%B3%20%E2%80%9CD%C3%ADa%20Nacional%20de%20Acceso%20a%20la%20Justicia%E2%80%9D%20en%20Puerto%20Guadal' aria-hidden='false' data-av_icon='\ue8f3' data-av_iconfont='entypo-fontello' title='' data-avia-related-tooltip='Compartir en Facebook' rel=\"noopener\"><span class='avia_hidden_link_text'>Compartir en Facebook<\/span><\/a><\/li><li class='av-share-link av-social-link-twitter' ><a target=\"_blank\" aria-label=\"Compartir en Twitter\" href='https:\/\/twitter.com\/share?text=Corporaci%C3%B3n%20de%20Asistencia%20Judicial%20celebr%C3%B3%20%E2%80%9CD%C3%ADa%20Nacional%20de%20Acceso%20a%20la%20Justicia%E2%80%9D%20en%20Puerto%20Guadal&#038;url=https:\/\/radiorevelacionfm.cl\/?p=46598' aria-hidden='false' data-av_icon='\ue8f1' data-av_iconfont='entypo-fontello' title='' data-avia-related-tooltip='Compartir en Twitter' rel=\"noopener\"><span class='avia_hidden_link_text'>Compartir en Twitter<\/span><\/a><\/li><li class='av-share-link av-social-link-whatsapp' ><a target=\"_blank\" aria-label=\"Compartir en Whatsapp\" href='https:\/\/api.whatsapp.com\/send?text=https:\/\/radiorevelacionfm.cl\/?p=46598' aria-hidden='false' data-av_icon='\uf232' data-av_iconfont='entypo-fontello' title='' data-avia-related-tooltip='Compartir en Whatsapp' rel=\"noopener\"><span class='avia_hidden_link_text'>Compartir en Whatsapp<\/span><\/a><\/li><li class='av-share-link av-social-link-linkedin' ><a target=\"_blank\" aria-label=\"Compartir en LinkedIn\" href='https:\/\/linkedin.com\/shareArticle?mini=true&#038;title=Corporaci%C3%B3n%20de%20Asistencia%20Judicial%20celebr%C3%B3%20%E2%80%9CD%C3%ADa%20Nacional%20de%20Acceso%20a%20la%20Justicia%E2%80%9D%20en%20Puerto%20Guadal&#038;url=https:\/\/radiorevelacionfm.cl\/?p=46598' aria-hidden='false' data-av_icon='\ue8fc' data-av_iconfont='entypo-fontello' title='' data-avia-related-tooltip='Compartir en LinkedIn' rel=\"noopener\"><span class='avia_hidden_link_text'>Compartir en LinkedIn<\/span><\/a><\/li><li class='av-share-link av-social-link-mail' ><a  aria-label=\"Compartir por correo\" href='mailto:?subject=Corporaci%C3%B3n%20de%20Asistencia%20Judicial%20celebr%C3%B3%20%E2%80%9CD%C3%ADa%20Nacional%20de%20Acceso%20a%20la%20Justicia%E2%80%9D%20en%20Puerto%20Guadal&#038;body=https:\/\/radiorevelacionfm.cl\/?p=46598' aria-hidden='false' data-av_icon='\ue805' data-av_iconfont='entypo-fontello' title='' data-avia-related-tooltip='Compartir por correo'><span class='avia_hidden_link_text'>Compartir por correo<\/span><\/a><\/li><\/ul><\/div><\/div>\n<div  style='height:50px' class='hr hr-invisible   avia-builder-el-8  el_after_av_social_share  el_before_av_comments_list '><span class='hr-inner ' ><span class='hr-inner-style'><\/span><\/span><\/div>\n<div  class='av-buildercomment  av-blog-meta-html-info-disabled av-blog-meta-tag-disabled  '><\/div>\n","protected":false},"excerpt":{"rendered":"","protected":false},"author":1,"featured_media":46599,"comment_status":"open","ping_status":"open","sticky":false,"template":"","format":"standard","meta":{"footnotes":""},"categories":[55],"tags":[],"class_list":["post-46598","post","type-post","status-publish","format-standard","has-post-thumbnail","hentry","category-justicia"],"jetpack_featured_media_url":"https:\/\/radiorevelacionfm.cl\/wp-content\/uploads\/2024\/09\/caj-1-1-1_optimized.jpg","_links":{"self":[{"href":"https:\/\/radiorevelacionfm.cl\/index.php?rest_route=\/wp\/v2\/posts\/46598","targetHints":{"allow":["GET"]}}],"collection":[{"href":"https:\/\/radiorevelacionfm.cl\/index.php?rest_route=\/wp\/v2\/posts"}],"about":[{"href":"https:\/\/radiorevelacionfm.cl\/index.php?rest_route=\/wp\/v2\/types\/post"}],"author":[{"embeddable":true,"href":"https:\/\/radiorevelacionfm.cl\/index.php?rest_route=\/wp\/v2\/users\/1"}],"replies":[{"embeddable":true,"href":"https:\/\/radiorevelacionfm.cl\/index.php?rest_route=%2Fwp%2Fv2%2Fcomments&post=46598"}],"version-history":[{"count":1,"href":"https:\/\/radiorevelacionfm.cl\/index.php?rest_route=\/wp\/v2\/posts\/46598\/revisions"}],"predecessor-version":[{"id":46600,"href":"https:\/\/radiorevelacionfm.cl\/index.php?rest_route=\/wp\/v2\/posts\/46598\/revisions\/46600"}],"wp:featuredmedia":[{"embeddable":true,"href":"https:\/\/radiorevelacionfm.cl\/index.php?rest_route=\/wp\/v2\/media\/46599"}],"wp:attachment":[{"href":"https:\/\/radiorevelacionfm.cl\/index.php?rest_route=%2Fwp%2Fv2%2Fmedia&parent=46598"}],"wp:term":[{"taxonomy":"category","embeddable":true,"href":"https:\/\/radiorevelacionfm.cl\/index.php?rest_route=%2Fwp%2Fv2%2Fcategories&post=46598"},{"taxonomy":"post_tag","embeddable":true,"href":"https:\/\/radiorevelacionfm.cl\/index.php?rest_route=%2Fwp%2Fv2%2Ftags&post=46598"}],"curies":[{"name":"wp","href":"https:\/\/api.w.org\/{rel}","templated":true}]}}