{"id":46595,"date":"2024-10-03T11:07:28","date_gmt":"2024-10-03T14:07:28","guid":{"rendered":"https:\/\/radiorevelacionfm.cl\/?p=46595"},"modified":"2024-10-03T11:07:28","modified_gmt":"2024-10-03T14:07:28","slug":"termometro-laboral-de-aysen-una-mirada-mensual-a-la-realidad-regional","status":"publish","type":"post","link":"https:\/\/radiorevelacionfm.cl\/?p=46595","title":{"rendered":"Term\u00f3metro laboral de Ays\u00e9n: Una mirada mensual a la realidad regional"},"content":{"rendered":"<div class=\"flex_column av_one_full  flex_column_div av-zero-column-padding first  avia-builder-el-0  el_before_av_one_full  avia-builder-el-first  \" style='border-radius:0px; '><div  class='avia-image-container  av-styling-    avia-builder-el-1  avia-builder-el-no-sibling  avia-align-center '  itemprop=\"image\" itemscope=\"itemscope\" itemtype=\"https:\/\/schema.org\/ImageObject\"  ><div class='avia-image-container-inner'><div class='avia-image-overlay-wrap'><img decoding=\"async\" class='wp-image-46596 avia-img-lazy-loading-not-46596 avia_image' src=\"https:\/\/radiorevelacionfm.cl\/wp-content\/uploads\/2024\/09\/93-1-1.jpg\" alt='' title='93 (1) (1)' height=\"600\" width=\"900\"  itemprop=\"thumbnailUrl\" srcset=\"https:\/\/radiorevelacionfm.cl\/wp-content\/uploads\/2024\/09\/93-1-1.jpg 900w, https:\/\/radiorevelacionfm.cl\/wp-content\/uploads\/2024\/09\/93-1-1-300x200.jpg 300w, https:\/\/radiorevelacionfm.cl\/wp-content\/uploads\/2024\/09\/93-1-1-768x512.jpg 768w, https:\/\/radiorevelacionfm.cl\/wp-content\/uploads\/2024\/09\/93-1-1-705x470.jpg 705w, https:\/\/radiorevelacionfm.cl\/wp-content\/uploads\/2024\/09\/93-1-1-450x300.jpg 450w, https:\/\/radiorevelacionfm.cl\/wp-content\/uploads\/2024\/09\/93-1-1-600x400.jpg 600w\" sizes=\"(max-width: 900px) 100vw, 900px\" \/><\/div><\/div><\/div><\/div><div class=\"flex_column av_one_full  flex_column_div av-zero-column-padding first  avia-builder-el-2  el_after_av_one_full  el_before_av_one_full  column-top-margin\" style='border-radius:0px; '><section class=\"av_textblock_section \"  itemscope=\"itemscope\" itemtype=\"https:\/\/schema.org\/BlogPosting\" itemprop=\"blogPost\" ><div class='avia_textblock  '   itemprop=\"text\" ><p style=\"text-align: center;\"><span style=\"font-size: 18pt;\"><strong>Term\u00f3metro laboral de Ays\u00e9n: Una mirada mensual a la realidad regional<\/strong><\/span><\/p>\n<div id=\"gtx-trans\" style=\"position: absolute; left: -50px; top: 4.31534px;\">\n<div class=\"gtx-trans-icon\"><\/div>\n<\/div>\n<\/div><\/section><\/div><div class=\"flex_column av_one_full  flex_column_div av-zero-column-padding first  avia-builder-el-4  el_after_av_one_full  el_before_av_hr  column-top-margin\" style='border-radius:0px; '><section class=\"av_textblock_section \"  itemscope=\"itemscope\" itemtype=\"https:\/\/schema.org\/BlogPosting\" itemprop=\"blogPost\" ><div class='avia_textblock  '   itemprop=\"text\" ><p style=\"text-align: justify;\">El Observatorio Laboral de Ays\u00e9n reanudar\u00e1 la entrega mensual del Term\u00f3metro Laboral, el cual realiza un desglose a partir de las cifras entregadas por el Instituto Nacional de Estad\u00edsticas, INE.<\/p>\n<p style=\"text-align: justify;\">En este sentido, el Seremi del Trabajo y Previsi\u00f3n Social, Rodrigo D\u00edaz Cordaro, se refiri\u00f3 a este instrumento, \u201cEl Observatorio Laboral es de una gran utilidad ya que entrega una mirada a partir de la encuesta del INE, desde el punto de vista laboral que podemos explicar y que nos apoyan para orientar las pol\u00edticas p\u00fablicas, es una lupa del momento que se est\u00e1 viviendo. En t\u00e9rminos puntuales, ya sali\u00f3 el Term\u00f3metro laboral del trimestre mayo-junio-julio 2024 y hoy se entregaron las nuevas cifras por parte del INE del trimestre junio-julio-agosto, ambos con 4,2%, lo cual habla de una cifra de desempleo que se ha ido recuperando y que es la mejor cifra a nivel nacional. A partir de octubre, el Observatorio Laboral entregar\u00e1 durante la primera quincena este reporte\u201d.<\/p>\n<p style=\"text-align: justify;\">Con respecto a la realidad regional de empleo, el Seremi D\u00edaz Cordaro, coment\u00f3 \u201cDebemos manifestar que hay ofertas de empleo en nuestra Regi\u00f3n de Ays\u00e9n, con trabajo de calidad y con sueldos que son en general sobre el salario m\u00ednimo, ello lo refleja la Feria Laboral Litoral-Trabajo, que estamos organizando junto a Sence y empresas acu\u00edcolas, de pesca y prestadores de servicio, que se realizar\u00e1 este jueves 03 de octubre, en el Gimnasio del IND en Puerto Ays\u00e9n\u201d, puntualiz\u00f3 la autoridad laboral.<\/p>\n<p style=\"text-align: justify;\"><strong><u>Trimestre mayo-junio-julio<\/u><\/strong><\/p>\n<p style=\"text-align: justify;\">El Term\u00f3metro laboral de septiembre 2024, que eval\u00faa el trimestre m\u00f3vil de mayo, junio y julio 2024 da como resultados cifras bastante positivas con respecto a ocupaci\u00f3n laboral, versus la realidad de otras regiones del pa\u00eds. Adem\u00e1s, muestra un 67,2% en la tasa de ocupaci\u00f3n con un total de 58.309 personas empleadas, de las cuales el 54,2% son hombres. Esto muestra, no solo una menor participaci\u00f3n laboral femenina, sino tambi\u00e9n una brecha del 10,9% en la ocupaci\u00f3n de las mujeres en comparaci\u00f3n con la de los hombres en el mercado laboral.<\/p>\n<p style=\"text-align: justify;\">En palabras de C\u00e9sar G\u00f3mez, Director del Observatorio Laboral Ays\u00e9n, estas cifras dan cuenta una disminuci\u00f3n consecutiva de los \u00faltimos 4 trimestres respecto a la tasa de desocupaci\u00f3n situ\u00e1ndola en valores similares al a\u00f1o 2019.<\/p>\n<p style=\"text-align: justify;\">En este contexto se\u00f1al\u00f3 \u201cLa cifras de las que dan cuenta el term\u00f3metro laboral dan cuenta de que la regi\u00f3n, presenta los mayores niveles de ocupaci\u00f3n y participaci\u00f3n a nivel nacional, con un aumento anual de la poblaci\u00f3n ocupada de 2,4% lo que a su vez la sit\u00faa con el menor nivel de desocupaci\u00f3n a nivel pa\u00eds con un promedio del 4,2 %.<\/p>\n<p style=\"text-align: justify;\">\u201cAl realizar el an\u00e1lisis por rama de actividad econ\u00f3mica se visualiza que el sector que m\u00e1s aporta al empleo de la regi\u00f3n es el de Administraci\u00f3n P\u00fablica y Defensa con un 17,5% de las personas ocupadas, seguidas por Comercio al por mayor y al por menor con un 14,4% y ense\u00f1anza con un 9,7%.\u00a0 En este contexto los sectores que m\u00e1s crecieron durante los \u00faltimos 12 meses, son Agricultura, ganader\u00eda, silvicultura y pesca con un 15% y Administraci\u00f3n P\u00fablica con un 8,5% mientras que los que mas decrecieron son Construcci\u00f3n con -12,5% y ense\u00f1anza con -8,2%.<\/p>\n<p style=\"text-align: justify;\">En general la regi\u00f3n de Ays\u00e9n presenta los mayores niveles de ocupaci\u00f3n y participaci\u00f3n a nivel nacional y por el contrario el menor nivel de desocupaci\u00f3n en el pa\u00eds con un promedio del 4,2%. Y en esto, existen diferencias menores en cuanto hombres y mujeres con un 4,0% y un 4,3% respectivamente.<\/p>\n<p style=\"text-align: justify;\">El Observatorio Laboral de Ays\u00e9n, es parte de la Estrategia Nacional de Prospecci\u00f3n Laboral, convenio firmado entre el Centro de Formaci\u00f3n T\u00e9cnica Estatal de Ays\u00e9n y la Subsecretaria del Trabajo, representada por la Seremi de Trabajo y Previsi\u00f3n Social. Para acceder al Term\u00f3metro Laboral del observatorio, el link es: https:\/\/www.subtrab.gob.cl\/tlr\/ y dar click a regi\u00f3n de Ays\u00e9n.<\/p>\n<p style=\"text-align: justify;\">Y si quieres conocer m\u00e1s del trabajo del nuevo Observatorio Laboral Ays\u00e9n, pueden revisar sus redes sociales en Instagram como @olraysen, en X como @OLRAysen y su fanpage de Facebook: Observatorio Laboral Ays\u00e9n.<\/p>\n<\/div><\/section><\/div><div  style='height:50px' class='hr hr-invisible   avia-builder-el-6  el_after_av_one_full  el_before_av_social_share '><span class='hr-inner ' ><span class='hr-inner-style'><\/span><\/span><\/div><\/p>\n<div  class='av-social-sharing-box  avia-builder-el-7  el_after_av_hr  el_before_av_hr  '><div class='av-share-box'><h5 class='av-share-link-description av-no-toc '>Compartir esta noticia<\/h5><ul class='av-share-box-list noLightbox'><li class='av-share-link av-social-link-facebook' ><a target=\"_blank\" aria-label=\"Compartir en Facebook\" href='https:\/\/www.facebook.com\/sharer.php?u=https:\/\/radiorevelacionfm.cl\/?p=46595&#038;t=Term%C3%B3metro%20laboral%20de%20Ays%C3%A9n%3A%20Una%20mirada%20mensual%20a%20la%20realidad%20regional' aria-hidden='false' data-av_icon='\ue8f3' data-av_iconfont='entypo-fontello' title='' data-avia-related-tooltip='Compartir en Facebook' rel=\"noopener\"><span class='avia_hidden_link_text'>Compartir en Facebook<\/span><\/a><\/li><li class='av-share-link av-social-link-twitter' ><a target=\"_blank\" aria-label=\"Compartir en Twitter\" href='https:\/\/twitter.com\/share?text=Term%C3%B3metro%20laboral%20de%20Ays%C3%A9n%3A%20Una%20mirada%20mensual%20a%20la%20realidad%20regional&#038;url=https:\/\/radiorevelacionfm.cl\/?p=46595' aria-hidden='false' data-av_icon='\ue8f1' data-av_iconfont='entypo-fontello' title='' data-avia-related-tooltip='Compartir en Twitter' rel=\"noopener\"><span class='avia_hidden_link_text'>Compartir en Twitter<\/span><\/a><\/li><li class='av-share-link av-social-link-whatsapp' ><a target=\"_blank\" aria-label=\"Compartir en Whatsapp\" href='https:\/\/api.whatsapp.com\/send?text=https:\/\/radiorevelacionfm.cl\/?p=46595' aria-hidden='false' data-av_icon='\uf232' data-av_iconfont='entypo-fontello' title='' data-avia-related-tooltip='Compartir en Whatsapp' rel=\"noopener\"><span class='avia_hidden_link_text'>Compartir en Whatsapp<\/span><\/a><\/li><li class='av-share-link av-social-link-linkedin' ><a target=\"_blank\" aria-label=\"Compartir en LinkedIn\" href='https:\/\/linkedin.com\/shareArticle?mini=true&#038;title=Term%C3%B3metro%20laboral%20de%20Ays%C3%A9n%3A%20Una%20mirada%20mensual%20a%20la%20realidad%20regional&#038;url=https:\/\/radiorevelacionfm.cl\/?p=46595' aria-hidden='false' data-av_icon='\ue8fc' data-av_iconfont='entypo-fontello' title='' data-avia-related-tooltip='Compartir en LinkedIn' rel=\"noopener\"><span class='avia_hidden_link_text'>Compartir en LinkedIn<\/span><\/a><\/li><li class='av-share-link av-social-link-mail' ><a  aria-label=\"Compartir por correo\" href='mailto:?subject=Term%C3%B3metro%20laboral%20de%20Ays%C3%A9n%3A%20Una%20mirada%20mensual%20a%20la%20realidad%20regional&#038;body=https:\/\/radiorevelacionfm.cl\/?p=46595' aria-hidden='false' data-av_icon='\ue805' data-av_iconfont='entypo-fontello' title='' data-avia-related-tooltip='Compartir por correo'><span class='avia_hidden_link_text'>Compartir por correo<\/span><\/a><\/li><\/ul><\/div><\/div>\n<div  style='height:50px' class='hr hr-invisible   avia-builder-el-8  el_after_av_social_share  el_before_av_comments_list '><span class='hr-inner ' ><span class='hr-inner-style'><\/span><\/span><\/div>\n<div  class='av-buildercomment  av-blog-meta-html-info-disabled av-blog-meta-tag-disabled  '><\/div>\n","protected":false},"excerpt":{"rendered":"","protected":false},"author":1,"featured_media":46596,"comment_status":"open","ping_status":"open","sticky":false,"template":"","format":"standard","meta":{"footnotes":""},"categories":[38],"tags":[],"class_list":["post-46595","post","type-post","status-publish","format-standard","has-post-thumbnail","hentry","category-regional"],"jetpack_featured_media_url":"https:\/\/radiorevelacionfm.cl\/wp-content\/uploads\/2024\/09\/93-1-1.jpg","_links":{"self":[{"href":"https:\/\/radiorevelacionfm.cl\/index.php?rest_route=\/wp\/v2\/posts\/46595","targetHints":{"allow":["GET"]}}],"collection":[{"href":"https:\/\/radiorevelacionfm.cl\/index.php?rest_route=\/wp\/v2\/posts"}],"about":[{"href":"https:\/\/radiorevelacionfm.cl\/index.php?rest_route=\/wp\/v2\/types\/post"}],"author":[{"embeddable":true,"href":"https:\/\/radiorevelacionfm.cl\/index.php?rest_route=\/wp\/v2\/users\/1"}],"replies":[{"embeddable":true,"href":"https:\/\/radiorevelacionfm.cl\/index.php?rest_route=%2Fwp%2Fv2%2Fcomments&post=46595"}],"version-history":[{"count":1,"href":"https:\/\/radiorevelacionfm.cl\/index.php?rest_route=\/wp\/v2\/posts\/46595\/revisions"}],"predecessor-version":[{"id":46597,"href":"https:\/\/radiorevelacionfm.cl\/index.php?rest_route=\/wp\/v2\/posts\/46595\/revisions\/46597"}],"wp:featuredmedia":[{"embeddable":true,"href":"https:\/\/radiorevelacionfm.cl\/index.php?rest_route=\/wp\/v2\/media\/46596"}],"wp:attachment":[{"href":"https:\/\/radiorevelacionfm.cl\/index.php?rest_route=%2Fwp%2Fv2%2Fmedia&parent=46595"}],"wp:term":[{"taxonomy":"category","embeddable":true,"href":"https:\/\/radiorevelacionfm.cl\/index.php?rest_route=%2Fwp%2Fv2%2Fcategories&post=46595"},{"taxonomy":"post_tag","embeddable":true,"href":"https:\/\/radiorevelacionfm.cl\/index.php?rest_route=%2Fwp%2Fv2%2Ftags&post=46595"}],"curies":[{"name":"wp","href":"https:\/\/api.w.org\/{rel}","templated":true}]}}