{"id":46592,"date":"2024-09-30T16:42:22","date_gmt":"2024-09-30T19:42:22","guid":{"rendered":"https:\/\/radiorevelacionfm.cl\/?p=46592"},"modified":"2024-09-30T16:42:22","modified_gmt":"2024-09-30T19:42:22","slug":"feria-de-volcanes-de-sernageomin-en-aysen-fue-catalogada-como-todo-un-exito","status":"publish","type":"post","link":"https:\/\/radiorevelacionfm.cl\/?p=46592","title":{"rendered":"Feria de Volcanes de Sernageomin en Ays\u00e9n fue catalogada como todo un \u00e9xito"},"content":{"rendered":"<div class=\"flex_column av_one_full  flex_column_div av-zero-column-padding first  avia-builder-el-0  el_before_av_one_full  avia-builder-el-first  \" style='border-radius:0px; '><div  class='avia-image-container  av-styling-    avia-builder-el-1  avia-builder-el-no-sibling  avia-align-center '  itemprop=\"image\" itemscope=\"itemscope\" itemtype=\"https:\/\/schema.org\/ImageObject\"  ><div class='avia-image-container-inner'><div class='avia-image-overlay-wrap'><img decoding=\"async\" class='wp-image-46593 avia-img-lazy-loading-not-46593 avia_image' src=\"https:\/\/radiorevelacionfm.cl\/wp-content\/uploads\/2024\/09\/feria-la-junta-2-1_optimized-1.jpeg\" alt='' title='feria-la-junta-2-(1)_optimized (1)' height=\"600\" width=\"1099\"  itemprop=\"thumbnailUrl\" srcset=\"https:\/\/radiorevelacionfm.cl\/wp-content\/uploads\/2024\/09\/feria-la-junta-2-1_optimized-1.jpeg 1099w, https:\/\/radiorevelacionfm.cl\/wp-content\/uploads\/2024\/09\/feria-la-junta-2-1_optimized-1-300x164.jpeg 300w, https:\/\/radiorevelacionfm.cl\/wp-content\/uploads\/2024\/09\/feria-la-junta-2-1_optimized-1-1030x562.jpeg 1030w, https:\/\/radiorevelacionfm.cl\/wp-content\/uploads\/2024\/09\/feria-la-junta-2-1_optimized-1-768x419.jpeg 768w, https:\/\/radiorevelacionfm.cl\/wp-content\/uploads\/2024\/09\/feria-la-junta-2-1_optimized-1-705x385.jpeg 705w, https:\/\/radiorevelacionfm.cl\/wp-content\/uploads\/2024\/09\/feria-la-junta-2-1_optimized-1-450x246.jpeg 450w, https:\/\/radiorevelacionfm.cl\/wp-content\/uploads\/2024\/09\/feria-la-junta-2-1_optimized-1-600x328.jpeg 600w\" sizes=\"(max-width: 1099px) 100vw, 1099px\" \/><\/div><\/div><\/div><\/div><div class=\"flex_column av_one_full  flex_column_div av-zero-column-padding first  avia-builder-el-2  el_after_av_one_full  el_before_av_one_full  column-top-margin\" style='border-radius:0px; '><section class=\"av_textblock_section \"  itemscope=\"itemscope\" itemtype=\"https:\/\/schema.org\/BlogPosting\" itemprop=\"blogPost\" ><div class='avia_textblock  '   itemprop=\"text\" ><p style=\"text-align: center;\"><strong><span style=\"font-size: 18pt;\">Feria de Volcanes de Sernageomin en Ays\u00e9n fue catalogada como todo un \u00e9xito<\/span><\/strong><\/p>\n<div id=\"gtx-trans\" style=\"position: absolute; left: -50px; top: 4.31534px;\">\n<div class=\"gtx-trans-icon\"><\/div>\n<\/div>\n<\/div><\/section><\/div><div class=\"flex_column av_one_full  flex_column_div av-zero-column-padding first  avia-builder-el-4  el_after_av_one_full  el_before_av_hr  column-top-margin\" style='border-radius:0px; '><section class=\"av_textblock_section \"  itemscope=\"itemscope\" itemtype=\"https:\/\/schema.org\/BlogPosting\" itemprop=\"blogPost\" ><div class='avia_textblock  '   itemprop=\"text\" ><p style=\"font-weight: 400; text-align: justify;\">Subirse a una nave y entrar al interior de un volc\u00e1n activo, conocer el monitoreo en l\u00ednea que realiza el Observatorio Volcanol\u00f3gico los Andes del Sur (OVDAS) y la entrega oficial del mapa de peligros del volc\u00e1n Melimoyu fueron parte de las actividades en las que pudieron participar quienes asistieron\u00a0a la XIV Feria de Divulgaci\u00f3n Volc\u00e1nica, que se realiz\u00f3 en la localidad de La Junta y que fue visitada por gran cantidad de ni\u00f1as, ni\u00f1os, j\u00f3venes y p\u00fablico en general.<\/p>\n<p style=\"font-weight: 400; text-align: justify;\">La exposici\u00f3n interactiva de Sernageomin, que tuvo lugar entre el 26 y 27 de septiembre, cont\u00f3 con el apoyo de la Municipalidad de Cisnes y del Servicio Local de Educaci\u00f3n P\u00fablica de Ays\u00e9n, y fue visitada por un importante n\u00famero de autoridades locales y regionales, encabezadas por el delegado presidencial regional de Ays\u00e9n, Rodrigo Araya.<\/p>\n<p style=\"font-weight: 400; text-align: justify;\">\u201cEstas actividades son parte de nuestra misi\u00f3n como instituci\u00f3n, es decir, divulgar el conocimiento geol\u00f3gico y volcanol\u00f3gico del entorno donde vive la comunidad, promoviendo la comprensi\u00f3n del entorno natural y crear conciencia de los peligros\u201d, manifest\u00f3 el director nacional de Sernageomin, Patricio Aguilera.<\/p>\n<p style=\"font-weight: 400; text-align: justify;\">A lo anterior, agreg\u00f3 que \u201ces fundamental que la comunidad aprenda a convivir con una situaci\u00f3n que es natural en Chile. Adem\u00e1s, es importante que se sientan seguros, que las instituciones est\u00e1n trabajando de manera coordinada\u201d.<\/p>\n<p style=\"font-weight: 400; text-align: justify;\">Por su parte, la directora regional de Sernageomin en Ays\u00e9n, Andrea Aguilera, coment\u00f3 sobre la iniciativa que \u201cnuestra feria de divulgaci\u00f3n volc\u00e1nica, centrada en el volc\u00e1n Melimoyu, tuvo una gran acogida de parte de la comunidad y estudiantes. En esa l\u00ednea, destacamos y agradecemos la presencia de nuestro director nacional, del jefe de la Red Nacional de Vigilancia Volc\u00e1nica (RNVV), de autoridades regionales y locales, de colegios de diferentes localidades, y por supuesto, el trabajo colaborativo de todas las personas de Sernageomin que participaron en esta ocasi\u00f3n. Hicieron posible el \u00e9xito de la actividad, por lo que estamos muy felices y satisfechos\u201d.<\/p>\n<p style=\"font-weight: 400; text-align: justify;\">En tanto, \u00c1lvaro Amigo, jefe de la RNVV destac\u00f3 que \u201cel lema de estas ferias es aprender a vivir con los volcanes y la clave para poder convivir en armon\u00eda es comprenderlos y estar informados, por eso se hace fundamental la realizaci\u00f3n de estas actividades, especialmente en lugares tan expuestos\u201d.<\/p>\n<p style=\"font-weight: 400; text-align: justify;\">Por \u00faltimo, las autoridades presentes en la actividad destacaron el rol informativo de la instituci\u00f3n en temas volcanol\u00f3gicos. \u201cEs un gran trabajo el que realizan los profesionales de Sernageomin, especialmente en la producci\u00f3n de mapas de peligros volc\u00e1nicos y en el monitoreo y vigilancia en tiempo real. Solo me resta felicitarlos\u201d, concluy\u00f3 el delegado presidencial regional.<\/p>\n<\/div><\/section><\/div><div  style='height:50px' class='hr hr-invisible   avia-builder-el-6  el_after_av_one_full  el_before_av_social_share '><span class='hr-inner ' ><span class='hr-inner-style'><\/span><\/span><\/div><\/p>\n<div  class='av-social-sharing-box  avia-builder-el-7  el_after_av_hr  el_before_av_hr  '><div class='av-share-box'><h5 class='av-share-link-description av-no-toc '>Compartir esta noticia<\/h5><ul class='av-share-box-list noLightbox'><li class='av-share-link av-social-link-facebook' ><a target=\"_blank\" aria-label=\"Compartir en Facebook\" href='https:\/\/www.facebook.com\/sharer.php?u=https:\/\/radiorevelacionfm.cl\/?p=46592&#038;t=Feria%20de%20Volcanes%20de%20Sernageomin%20en%20Ays%C3%A9n%20fue%20catalogada%20como%20todo%20un%20%C3%A9xito' aria-hidden='false' data-av_icon='\ue8f3' data-av_iconfont='entypo-fontello' title='' data-avia-related-tooltip='Compartir en Facebook' rel=\"noopener\"><span class='avia_hidden_link_text'>Compartir en Facebook<\/span><\/a><\/li><li class='av-share-link av-social-link-twitter' ><a target=\"_blank\" aria-label=\"Compartir en Twitter\" href='https:\/\/twitter.com\/share?text=Feria%20de%20Volcanes%20de%20Sernageomin%20en%20Ays%C3%A9n%20fue%20catalogada%20como%20todo%20un%20%C3%A9xito&#038;url=https:\/\/radiorevelacionfm.cl\/?p=46592' aria-hidden='false' data-av_icon='\ue8f1' data-av_iconfont='entypo-fontello' title='' data-avia-related-tooltip='Compartir en Twitter' rel=\"noopener\"><span class='avia_hidden_link_text'>Compartir en Twitter<\/span><\/a><\/li><li class='av-share-link av-social-link-whatsapp' ><a target=\"_blank\" aria-label=\"Compartir en Whatsapp\" href='https:\/\/api.whatsapp.com\/send?text=https:\/\/radiorevelacionfm.cl\/?p=46592' aria-hidden='false' data-av_icon='\uf232' data-av_iconfont='entypo-fontello' title='' data-avia-related-tooltip='Compartir en Whatsapp' rel=\"noopener\"><span class='avia_hidden_link_text'>Compartir en Whatsapp<\/span><\/a><\/li><li class='av-share-link av-social-link-linkedin' ><a target=\"_blank\" aria-label=\"Compartir en LinkedIn\" href='https:\/\/linkedin.com\/shareArticle?mini=true&#038;title=Feria%20de%20Volcanes%20de%20Sernageomin%20en%20Ays%C3%A9n%20fue%20catalogada%20como%20todo%20un%20%C3%A9xito&#038;url=https:\/\/radiorevelacionfm.cl\/?p=46592' aria-hidden='false' data-av_icon='\ue8fc' data-av_iconfont='entypo-fontello' title='' data-avia-related-tooltip='Compartir en LinkedIn' rel=\"noopener\"><span class='avia_hidden_link_text'>Compartir en LinkedIn<\/span><\/a><\/li><li class='av-share-link av-social-link-mail' ><a  aria-label=\"Compartir por correo\" href='mailto:?subject=Feria%20de%20Volcanes%20de%20Sernageomin%20en%20Ays%C3%A9n%20fue%20catalogada%20como%20todo%20un%20%C3%A9xito&#038;body=https:\/\/radiorevelacionfm.cl\/?p=46592' aria-hidden='false' data-av_icon='\ue805' data-av_iconfont='entypo-fontello' title='' data-avia-related-tooltip='Compartir por correo'><span class='avia_hidden_link_text'>Compartir por correo<\/span><\/a><\/li><\/ul><\/div><\/div>\n<div  style='height:50px' class='hr hr-invisible   avia-builder-el-8  el_after_av_social_share  el_before_av_comments_list '><span class='hr-inner ' ><span class='hr-inner-style'><\/span><\/span><\/div>\n<div  class='av-buildercomment  av-blog-meta-html-info-disabled av-blog-meta-tag-disabled  '><\/div>\n","protected":false},"excerpt":{"rendered":"","protected":false},"author":1,"featured_media":46593,"comment_status":"open","ping_status":"open","sticky":false,"template":"","format":"standard","meta":{"footnotes":""},"categories":[38],"tags":[],"class_list":["post-46592","post","type-post","status-publish","format-standard","has-post-thumbnail","hentry","category-regional"],"jetpack_featured_media_url":"https:\/\/radiorevelacionfm.cl\/wp-content\/uploads\/2024\/09\/feria-la-junta-2-1_optimized-1.jpeg","_links":{"self":[{"href":"https:\/\/radiorevelacionfm.cl\/index.php?rest_route=\/wp\/v2\/posts\/46592","targetHints":{"allow":["GET"]}}],"collection":[{"href":"https:\/\/radiorevelacionfm.cl\/index.php?rest_route=\/wp\/v2\/posts"}],"about":[{"href":"https:\/\/radiorevelacionfm.cl\/index.php?rest_route=\/wp\/v2\/types\/post"}],"author":[{"embeddable":true,"href":"https:\/\/radiorevelacionfm.cl\/index.php?rest_route=\/wp\/v2\/users\/1"}],"replies":[{"embeddable":true,"href":"https:\/\/radiorevelacionfm.cl\/index.php?rest_route=%2Fwp%2Fv2%2Fcomments&post=46592"}],"version-history":[{"count":1,"href":"https:\/\/radiorevelacionfm.cl\/index.php?rest_route=\/wp\/v2\/posts\/46592\/revisions"}],"predecessor-version":[{"id":46594,"href":"https:\/\/radiorevelacionfm.cl\/index.php?rest_route=\/wp\/v2\/posts\/46592\/revisions\/46594"}],"wp:featuredmedia":[{"embeddable":true,"href":"https:\/\/radiorevelacionfm.cl\/index.php?rest_route=\/wp\/v2\/media\/46593"}],"wp:attachment":[{"href":"https:\/\/radiorevelacionfm.cl\/index.php?rest_route=%2Fwp%2Fv2%2Fmedia&parent=46592"}],"wp:term":[{"taxonomy":"category","embeddable":true,"href":"https:\/\/radiorevelacionfm.cl\/index.php?rest_route=%2Fwp%2Fv2%2Fcategories&post=46592"},{"taxonomy":"post_tag","embeddable":true,"href":"https:\/\/radiorevelacionfm.cl\/index.php?rest_route=%2Fwp%2Fv2%2Ftags&post=46592"}],"curies":[{"name":"wp","href":"https:\/\/api.w.org\/{rel}","templated":true}]}}