{"id":4659,"date":"2021-05-29T14:28:55","date_gmt":"2021-05-29T17:28:55","guid":{"rendered":"https:\/\/radiorevelacionfm.cl\/?p=4659"},"modified":"2021-05-29T14:28:55","modified_gmt":"2021-05-29T17:28:55","slug":"arte-y-cultura-en-el-sur-austral-la-nueva-apuesta-de-la-uach-para-aysen","status":"publish","type":"post","link":"https:\/\/radiorevelacionfm.cl\/?p=4659","title":{"rendered":"Arte y Cultura en el Sur Austral: la nueva apuesta de la UACh para Ays\u00e9n"},"content":{"rendered":"<div class=\"flex_column av_one_full  flex_column_div av-zero-column-padding first  avia-builder-el-0  el_before_av_one_full  avia-builder-el-first  \" style='border-radius:0px; '><div  class='avia-image-container  av-styling-    avia-builder-el-1  avia-builder-el-no-sibling  avia-align-center '  itemprop=\"image\" itemscope=\"itemscope\" itemtype=\"https:\/\/schema.org\/ImageObject\"  ><div class='avia-image-container-inner'><div class='avia-image-overlay-wrap'><img decoding=\"async\" class='wp-image-0 avia-img-lazy-loading-not-0 avia_image' src=\"https:\/\/radiorevelacionfm.cl\/wp-content\/uploads\/2021\/05\/Concierto-Sindoc-CP-1-1.jpg\" alt='' title=''   itemprop=\"thumbnailUrl\"  \/><\/div><\/div><\/div><\/div><div class=\"flex_column av_one_full  flex_column_div av-zero-column-padding first  avia-builder-el-2  el_after_av_one_full  el_before_av_one_full  column-top-margin\" style='border-radius:0px; '><section class=\"av_textblock_section \"  itemscope=\"itemscope\" itemtype=\"https:\/\/schema.org\/BlogPosting\" itemprop=\"blogPost\" ><div class='avia_textblock  '   itemprop=\"text\" ><p style=\"text-align: center;\"><strong><span style=\"font-size: 18pt;\">Arte y Cultura en el Sur Austral: la nueva apuesta de la UACh para Ays\u00e9n<\/span><\/strong><\/p>\n<div id=\"gtx-trans\" style=\"position: absolute; left: -50px; top: 4.31534px;\">\n<div class=\"gtx-trans-icon\"><\/div>\n<\/div>\n<\/div><\/section><\/div><div class=\"flex_column av_one_full  flex_column_div av-zero-column-padding first  avia-builder-el-4  el_after_av_one_full  el_before_av_hr  column-top-margin\" style='border-radius:0px; '><section class=\"av_textblock_section \"  itemscope=\"itemscope\" itemtype=\"https:\/\/schema.org\/BlogPosting\" itemprop=\"blogPost\" ><div class='avia_textblock  '   itemprop=\"text\" ><p style=\"text-align: justify;\">Durante un periodo de dos a\u00f1os, se realizar\u00e1 un diagn\u00f3stico de la oferta y necesidades culturales locales, para posteriormente desarrollar diversas actividades que fomenten la presencia del Campus Patagonia en esta \u00e1rea.<\/p>\n<p style=\"text-align: justify;\">El proyecto AUS 2095 Arte y Cultura, financiado por el Fondo Educaci\u00f3n Superior Regional 2020 del Ministerio de Educaci\u00f3n, comenz\u00f3 a implementarse en el Campus Patagonia de la Universidad Austral de Chile en el mes de abril del presente a\u00f1o y busca promover el fortalecimiento de la infraestructura organizativa, aportar a la oferta program\u00e1tica, a la formaci\u00f3n de audiencias y a la relaci\u00f3n con el \u00e1rea de la docencia en la instituci\u00f3n.<\/p>\n<p style=\"text-align: justify;\">Esta iniciativa fomentar\u00e1 la vinculaci\u00f3n en el \u00e1mbito art\u00edstico y cultural del Campus Patagonia en un periodo de 26 a 30 meses, lo mismo se replicar\u00e1 en la Sede Puerto Montt y Valdivia. En la regi\u00f3n de Ays\u00e9n, el coordinador de este proyecto es el profesional, Carlos Galdames, actor, docente y gestor cultural con vasta trayectoria en el \u00e1rea de las artes y las culturas.<\/p>\n<p style=\"text-align: justify;\">\u201cLa idea es poder desarrollar en todo este tiempo, diversas acciones y actividades que contribuyan directamente, por ejemplo, al desarrollo de las artes y la cultura al interior de las asignaturas de las carreras que se imparten en el Campus Patagonia, asimismo se busca un posicionamiento de la universidad en nuestro entorno, ofreciendo distintas actividades de formaci\u00f3n, encuentros, conversatorios, entre otros\u201d, enfatiz\u00f3 el profesional.<\/p>\n<p style=\"text-align: justify;\">En la misma l\u00ednea, Galdames coment\u00f3 que \u201ceste proyecto busca poder aportar y contribuir a que las identidades locales se sigan fortaleciendo al interior de la universidad, donde pueda haber un encuentro y una conexi\u00f3n de los estudiantes, con los docentes, con la comunidad art\u00edstica.\u201d<\/p>\n<p style=\"text-align: justify;\">Actualmente en el Campus Patagonia este proyecto se encuentra en la fase de diagn\u00f3stico y levantando tambi\u00e9n, un mapa de actores y proyectando las primeras acciones para el segundo semestre de este a\u00f1o. Por su parte, para el director del Campus Patagonia, Dr. Alejandro Reyes, esta instancia es un gran desaf\u00edo, no solo para el Campus Patagonia, sino para la regi\u00f3n en general, \u201cen el caso de la regi\u00f3n de Ays\u00e9n el objetivo de este proyecto es proyectar la labor que se realizan en otras sedes y campus, construir un diagn\u00f3stico de la actividad en el \u00e1mbito de cultura, arte, conservaci\u00f3n del patrimonio, etc., y permitirnos elaborar una ruta que nos permita vincular los diversos actores sociales, los establecimientos educacionales con la labor que se ejecuta en el Campus, para poder generar un c\u00edrculo virtuoso de promoci\u00f3n de las artes y la cultura.\u201d<\/p>\n<p style=\"text-align: justify;\">As\u00ed tambi\u00e9n, resalt\u00f3 que \u201cel proyecto Arte y Cultura que estamos implementando como Universidad Austral en la regi\u00f3n de Ays\u00e9n es una continuidad de los esfuerzos que se han realizado tanto en Valdivia, como en Puerto Montt, en la cual nuestra universidad desde su fundaci\u00f3n tiene un claro perfil de fomento para el desarrollo de arte y cultura. Como instituci\u00f3n creemos que este es un componente esencial que tributa a la formaci\u00f3n de nuestros estudiantes como personas integrales.\u201d<\/p>\n<p style=\"text-align: justify;\">\u201cInvitamos a la comunidad art\u00edstica, a la comunidad estudiantil y educativa del Campus Patagonia a que puedan involucrarse, pues creemos que el arte y la cultura es un elemento transversal en el desarrollo de los seres humanos y en el quehacer profesional de nuestra casa de estudios\u201d, puntualiz\u00f3 Carlos Galdames.<\/p>\n<\/div><\/section><\/div><div  style='height:50px' class='hr hr-invisible   avia-builder-el-6  el_after_av_one_full  el_before_av_social_share '><span class='hr-inner ' ><span class='hr-inner-style'><\/span><\/span><\/div><\/p>\n<div  class='av-social-sharing-box  avia-builder-el-7  el_after_av_hr  el_before_av_hr  '><div class='av-share-box'><h5 class='av-share-link-description av-no-toc '>Compartir esta noticia<\/h5><ul class='av-share-box-list noLightbox'><li class='av-share-link av-social-link-facebook' ><a target=\"_blank\" aria-label=\"Compartir en Facebook\" href='https:\/\/www.facebook.com\/sharer.php?u=https:\/\/radiorevelacionfm.cl\/?p=4659&#038;t=Arte%20y%20Cultura%20en%20el%20Sur%20Austral%3A%20la%20nueva%20apuesta%20de%20la%20UACh%20para%20Ays%C3%A9n' aria-hidden='false' data-av_icon='\ue8f3' data-av_iconfont='entypo-fontello' title='' data-avia-related-tooltip='Compartir en Facebook' rel=\"noopener\"><span class='avia_hidden_link_text'>Compartir en Facebook<\/span><\/a><\/li><li class='av-share-link av-social-link-twitter' ><a target=\"_blank\" aria-label=\"Compartir en Twitter\" href='https:\/\/twitter.com\/share?text=Arte%20y%20Cultura%20en%20el%20Sur%20Austral%3A%20la%20nueva%20apuesta%20de%20la%20UACh%20para%20Ays%C3%A9n&#038;url=https:\/\/radiorevelacionfm.cl\/?p=4659' aria-hidden='false' data-av_icon='\ue8f1' data-av_iconfont='entypo-fontello' title='' data-avia-related-tooltip='Compartir en Twitter' rel=\"noopener\"><span class='avia_hidden_link_text'>Compartir en Twitter<\/span><\/a><\/li><li class='av-share-link av-social-link-whatsapp' ><a target=\"_blank\" aria-label=\"Compartir en Whatsapp\" href='https:\/\/api.whatsapp.com\/send?text=https:\/\/radiorevelacionfm.cl\/?p=4659' aria-hidden='false' data-av_icon='\uf232' data-av_iconfont='entypo-fontello' title='' data-avia-related-tooltip='Compartir en Whatsapp' rel=\"noopener\"><span class='avia_hidden_link_text'>Compartir en Whatsapp<\/span><\/a><\/li><li class='av-share-link av-social-link-linkedin' ><a target=\"_blank\" aria-label=\"Compartir en LinkedIn\" href='https:\/\/linkedin.com\/shareArticle?mini=true&#038;title=Arte%20y%20Cultura%20en%20el%20Sur%20Austral%3A%20la%20nueva%20apuesta%20de%20la%20UACh%20para%20Ays%C3%A9n&#038;url=https:\/\/radiorevelacionfm.cl\/?p=4659' aria-hidden='false' data-av_icon='\ue8fc' data-av_iconfont='entypo-fontello' title='' data-avia-related-tooltip='Compartir en LinkedIn' rel=\"noopener\"><span class='avia_hidden_link_text'>Compartir en LinkedIn<\/span><\/a><\/li><li class='av-share-link av-social-link-mail' ><a  aria-label=\"Compartir por correo\" href='mailto:?subject=Arte%20y%20Cultura%20en%20el%20Sur%20Austral%3A%20la%20nueva%20apuesta%20de%20la%20UACh%20para%20Ays%C3%A9n&#038;body=https:\/\/radiorevelacionfm.cl\/?p=4659' aria-hidden='false' data-av_icon='\ue805' data-av_iconfont='entypo-fontello' title='' data-avia-related-tooltip='Compartir por correo'><span class='avia_hidden_link_text'>Compartir por correo<\/span><\/a><\/li><\/ul><\/div><\/div>\n<div  style='height:50px' class='hr hr-invisible   avia-builder-el-8  el_after_av_social_share  el_before_av_comments_list '><span class='hr-inner ' ><span class='hr-inner-style'><\/span><\/span><\/div>\n<div  class='av-buildercomment  av-blog-meta-html-info-disabled av-blog-meta-tag-disabled  '><\/div>\n","protected":false},"excerpt":{"rendered":"","protected":false},"author":1,"featured_media":0,"comment_status":"open","ping_status":"open","sticky":false,"template":"","format":"standard","meta":{"footnotes":""},"categories":[52],"tags":[],"class_list":["post-4659","post","type-post","status-publish","format-standard","hentry","category-cultura"],"jetpack_featured_media_url":"","_links":{"self":[{"href":"https:\/\/radiorevelacionfm.cl\/index.php?rest_route=\/wp\/v2\/posts\/4659","targetHints":{"allow":["GET"]}}],"collection":[{"href":"https:\/\/radiorevelacionfm.cl\/index.php?rest_route=\/wp\/v2\/posts"}],"about":[{"href":"https:\/\/radiorevelacionfm.cl\/index.php?rest_route=\/wp\/v2\/types\/post"}],"author":[{"embeddable":true,"href":"https:\/\/radiorevelacionfm.cl\/index.php?rest_route=\/wp\/v2\/users\/1"}],"replies":[{"embeddable":true,"href":"https:\/\/radiorevelacionfm.cl\/index.php?rest_route=%2Fwp%2Fv2%2Fcomments&post=4659"}],"version-history":[{"count":1,"href":"https:\/\/radiorevelacionfm.cl\/index.php?rest_route=\/wp\/v2\/posts\/4659\/revisions"}],"predecessor-version":[{"id":4661,"href":"https:\/\/radiorevelacionfm.cl\/index.php?rest_route=\/wp\/v2\/posts\/4659\/revisions\/4661"}],"wp:attachment":[{"href":"https:\/\/radiorevelacionfm.cl\/index.php?rest_route=%2Fwp%2Fv2%2Fmedia&parent=4659"}],"wp:term":[{"taxonomy":"category","embeddable":true,"href":"https:\/\/radiorevelacionfm.cl\/index.php?rest_route=%2Fwp%2Fv2%2Fcategories&post=4659"},{"taxonomy":"post_tag","embeddable":true,"href":"https:\/\/radiorevelacionfm.cl\/index.php?rest_route=%2Fwp%2Fv2%2Ftags&post=4659"}],"curies":[{"name":"wp","href":"https:\/\/api.w.org\/{rel}","templated":true}]}}