{"id":46589,"date":"2024-09-30T15:28:29","date_gmt":"2024-09-30T18:28:29","guid":{"rendered":"https:\/\/radiorevelacionfm.cl\/?p=46589"},"modified":"2024-09-30T15:28:29","modified_gmt":"2024-09-30T18:28:29","slug":"retiran-mas-de-3-toneladas-de-residuos-en-jornada-de-limpieza-de-playas-en-puerto-chacabuco","status":"publish","type":"post","link":"https:\/\/radiorevelacionfm.cl\/?p=46589","title":{"rendered":"Retiran m\u00e1s de 3 toneladas de residuos en Jornada de limpieza de playas en Puerto Chacabuco"},"content":{"rendered":"<div class=\"flex_column av_one_full  flex_column_div av-zero-column-padding first  avia-builder-el-0  el_before_av_one_full  avia-builder-el-first  \" style='border-radius:0px; '><div  class='avia-image-container  av-styling-    avia-builder-el-1  avia-builder-el-no-sibling  avia-align-center '  itemprop=\"image\" itemscope=\"itemscope\" itemtype=\"https:\/\/schema.org\/ImageObject\"  ><div class='avia-image-container-inner'><div class='avia-image-overlay-wrap'><img decoding=\"async\" class='wp-image-46590 avia-img-lazy-loading-not-46590 avia_image' src=\"https:\/\/radiorevelacionfm.cl\/wp-content\/uploads\/2024\/09\/20240927_134731102_ios-1-1_optimized-1.jpg\" alt='' title='20240927_134731102_ios-(1)-(1)_optimized (1)' height=\"600\" width=\"1067\"  itemprop=\"thumbnailUrl\" srcset=\"https:\/\/radiorevelacionfm.cl\/wp-content\/uploads\/2024\/09\/20240927_134731102_ios-1-1_optimized-1.jpg 1067w, https:\/\/radiorevelacionfm.cl\/wp-content\/uploads\/2024\/09\/20240927_134731102_ios-1-1_optimized-1-300x169.jpg 300w, https:\/\/radiorevelacionfm.cl\/wp-content\/uploads\/2024\/09\/20240927_134731102_ios-1-1_optimized-1-1030x579.jpg 1030w, https:\/\/radiorevelacionfm.cl\/wp-content\/uploads\/2024\/09\/20240927_134731102_ios-1-1_optimized-1-768x432.jpg 768w, https:\/\/radiorevelacionfm.cl\/wp-content\/uploads\/2024\/09\/20240927_134731102_ios-1-1_optimized-1-705x396.jpg 705w, https:\/\/radiorevelacionfm.cl\/wp-content\/uploads\/2024\/09\/20240927_134731102_ios-1-1_optimized-1-450x253.jpg 450w, https:\/\/radiorevelacionfm.cl\/wp-content\/uploads\/2024\/09\/20240927_134731102_ios-1-1_optimized-1-600x337.jpg 600w\" sizes=\"(max-width: 1067px) 100vw, 1067px\" \/><\/div><\/div><\/div><\/div><div class=\"flex_column av_one_full  flex_column_div av-zero-column-padding first  avia-builder-el-2  el_after_av_one_full  el_before_av_one_full  column-top-margin\" style='border-radius:0px; '><section class=\"av_textblock_section \"  itemscope=\"itemscope\" itemtype=\"https:\/\/schema.org\/BlogPosting\" itemprop=\"blogPost\" ><div class='avia_textblock  '   itemprop=\"text\" ><p style=\"text-align: center;\"><span style=\"font-size: 18pt;\"><strong>Retiran m\u00e1s de 3 toneladas de residuos en Jornada de limpieza de playas en Puerto Chacabuco<\/strong><\/span><\/p>\n<div id=\"gtx-trans\" style=\"position: absolute; left: -50px; top: 4.31534px;\">\n<div class=\"gtx-trans-icon\"><\/div>\n<\/div>\n<\/div><\/section><\/div><div class=\"flex_column av_one_full  flex_column_div av-zero-column-padding first  avia-builder-el-4  el_after_av_one_full  el_before_av_hr  column-top-margin\" style='border-radius:0px; '><section class=\"av_textblock_section \"  itemscope=\"itemscope\" itemtype=\"https:\/\/schema.org\/BlogPosting\" itemprop=\"blogPost\" ><div class='avia_textblock  '   itemprop=\"text\" ><p style=\"text-align: justify;\">En conmemoraci\u00f3n del d\u00eda nacional de limpieza de playas, la Gobernaci\u00f3n Mar\u00edtima de Ays\u00e9n, en colaboraci\u00f3n con la SEREMI del Medio Ambiente, lideraron una jornada de sensibilizaci\u00f3n en Puerto Chacabuco. Alrededor de 150 voluntarios se reunieron en comitivas para recoger los residuos del borde costero en playa Vi\u00f1a Mar; y en el sector Playa sector Capitan\u00eda de Puerto Chacabuco.<\/p>\n<p style=\"text-align: justify;\">El Seremi del Medio Ambiente, Yoal D\u00edaz, destac\u00f3 \u201cestamos haciendo la jornada de limpieza de playas que se est\u00e1 haciendo en todo el pa\u00eds junto a la Armada, las empresas y los forjadores ambientales de la Escuela de Chacabuco y de otras escuelas de Ays\u00e9n. Estamos muy contentos porque es una forma de concientizar acerca de la problem\u00e1tica de la contaminaci\u00f3n por pl\u00e1stico. Es un llamado a la acci\u00f3n, parte de la triple crisis es la contaminaci\u00f3n por pl\u00e1stico y tenemos que trabajar en conjunto, as\u00ed que para ello la invitaci\u00f3n es hacer conciencia a cuidar nuestras playas\u201d.<\/p>\n<p style=\"text-align: justify;\">Seg\u00fan indic\u00f3 el Teniente primero y Capit\u00e1n de Puerto de Puerto Chacabuco, Sim\u00f3n Stuven, se recorri\u00f3 una extensi\u00f3n de 2.000 metros de playa \u201cEstamos haciendo la jornada de limpieza de playas que se est\u00e1 haciendo en todo el pa\u00eds junto a la Armada, las empresas y la Brigada Ambiental \u00a0de la Escuela de Chacabuco y de otras escuelas de Ays\u00e9n. Estamos muy contentos porque es una forma de concientizar acerca de la problem\u00e1tica de la contaminaci\u00f3n por pl\u00e1stico. Es un llamado a la acci\u00f3n, parte de la triple crisis es la contaminaci\u00f3n por pl\u00e1stico y tenemos que trabajar en conjunto, as\u00ed que para ello la invitaci\u00f3n es hacer conciencia a cuidar nuestras playas\u201d.<\/p>\n<p style=\"text-align: justify;\">Las cuadrillas integradas por estudiantes de establecimientos educacionales de Puerto Ays\u00e9n y Chacabuco; empresas locales; municipalidad de Ays\u00e9n; integrantes del gremio de la pesca; y Reciclajes Martino, recogieron masivamente desechos s\u00f3lidos para contribuir a la sensibilizaci\u00f3n de la comunidad en la modificaci\u00f3n de h\u00e1bitos que permitan eliminar conductas poco sustentables \u00a0que resultan en la contaminaci\u00f3n de costas y oc\u00e9anos, donde la existencia de residuos t\u00f3xicos representa un problema a nivel mundial que impacta negativamente sobre la biodiversidad, la salud p\u00fablica y las actividades productivas, recreativas y tur\u00edsticas que se desarrollan en nuestra regi\u00f3n y en todo el pa\u00eds.<\/p>\n<p style=\"text-align: justify;\">Entre los residuos que fueron retirados de las playas se encontraron cabos, pl\u00e1sticos blandos y duros, vidrio y latas de bebida entre otros, sumando 2.080 Kg en Playa Vi\u00f1a del Mar y 970 kg en sector Playa sector Capitan\u00eda de Puerto.<\/p>\n<p style=\"text-align: justify;\">La jornada de recolecci\u00f3n cont\u00f3, adem\u00e1s con una actividad de segregaci\u00f3n de residuos, para lo que se cont\u00f3 con la colaboraci\u00f3n de la empresa de reciclajes Martino que, a trav\u00e9s del tren ecol\u00f3gico, realiz\u00f3 el retiro de los residuos reciclables.<\/p>\n<p style=\"text-align: justify;\">La actividad que fue replicada en todo el pa\u00eds forma parte del compromiso de las Fuerzas Armadas en el cuidado del medio ambiente en una acci\u00f3n, que a trav\u00e9s de la Armada y Directemar, se realiza en forma ininterrumpida desde 2008.<\/p>\n<\/div><\/section><\/div><div  style='height:50px' class='hr hr-invisible   avia-builder-el-6  el_after_av_one_full  el_before_av_social_share '><span class='hr-inner ' ><span class='hr-inner-style'><\/span><\/span><\/div><\/p>\n<div  class='av-social-sharing-box  avia-builder-el-7  el_after_av_hr  el_before_av_hr  '><div class='av-share-box'><h5 class='av-share-link-description av-no-toc '>Compartir esta noticia<\/h5><ul class='av-share-box-list noLightbox'><li class='av-share-link av-social-link-facebook' ><a target=\"_blank\" aria-label=\"Compartir en Facebook\" href='https:\/\/www.facebook.com\/sharer.php?u=https:\/\/radiorevelacionfm.cl\/?p=46589&#038;t=Retiran%20m%C3%A1s%20de%203%20toneladas%20de%20residuos%20en%20Jornada%20de%20limpieza%20de%20playas%20en%20Puerto%20Chacabuco' aria-hidden='false' data-av_icon='\ue8f3' data-av_iconfont='entypo-fontello' title='' data-avia-related-tooltip='Compartir en Facebook' rel=\"noopener\"><span class='avia_hidden_link_text'>Compartir en Facebook<\/span><\/a><\/li><li class='av-share-link av-social-link-twitter' ><a target=\"_blank\" aria-label=\"Compartir en Twitter\" href='https:\/\/twitter.com\/share?text=Retiran%20m%C3%A1s%20de%203%20toneladas%20de%20residuos%20en%20Jornada%20de%20limpieza%20de%20playas%20en%20Puerto%20Chacabuco&#038;url=https:\/\/radiorevelacionfm.cl\/?p=46589' aria-hidden='false' data-av_icon='\ue8f1' data-av_iconfont='entypo-fontello' title='' data-avia-related-tooltip='Compartir en Twitter' rel=\"noopener\"><span class='avia_hidden_link_text'>Compartir en Twitter<\/span><\/a><\/li><li class='av-share-link av-social-link-whatsapp' ><a target=\"_blank\" aria-label=\"Compartir en Whatsapp\" href='https:\/\/api.whatsapp.com\/send?text=https:\/\/radiorevelacionfm.cl\/?p=46589' aria-hidden='false' data-av_icon='\uf232' data-av_iconfont='entypo-fontello' title='' data-avia-related-tooltip='Compartir en Whatsapp' rel=\"noopener\"><span class='avia_hidden_link_text'>Compartir en Whatsapp<\/span><\/a><\/li><li class='av-share-link av-social-link-linkedin' ><a target=\"_blank\" aria-label=\"Compartir en LinkedIn\" href='https:\/\/linkedin.com\/shareArticle?mini=true&#038;title=Retiran%20m%C3%A1s%20de%203%20toneladas%20de%20residuos%20en%20Jornada%20de%20limpieza%20de%20playas%20en%20Puerto%20Chacabuco&#038;url=https:\/\/radiorevelacionfm.cl\/?p=46589' aria-hidden='false' data-av_icon='\ue8fc' data-av_iconfont='entypo-fontello' title='' data-avia-related-tooltip='Compartir en LinkedIn' rel=\"noopener\"><span class='avia_hidden_link_text'>Compartir en LinkedIn<\/span><\/a><\/li><li class='av-share-link av-social-link-mail' ><a  aria-label=\"Compartir por correo\" href='mailto:?subject=Retiran%20m%C3%A1s%20de%203%20toneladas%20de%20residuos%20en%20Jornada%20de%20limpieza%20de%20playas%20en%20Puerto%20Chacabuco&#038;body=https:\/\/radiorevelacionfm.cl\/?p=46589' aria-hidden='false' data-av_icon='\ue805' data-av_iconfont='entypo-fontello' title='' data-avia-related-tooltip='Compartir por correo'><span class='avia_hidden_link_text'>Compartir por correo<\/span><\/a><\/li><\/ul><\/div><\/div>\n<div  style='height:50px' class='hr hr-invisible   avia-builder-el-8  el_after_av_social_share  el_before_av_comments_list '><span class='hr-inner ' ><span class='hr-inner-style'><\/span><\/span><\/div>\n<div  class='av-buildercomment  av-blog-meta-html-info-disabled av-blog-meta-tag-disabled  '><\/div>\n","protected":false},"excerpt":{"rendered":"","protected":false},"author":1,"featured_media":46590,"comment_status":"open","ping_status":"open","sticky":false,"template":"","format":"standard","meta":{"footnotes":""},"categories":[39],"tags":[],"class_list":["post-46589","post","type-post","status-publish","format-standard","has-post-thumbnail","hentry","category-medio-ambiente"],"jetpack_featured_media_url":"https:\/\/radiorevelacionfm.cl\/wp-content\/uploads\/2024\/09\/20240927_134731102_ios-1-1_optimized-1.jpg","_links":{"self":[{"href":"https:\/\/radiorevelacionfm.cl\/index.php?rest_route=\/wp\/v2\/posts\/46589","targetHints":{"allow":["GET"]}}],"collection":[{"href":"https:\/\/radiorevelacionfm.cl\/index.php?rest_route=\/wp\/v2\/posts"}],"about":[{"href":"https:\/\/radiorevelacionfm.cl\/index.php?rest_route=\/wp\/v2\/types\/post"}],"author":[{"embeddable":true,"href":"https:\/\/radiorevelacionfm.cl\/index.php?rest_route=\/wp\/v2\/users\/1"}],"replies":[{"embeddable":true,"href":"https:\/\/radiorevelacionfm.cl\/index.php?rest_route=%2Fwp%2Fv2%2Fcomments&post=46589"}],"version-history":[{"count":1,"href":"https:\/\/radiorevelacionfm.cl\/index.php?rest_route=\/wp\/v2\/posts\/46589\/revisions"}],"predecessor-version":[{"id":46591,"href":"https:\/\/radiorevelacionfm.cl\/index.php?rest_route=\/wp\/v2\/posts\/46589\/revisions\/46591"}],"wp:featuredmedia":[{"embeddable":true,"href":"https:\/\/radiorevelacionfm.cl\/index.php?rest_route=\/wp\/v2\/media\/46590"}],"wp:attachment":[{"href":"https:\/\/radiorevelacionfm.cl\/index.php?rest_route=%2Fwp%2Fv2%2Fmedia&parent=46589"}],"wp:term":[{"taxonomy":"category","embeddable":true,"href":"https:\/\/radiorevelacionfm.cl\/index.php?rest_route=%2Fwp%2Fv2%2Fcategories&post=46589"},{"taxonomy":"post_tag","embeddable":true,"href":"https:\/\/radiorevelacionfm.cl\/index.php?rest_route=%2Fwp%2Fv2%2Ftags&post=46589"}],"curies":[{"name":"wp","href":"https:\/\/api.w.org\/{rel}","templated":true}]}}