{"id":46586,"date":"2024-09-30T14:42:32","date_gmt":"2024-09-30T17:42:32","guid":{"rendered":"https:\/\/radiorevelacionfm.cl\/?p=46586"},"modified":"2024-09-30T14:42:32","modified_gmt":"2024-09-30T17:42:32","slug":"60-alumnos-de-distintos-colegios-de-coyhaique-participan-en-programa-monitores-antidrogas-de-la-fiscalia","status":"publish","type":"post","link":"https:\/\/radiorevelacionfm.cl\/?p=46586","title":{"rendered":"60 alumnos de distintos colegios de Coyhaique participan en programa \u201cMonitores Antidrogas\u201d de la Fiscal\u00eda"},"content":{"rendered":"<div class=\"flex_column av_one_full  flex_column_div av-zero-column-padding first  avia-builder-el-0  el_before_av_one_full  avia-builder-el-first  \" style='border-radius:0px; '><div  class='avia-image-container  av-styling-    avia-builder-el-1  avia-builder-el-no-sibling  avia-align-center '  itemprop=\"image\" itemscope=\"itemscope\" itemtype=\"https:\/\/schema.org\/ImageObject\"  ><div class='avia-image-container-inner'><div class='avia-image-overlay-wrap'><img decoding=\"async\" class='wp-image-46587 avia-img-lazy-loading-not-46587 avia_image' src=\"https:\/\/radiorevelacionfm.cl\/wp-content\/uploads\/2024\/09\/1-copia-2-1-1_optimized.jpg\" alt='' title='1 - -copia-(2)-(1)-(1)_optimized' height=\"600\" width=\"900\"  itemprop=\"thumbnailUrl\" srcset=\"https:\/\/radiorevelacionfm.cl\/wp-content\/uploads\/2024\/09\/1-copia-2-1-1_optimized.jpg 900w, https:\/\/radiorevelacionfm.cl\/wp-content\/uploads\/2024\/09\/1-copia-2-1-1_optimized-300x200.jpg 300w, https:\/\/radiorevelacionfm.cl\/wp-content\/uploads\/2024\/09\/1-copia-2-1-1_optimized-768x512.jpg 768w, https:\/\/radiorevelacionfm.cl\/wp-content\/uploads\/2024\/09\/1-copia-2-1-1_optimized-705x470.jpg 705w, https:\/\/radiorevelacionfm.cl\/wp-content\/uploads\/2024\/09\/1-copia-2-1-1_optimized-450x300.jpg 450w, https:\/\/radiorevelacionfm.cl\/wp-content\/uploads\/2024\/09\/1-copia-2-1-1_optimized-600x400.jpg 600w\" sizes=\"(max-width: 900px) 100vw, 900px\" \/><\/div><\/div><\/div><\/div><div class=\"flex_column av_one_full  flex_column_div av-zero-column-padding first  avia-builder-el-2  el_after_av_one_full  el_before_av_one_full  column-top-margin\" style='border-radius:0px; '><section class=\"av_textblock_section \"  itemscope=\"itemscope\" itemtype=\"https:\/\/schema.org\/BlogPosting\" itemprop=\"blogPost\" ><div class='avia_textblock  '   itemprop=\"text\" ><p style=\"text-align: center;\"><strong><span style=\"font-size: 18pt;\">60 alumnos de distintos colegios de Coyhaique participan en programa \u201cMonitores Antidrogas\u201d de la Fiscal\u00eda<\/span><\/strong><\/p>\n<div id=\"gtx-trans\" style=\"position: absolute; left: -50px; top: 4.31534px;\">\n<div class=\"gtx-trans-icon\"><\/div>\n<\/div>\n<\/div><\/section><\/div><div class=\"flex_column av_one_full  flex_column_div av-zero-column-padding first  avia-builder-el-4  el_after_av_one_full  el_before_av_hr  column-top-margin\" style='border-radius:0px; '><section class=\"av_textblock_section \"  itemscope=\"itemscope\" itemtype=\"https:\/\/schema.org\/BlogPosting\" itemprop=\"blogPost\" ><div class='avia_textblock  '   itemprop=\"text\" ><p style=\"font-weight: 400; text-align: justify;\">Esta actividad de Vinculaci\u00f3n con el Medio ha logrado impartir clases y talleres a m\u00e1s de 640 escolares de toda la Regi\u00f3n de Ays\u00e9n.<\/p>\n<p style=\"font-weight: 400; text-align: justify;\">Alumnos de diversos colegios de Coyhaique participaron de la segunda sesi\u00f3n del programa \u00abMonitores Antidrogas\u00bb de la Fiscal\u00eda en la Regi\u00f3n de Ays\u00e9n, el cual busca crear conciencia en la comunidad escolar sobre los riesgos del consumo de estupefacientes, relacionados con adicciones y posibles delitos en los que pueden verse involucrados tanto como v\u00edctimas o imputados.<\/p>\n<p style=\"font-weight: 400; text-align: justify;\">Esta actividad de Vinculaci\u00f3n con el Medio es coordinada por la Unidad de Comunicaciones de la Fiscal\u00eda y ha logrado impartir clases y talleres a escolares a m\u00e1s de 640 alumnos de toda la Regi\u00f3n de Ays\u00e9n desde su creaci\u00f3n el a\u00f1o 2018.<\/p>\n<p style=\"font-weight: 400; text-align: justify;\">SEGUNDA SESI\u00d3N<\/p>\n<p style=\"font-weight: 400; text-align: justify;\">En esta segunda sesi\u00f3n, expuso la Comunidad Terap\u00e9utica del Hospital Regional de Coyhaique, a trav\u00e9s de su coordinadora, Tilly Y\u00e1\u00f1ez y un usuario en rehabilitaci\u00f3n quien comparti\u00f3 su experiencia de vida. En la ocasi\u00f3n, se efectuaron numerosas preguntas por parte de las y los asistentes.<\/p>\n<p style=\"font-weight: 400; text-align: justify;\">En la primera charla, los j\u00f3venes pudieron compartir con el Fiscal Regional Subrogante, Jos\u00e9 Moris, quien les inform\u00f3 sobre la ley 20.000, adem\u00e1s de responder todas sus consultas.<br \/>\nA trav\u00e9s de este programa de interacci\u00f3n con la comunidad, el Ministerio P\u00fablico coordina una serie de instancia de di\u00e1logo con fiscales, polic\u00edas y profesionales externos de diversos servicios p\u00fablicos, a fin de abordar desde distintos puntos de vista, los problemas asociados al consumo, microtr\u00e1fico y tr\u00e1fico de estupefacientes.<\/p>\n<p style=\"font-weight: 400; text-align: justify;\">La tercera sesi\u00f3n de este programa, \u00fanico en el pa\u00eds, se efectuar\u00e1 el 10 de octubre con una profesional del Servicio de Salud de Ays\u00e9n.<\/p>\n<\/div><\/section><\/div><div  style='height:50px' class='hr hr-invisible   avia-builder-el-6  el_after_av_one_full  el_before_av_social_share '><span class='hr-inner ' ><span class='hr-inner-style'><\/span><\/span><\/div><\/p>\n<div  class='av-social-sharing-box  avia-builder-el-7  el_after_av_hr  el_before_av_hr  '><div class='av-share-box'><h5 class='av-share-link-description av-no-toc '>Compartir esta noticia<\/h5><ul class='av-share-box-list noLightbox'><li class='av-share-link av-social-link-facebook' ><a target=\"_blank\" aria-label=\"Compartir en Facebook\" href='https:\/\/www.facebook.com\/sharer.php?u=https:\/\/radiorevelacionfm.cl\/?p=46586&#038;t=60%20alumnos%20de%20distintos%20colegios%20de%20Coyhaique%20participan%20en%20programa%20%E2%80%9CMonitores%20Antidrogas%E2%80%9D%20de%20la%20Fiscal%C3%ADa' aria-hidden='false' data-av_icon='\ue8f3' data-av_iconfont='entypo-fontello' title='' data-avia-related-tooltip='Compartir en Facebook' rel=\"noopener\"><span class='avia_hidden_link_text'>Compartir en Facebook<\/span><\/a><\/li><li class='av-share-link av-social-link-twitter' ><a target=\"_blank\" aria-label=\"Compartir en Twitter\" href='https:\/\/twitter.com\/share?text=60%20alumnos%20de%20distintos%20colegios%20de%20Coyhaique%20participan%20en%20programa%20%E2%80%9CMonitores%20Antidrogas%E2%80%9D%20de%20la%20Fiscal%C3%ADa&#038;url=https:\/\/radiorevelacionfm.cl\/?p=46586' aria-hidden='false' data-av_icon='\ue8f1' data-av_iconfont='entypo-fontello' title='' data-avia-related-tooltip='Compartir en Twitter' rel=\"noopener\"><span class='avia_hidden_link_text'>Compartir en Twitter<\/span><\/a><\/li><li class='av-share-link av-social-link-whatsapp' ><a target=\"_blank\" aria-label=\"Compartir en Whatsapp\" href='https:\/\/api.whatsapp.com\/send?text=https:\/\/radiorevelacionfm.cl\/?p=46586' aria-hidden='false' data-av_icon='\uf232' data-av_iconfont='entypo-fontello' title='' data-avia-related-tooltip='Compartir en Whatsapp' rel=\"noopener\"><span class='avia_hidden_link_text'>Compartir en Whatsapp<\/span><\/a><\/li><li class='av-share-link av-social-link-linkedin' ><a target=\"_blank\" aria-label=\"Compartir en LinkedIn\" href='https:\/\/linkedin.com\/shareArticle?mini=true&#038;title=60%20alumnos%20de%20distintos%20colegios%20de%20Coyhaique%20participan%20en%20programa%20%E2%80%9CMonitores%20Antidrogas%E2%80%9D%20de%20la%20Fiscal%C3%ADa&#038;url=https:\/\/radiorevelacionfm.cl\/?p=46586' aria-hidden='false' data-av_icon='\ue8fc' data-av_iconfont='entypo-fontello' title='' data-avia-related-tooltip='Compartir en LinkedIn' rel=\"noopener\"><span class='avia_hidden_link_text'>Compartir en LinkedIn<\/span><\/a><\/li><li class='av-share-link av-social-link-mail' ><a  aria-label=\"Compartir por correo\" href='mailto:?subject=60%20alumnos%20de%20distintos%20colegios%20de%20Coyhaique%20participan%20en%20programa%20%E2%80%9CMonitores%20Antidrogas%E2%80%9D%20de%20la%20Fiscal%C3%ADa&#038;body=https:\/\/radiorevelacionfm.cl\/?p=46586' aria-hidden='false' data-av_icon='\ue805' data-av_iconfont='entypo-fontello' title='' data-avia-related-tooltip='Compartir por correo'><span class='avia_hidden_link_text'>Compartir por correo<\/span><\/a><\/li><\/ul><\/div><\/div>\n<div  style='height:50px' class='hr hr-invisible   avia-builder-el-8  el_after_av_social_share  el_before_av_comments_list '><span class='hr-inner ' ><span class='hr-inner-style'><\/span><\/span><\/div>\n<div  class='av-buildercomment  av-blog-meta-html-info-disabled av-blog-meta-tag-disabled  '><\/div>\n","protected":false},"excerpt":{"rendered":"","protected":false},"author":1,"featured_media":46587,"comment_status":"open","ping_status":"open","sticky":false,"template":"","format":"standard","meta":{"footnotes":""},"categories":[55],"tags":[],"class_list":["post-46586","post","type-post","status-publish","format-standard","has-post-thumbnail","hentry","category-justicia"],"jetpack_featured_media_url":"https:\/\/radiorevelacionfm.cl\/wp-content\/uploads\/2024\/09\/1-copia-2-1-1_optimized.jpg","_links":{"self":[{"href":"https:\/\/radiorevelacionfm.cl\/index.php?rest_route=\/wp\/v2\/posts\/46586","targetHints":{"allow":["GET"]}}],"collection":[{"href":"https:\/\/radiorevelacionfm.cl\/index.php?rest_route=\/wp\/v2\/posts"}],"about":[{"href":"https:\/\/radiorevelacionfm.cl\/index.php?rest_route=\/wp\/v2\/types\/post"}],"author":[{"embeddable":true,"href":"https:\/\/radiorevelacionfm.cl\/index.php?rest_route=\/wp\/v2\/users\/1"}],"replies":[{"embeddable":true,"href":"https:\/\/radiorevelacionfm.cl\/index.php?rest_route=%2Fwp%2Fv2%2Fcomments&post=46586"}],"version-history":[{"count":1,"href":"https:\/\/radiorevelacionfm.cl\/index.php?rest_route=\/wp\/v2\/posts\/46586\/revisions"}],"predecessor-version":[{"id":46588,"href":"https:\/\/radiorevelacionfm.cl\/index.php?rest_route=\/wp\/v2\/posts\/46586\/revisions\/46588"}],"wp:featuredmedia":[{"embeddable":true,"href":"https:\/\/radiorevelacionfm.cl\/index.php?rest_route=\/wp\/v2\/media\/46587"}],"wp:attachment":[{"href":"https:\/\/radiorevelacionfm.cl\/index.php?rest_route=%2Fwp%2Fv2%2Fmedia&parent=46586"}],"wp:term":[{"taxonomy":"category","embeddable":true,"href":"https:\/\/radiorevelacionfm.cl\/index.php?rest_route=%2Fwp%2Fv2%2Fcategories&post=46586"},{"taxonomy":"post_tag","embeddable":true,"href":"https:\/\/radiorevelacionfm.cl\/index.php?rest_route=%2Fwp%2Fv2%2Ftags&post=46586"}],"curies":[{"name":"wp","href":"https:\/\/api.w.org\/{rel}","templated":true}]}}