{"id":46583,"date":"2024-09-30T20:52:20","date_gmt":"2024-09-30T23:52:20","guid":{"rendered":"https:\/\/radiorevelacionfm.cl\/?p=46583"},"modified":"2024-09-30T20:52:20","modified_gmt":"2024-09-30T23:52:20","slug":"fundacion-integra-realizo-la-duodecima-version-del-seminario-comparte-educacion","status":"publish","type":"post","link":"https:\/\/radiorevelacionfm.cl\/?p=46583","title":{"rendered":"Fundaci\u00f3n Integra realiz\u00f3 la duod\u00e9cima versi\u00f3n del seminario \u201cComparte Educaci\u00f3n\u201d"},"content":{"rendered":"<div class=\"flex_column av_one_full  flex_column_div av-zero-column-padding first  avia-builder-el-0  el_before_av_one_full  avia-builder-el-first  \" style='border-radius:0px; '><div  class='avia-image-container  av-styling-    avia-builder-el-1  avia-builder-el-no-sibling  avia-align-center '  itemprop=\"image\" itemscope=\"itemscope\" itemtype=\"https:\/\/schema.org\/ImageObject\"  ><div class='avia-image-container-inner'><div class='avia-image-overlay-wrap'><img decoding=\"async\" class='wp-image-46584 avia-img-lazy-loading-not-46584 avia_image' src=\"https:\/\/radiorevelacionfm.cl\/wp-content\/uploads\/2024\/09\/img_4105-min-1_optimized.jpg\" alt='' title='img_4105-min-(1)_optimized' height=\"600\" width=\"1029\"  itemprop=\"thumbnailUrl\" srcset=\"https:\/\/radiorevelacionfm.cl\/wp-content\/uploads\/2024\/09\/img_4105-min-1_optimized.jpg 1029w, https:\/\/radiorevelacionfm.cl\/wp-content\/uploads\/2024\/09\/img_4105-min-1_optimized-300x175.jpg 300w, https:\/\/radiorevelacionfm.cl\/wp-content\/uploads\/2024\/09\/img_4105-min-1_optimized-768x448.jpg 768w, https:\/\/radiorevelacionfm.cl\/wp-content\/uploads\/2024\/09\/img_4105-min-1_optimized-705x411.jpg 705w, https:\/\/radiorevelacionfm.cl\/wp-content\/uploads\/2024\/09\/img_4105-min-1_optimized-450x262.jpg 450w, https:\/\/radiorevelacionfm.cl\/wp-content\/uploads\/2024\/09\/img_4105-min-1_optimized-600x350.jpg 600w\" sizes=\"(max-width: 1029px) 100vw, 1029px\" \/><\/div><\/div><\/div><\/div><div class=\"flex_column av_one_full  flex_column_div av-zero-column-padding first  avia-builder-el-2  el_after_av_one_full  el_before_av_one_full  column-top-margin\" style='border-radius:0px; '><section class=\"av_textblock_section \"  itemscope=\"itemscope\" itemtype=\"https:\/\/schema.org\/BlogPosting\" itemprop=\"blogPost\" ><div class='avia_textblock  '   itemprop=\"text\" ><p style=\"text-align: center;\"><strong><span style=\"font-size: 18pt;\">Fundaci\u00f3n Integra realiz\u00f3 la duod\u00e9cima versi\u00f3n del seminario \u201cComparte Educaci\u00f3n\u201d<\/span><\/strong><\/p>\n<div id=\"gtx-trans\" style=\"position: absolute; left: -50px; top: 4.31534px;\">\n<div class=\"gtx-trans-icon\"><\/div>\n<\/div>\n<\/div><\/section><\/div><div class=\"flex_column av_one_full  flex_column_div av-zero-column-padding first  avia-builder-el-4  el_after_av_one_full  el_before_av_hr  column-top-margin\" style='border-radius:0px; '><section class=\"av_textblock_section \"  itemscope=\"itemscope\" itemtype=\"https:\/\/schema.org\/BlogPosting\" itemprop=\"blogPost\" ><div class='avia_textblock  '   itemprop=\"text\" ><p style=\"font-weight: 400; text-align: justify;\"><em>Este a\u00f1o, y de manera in\u00e9dita, el seminario se desarroll\u00f3 de manera simult\u00e1nea en todas las regiones del pa\u00eds mostrando el trabajo que desarrollan los jardines infantiles y salas cuna evidenciando el protagonismo infantil.<\/em><\/p>\n<p style=\"font-weight: 400; text-align: justify;\">Desde hace 12 a\u00f1os Fundaci\u00f3n Integra organiza el seminario nacional \u201cComparte Educaci\u00f3n\u201d el que tiene como prop\u00f3sito reconocer, socializar y evidenciar el trabajo que desarrollan los equipos educativos de jardines infantiles, salas cuna y modalidades no convencionales de la instituci\u00f3n a lo largo de todo el pa\u00eds. La actividad se desarroll\u00f3 los d\u00edas 25 y 26 de septiembre en dependencias de la Biblioteca Regional de Ays\u00e9n y cont\u00f3 con la participaci\u00f3n cercana al centenar de personas.<\/p>\n<p style=\"font-weight: 400; text-align: justify;\">La directora regional de Fundaci\u00f3n Integra, Leticia Araya destac\u00f3 que \u201ces una experiencia muy enriquecedora y muy potente ya que se generan espacios de conversaci\u00f3n y reflexi\u00f3n cr\u00edtica muy potentes, pero tambi\u00e9n se genera un espacio para poder compartir con los equipos educativos, integrantes de oficina regional y de las familias respecto del protagonismo infantil de ni\u00f1os y ni\u00f1as\u201d.<\/p>\n<p style=\"font-weight: 400; text-align: justify;\">El seminario, que se ha posicionado durante m\u00e1s de una d\u00e9cada como un espacio clave para reconocer, socializar y visibilizar las buenas pr\u00e1cticas pedag\u00f3gicas de los equipos educativos de Fundaci\u00f3n Integra, tuvo este a\u00f1o un enfoque en \u201cNi\u00f1as y ni\u00f1os protagonistas, ciudadanos sujetos de derecho\u201d. A trav\u00e9s de esta tem\u00e1tica, se puso de relieve c\u00f3mo los establecimientos de la regi\u00f3n de Ays\u00e9n han avanzado en la promoci\u00f3n de una educaci\u00f3n centrada en los derechos y la autonom\u00eda de ni\u00f1as y ni\u00f1os.<\/p>\n<p style=\"font-weight: 400; text-align: justify;\">Una de las presentes en este seminario fue la seremi de Educaci\u00f3n, Isabel Garrido Casassa quien destac\u00f3 estos espacios \u201cdonde los equipos pedag\u00f3gicos tienen la oportunidad de compartir sus experiencias educativas y buenas pr\u00e1cticas educativas y poner al centro a ni\u00f1os y ni\u00f1as\u201d.<\/p>\n<p style=\"font-weight: 400; text-align: justify;\">El seminario cont\u00f3 con la presentaci\u00f3n de cuatro (4) experiencias educativas destacadas de la regi\u00f3n: \u00abRumbo al Espacio\u00bb del jard\u00edn infantil Las Murtitas (Bah\u00eda Murta), \u00abSolitas y solitos podemos lograrlo\u00bb del jard\u00edn infantil y sala cuna Nueva Esperanza (Coyhaique), \u00abCuaderno Viajero Ovejita Nanai\u00bb del jard\u00edn infantil Gotitas de Lluvia (Puerto Ays\u00e9n) y \u00abEscenarios l\u00fadicos que propician el juego y protagonismo infantil\u00bb del jard\u00edn infantil y sala cuna Las Araucarias (Coyhaique).<\/p>\n<p style=\"font-weight: 400; text-align: justify;\">Yanina Reyes, educadora de p\u00e1rvulos del jard\u00edn infantil y sala cuna \u201cLas Araucarias\u201d manifest\u00f3 que \u201cnos sentimos muy reconocidas por haber sido una de las seleccionadas para presentar en este seminario y poder relevar el rol que desarrolla todo nuestro equipo educativo, reforzando que es muy importante construir desde peque\u00f1os aprendizajes y saberes a trav\u00e9s de los l\u00fadico, del contacto con la naturaleza, pero sobretodo con el juego como protagonista\u201d.<\/p>\n<p style=\"font-weight: 400; text-align: justify;\">Andrea Mancilla, educadora de p\u00e1rvulos del jard\u00edn infantil y sala cuna \u201cNueva Esperanza\u201d y encargada de exponer la experiencia educativa de su establecimiento destac\u00f3 que su presentaci\u00f3n \u201chablaba del periodo de alimentaci\u00f3n y en la que se relev\u00f3 la autonom\u00eda de ni\u00f1os y ni\u00f1as dentro del aula, donde ellos han sido capaces de poder elaborar los implementos que utilizan, pero tambi\u00e9n respecto de las posibilidades de autonom\u00eda que ellos tienen al elegir el lugar donde se alimentar\u00e1n, donde guardan sus implementos de alimentaci\u00f3n y los procesos propios de este periodo\u201d.<\/p>\n<p style=\"font-weight: 400; text-align: justify;\">En esta nueva versi\u00f3n del Comparte Educaci\u00f3n, las acciones se centraron en el encuentro e intercambio de experiencias regionales permitiendo con esto poder proyectar y conocer el trabajo que desarrollan los establecimientos a nivel regional y seguir profundizando pr\u00e1cticas educativas exitosas en esta materia.<\/p>\n<p style=\"font-weight: 400; text-align: justify;\">El seminario no solo estuvo dirigido a los educadores, sino tambi\u00e9n a las familias. Stephany Vega, apoderada del jard\u00edn infantil Las Araucarias, valor\u00f3 la instancia: \u201cEs una bonita oportunidad para ver el trabajo que se realiza en los jardines y saber que se toma en cuenta la opini\u00f3n de los apoderados. Es gratificante que se den estas oportunidades\u201d.<\/p>\n<p style=\"font-weight: 400; text-align: justify;\">Al finalizar el seminario, la directora regional Leticia Araya reiter\u00f3 el compromiso de los equipos educativos de la regi\u00f3n con una educaci\u00f3n de calidad reforzando que \u201cel mejor mensaje que podemos entregar a las familias es que en cada jard\u00edn infantil tenemos equipos comprometidos que ponen a los ni\u00f1os y ni\u00f1as en el centro de su quehacer diario\u201d.<\/p>\n<p style=\"font-weight: 400; text-align: justify;\">El evento tambi\u00e9n cont\u00f3 con la participaci\u00f3n de la Secretaria T\u00e9cnica Regional de la Superintendencia de Educaci\u00f3n, Mar\u00eda Ang\u00e9lica Reyes, quien ofreci\u00f3 la charla \u00abDerecho a Educaci\u00f3n: Principios, Liderazgo y Emociones\u00bb, subrayando la importancia de garantizar el acceso y la calidad en la educaci\u00f3n parvularia.<\/p>\n<p style=\"font-weight: 400; text-align: justify;\">Este seminario dej\u00f3 en evidencia el compromiso de Fundaci\u00f3n Integra por seguir construyendo espacios educativos que reconozcan a los ni\u00f1os y ni\u00f1as como sujetos de derecho, donde el juego y la participaci\u00f3n activa son fundamentales para su desarrollo.<\/p>\n<\/div><\/section><\/div><div  style='height:50px' class='hr hr-invisible   avia-builder-el-6  el_after_av_one_full  el_before_av_social_share '><span class='hr-inner ' ><span class='hr-inner-style'><\/span><\/span><\/div><\/p>\n<div  class='av-social-sharing-box  avia-builder-el-7  el_after_av_hr  el_before_av_hr  '><div class='av-share-box'><h5 class='av-share-link-description av-no-toc '>Compartir esta noticia<\/h5><ul class='av-share-box-list noLightbox'><li class='av-share-link av-social-link-facebook' ><a target=\"_blank\" aria-label=\"Compartir en Facebook\" href='https:\/\/www.facebook.com\/sharer.php?u=https:\/\/radiorevelacionfm.cl\/?p=46583&#038;t=Fundaci%C3%B3n%20Integra%20realiz%C3%B3%20la%20duod%C3%A9cima%20versi%C3%B3n%20del%20seminario%20%E2%80%9CComparte%20Educaci%C3%B3n%E2%80%9D' aria-hidden='false' data-av_icon='\ue8f3' data-av_iconfont='entypo-fontello' title='' data-avia-related-tooltip='Compartir en Facebook' rel=\"noopener\"><span class='avia_hidden_link_text'>Compartir en Facebook<\/span><\/a><\/li><li class='av-share-link av-social-link-twitter' ><a target=\"_blank\" aria-label=\"Compartir en Twitter\" href='https:\/\/twitter.com\/share?text=Fundaci%C3%B3n%20Integra%20realiz%C3%B3%20la%20duod%C3%A9cima%20versi%C3%B3n%20del%20seminario%20%E2%80%9CComparte%20Educaci%C3%B3n%E2%80%9D&#038;url=https:\/\/radiorevelacionfm.cl\/?p=46583' aria-hidden='false' data-av_icon='\ue8f1' data-av_iconfont='entypo-fontello' title='' data-avia-related-tooltip='Compartir en Twitter' rel=\"noopener\"><span class='avia_hidden_link_text'>Compartir en Twitter<\/span><\/a><\/li><li class='av-share-link av-social-link-whatsapp' ><a target=\"_blank\" aria-label=\"Compartir en Whatsapp\" href='https:\/\/api.whatsapp.com\/send?text=https:\/\/radiorevelacionfm.cl\/?p=46583' aria-hidden='false' data-av_icon='\uf232' data-av_iconfont='entypo-fontello' title='' data-avia-related-tooltip='Compartir en Whatsapp' rel=\"noopener\"><span class='avia_hidden_link_text'>Compartir en Whatsapp<\/span><\/a><\/li><li class='av-share-link av-social-link-linkedin' ><a target=\"_blank\" aria-label=\"Compartir en LinkedIn\" href='https:\/\/linkedin.com\/shareArticle?mini=true&#038;title=Fundaci%C3%B3n%20Integra%20realiz%C3%B3%20la%20duod%C3%A9cima%20versi%C3%B3n%20del%20seminario%20%E2%80%9CComparte%20Educaci%C3%B3n%E2%80%9D&#038;url=https:\/\/radiorevelacionfm.cl\/?p=46583' aria-hidden='false' data-av_icon='\ue8fc' data-av_iconfont='entypo-fontello' title='' data-avia-related-tooltip='Compartir en LinkedIn' rel=\"noopener\"><span class='avia_hidden_link_text'>Compartir en LinkedIn<\/span><\/a><\/li><li class='av-share-link av-social-link-mail' ><a  aria-label=\"Compartir por correo\" href='mailto:?subject=Fundaci%C3%B3n%20Integra%20realiz%C3%B3%20la%20duod%C3%A9cima%20versi%C3%B3n%20del%20seminario%20%E2%80%9CComparte%20Educaci%C3%B3n%E2%80%9D&#038;body=https:\/\/radiorevelacionfm.cl\/?p=46583' aria-hidden='false' data-av_icon='\ue805' data-av_iconfont='entypo-fontello' title='' data-avia-related-tooltip='Compartir por correo'><span class='avia_hidden_link_text'>Compartir por correo<\/span><\/a><\/li><\/ul><\/div><\/div>\n<div  style='height:50px' class='hr hr-invisible   avia-builder-el-8  el_after_av_social_share  el_before_av_comments_list '><span class='hr-inner ' ><span class='hr-inner-style'><\/span><\/span><\/div>\n<div  class='av-buildercomment  av-blog-meta-html-info-disabled av-blog-meta-tag-disabled  '><\/div>\n","protected":false},"excerpt":{"rendered":"","protected":false},"author":1,"featured_media":46584,"comment_status":"open","ping_status":"open","sticky":false,"template":"","format":"standard","meta":{"footnotes":""},"categories":[49],"tags":[],"class_list":["post-46583","post","type-post","status-publish","format-standard","has-post-thumbnail","hentry","category-educacion"],"jetpack_featured_media_url":"https:\/\/radiorevelacionfm.cl\/wp-content\/uploads\/2024\/09\/img_4105-min-1_optimized.jpg","_links":{"self":[{"href":"https:\/\/radiorevelacionfm.cl\/index.php?rest_route=\/wp\/v2\/posts\/46583","targetHints":{"allow":["GET"]}}],"collection":[{"href":"https:\/\/radiorevelacionfm.cl\/index.php?rest_route=\/wp\/v2\/posts"}],"about":[{"href":"https:\/\/radiorevelacionfm.cl\/index.php?rest_route=\/wp\/v2\/types\/post"}],"author":[{"embeddable":true,"href":"https:\/\/radiorevelacionfm.cl\/index.php?rest_route=\/wp\/v2\/users\/1"}],"replies":[{"embeddable":true,"href":"https:\/\/radiorevelacionfm.cl\/index.php?rest_route=%2Fwp%2Fv2%2Fcomments&post=46583"}],"version-history":[{"count":1,"href":"https:\/\/radiorevelacionfm.cl\/index.php?rest_route=\/wp\/v2\/posts\/46583\/revisions"}],"predecessor-version":[{"id":46585,"href":"https:\/\/radiorevelacionfm.cl\/index.php?rest_route=\/wp\/v2\/posts\/46583\/revisions\/46585"}],"wp:featuredmedia":[{"embeddable":true,"href":"https:\/\/radiorevelacionfm.cl\/index.php?rest_route=\/wp\/v2\/media\/46584"}],"wp:attachment":[{"href":"https:\/\/radiorevelacionfm.cl\/index.php?rest_route=%2Fwp%2Fv2%2Fmedia&parent=46583"}],"wp:term":[{"taxonomy":"category","embeddable":true,"href":"https:\/\/radiorevelacionfm.cl\/index.php?rest_route=%2Fwp%2Fv2%2Fcategories&post=46583"},{"taxonomy":"post_tag","embeddable":true,"href":"https:\/\/radiorevelacionfm.cl\/index.php?rest_route=%2Fwp%2Fv2%2Ftags&post=46583"}],"curies":[{"name":"wp","href":"https:\/\/api.w.org\/{rel}","templated":true}]}}