{"id":46575,"date":"2024-09-30T11:24:44","date_gmt":"2024-09-30T14:24:44","guid":{"rendered":"https:\/\/radiorevelacionfm.cl\/?p=46575"},"modified":"2024-09-30T11:24:44","modified_gmt":"2024-09-30T14:24:44","slug":"presidente-de-codesa-erwin-sandoval-por-humedal-en-chile-chico-si-la-sma-no-inicia-proceso-sancionatorio-ademas-del-riesgo-de-prescripcion-impactos-ambientales-se-siguen-acumulando-en-el-humedal","status":"publish","type":"post","link":"https:\/\/radiorevelacionfm.cl\/?p=46575","title":{"rendered":"Presidente de Codesa Erwin Sandoval, por humedal en Chile Chico: \u00abSi la SMA no inicia proceso sancionatorio, adem\u00e1s del riesgo de prescripci\u00f3n, impactos ambientales se siguen acumulando en el humedal\u00bb"},"content":{"rendered":"<div class=\"flex_column av_one_full  flex_column_div av-zero-column-padding first  avia-builder-el-0  el_before_av_one_full  avia-builder-el-first  \" style='border-radius:0px; '><div  class='avia-image-container  av-styling-    avia-builder-el-1  avia-builder-el-no-sibling  avia-align-center '  itemprop=\"image\" itemscope=\"itemscope\" itemtype=\"https:\/\/schema.org\/ImageObject\"  ><div class='avia-image-container-inner'><div class='avia-image-overlay-wrap'><img decoding=\"async\" class='wp-image-44204 avia-img-lazy-loading-not-44204 avia_image' src=\"https:\/\/radiorevelacionfm.cl\/wp-content\/uploads\/2024\/07\/imagen-aerea-humedal-3-1_optimized.jpg\" alt='' title='imagen-a\u00e9rea-humedal-3-(1)_optimized' height=\"600\" width=\"1067\"  itemprop=\"thumbnailUrl\" srcset=\"https:\/\/radiorevelacionfm.cl\/wp-content\/uploads\/2024\/07\/imagen-aerea-humedal-3-1_optimized.jpg 1067w, https:\/\/radiorevelacionfm.cl\/wp-content\/uploads\/2024\/07\/imagen-aerea-humedal-3-1_optimized-300x169.jpg 300w, https:\/\/radiorevelacionfm.cl\/wp-content\/uploads\/2024\/07\/imagen-aerea-humedal-3-1_optimized-1030x579.jpg 1030w, https:\/\/radiorevelacionfm.cl\/wp-content\/uploads\/2024\/07\/imagen-aerea-humedal-3-1_optimized-768x432.jpg 768w, https:\/\/radiorevelacionfm.cl\/wp-content\/uploads\/2024\/07\/imagen-aerea-humedal-3-1_optimized-705x396.jpg 705w, https:\/\/radiorevelacionfm.cl\/wp-content\/uploads\/2024\/07\/imagen-aerea-humedal-3-1_optimized-450x253.jpg 450w, https:\/\/radiorevelacionfm.cl\/wp-content\/uploads\/2024\/07\/imagen-aerea-humedal-3-1_optimized-600x337.jpg 600w\" sizes=\"(max-width: 1067px) 100vw, 1067px\" \/><\/div><\/div><\/div><\/div><div class=\"flex_column av_one_full  flex_column_div av-zero-column-padding first  avia-builder-el-2  el_after_av_one_full  el_before_av_one_full  column-top-margin\" style='border-radius:0px; '><section class=\"av_textblock_section \"  itemscope=\"itemscope\" itemtype=\"https:\/\/schema.org\/BlogPosting\" itemprop=\"blogPost\" ><div class='avia_textblock  '   itemprop=\"text\" ><p style=\"text-align: center;\"><strong><span style=\"font-size: 18pt;\">Presidente de Codesa Erwin Sandoval, por humedal en Chile Chico: \u00abSi la SMA no inicia proceso sancionatorio, adem\u00e1s del riesgo de prescripci\u00f3n, impactos ambientales se siguen acumulando en el humedal\u00bb<\/span><\/strong><\/p>\n<div id=\"gtx-trans\" style=\"position: absolute; left: -50px; top: 4.31534px;\">\n<div class=\"gtx-trans-icon\"><\/div>\n<\/div>\n<\/div><\/section><\/div><div class=\"flex_column av_one_full  flex_column_div av-zero-column-padding first  avia-builder-el-4  el_after_av_one_full  el_before_av_hr  column-top-margin\" style='border-radius:0px; '><section class=\"av_textblock_section \"  itemscope=\"itemscope\" itemtype=\"https:\/\/schema.org\/BlogPosting\" itemprop=\"blogPost\" ><div class='avia_textblock  '   itemprop=\"text\" ><ul>\n<li dir=\"ltr\">\n<p dir=\"ltr\" style=\"text-align: justify;\"><em>A finales de julio de 2024, la Direcci\u00f3n Regional del Servicio de Evaluaci\u00f3n Ambiental puso t\u00e9rmino anticipado a la evaluaci\u00f3n de la Declaraci\u00f3n de Impacto Ambiental del proyecto de Patagonia Ridge SpA., al constar que la ejecuci\u00f3n ilegal del proyecto caus\u00f3 impactos ambientales significativos sobre el Humedal La Puntilla en la desembocadura del r\u00edo Jeinimeni, las cuales deben ser abordadas por medio de un Estudio de Impacto Ambiental.\u00a0\u00a0<\/em><\/p>\n<\/li>\n<\/ul>\n<p dir=\"ltr\" style=\"text-align: justify;\">\u00abSi la SMA no formula cargos, existe el riesgo de impunidad y prescripci\u00f3n de la infracci\u00f3n cometida por Patagonia Ridge SpA al ejecutar ilegalmente su proyecto de drenaje del Humedal La Puntilla en la comuna de Chile Chico, sin\u00a0 evaluaci\u00f3n ambiental y al interior de un \u00e1rea puesta bajo protecci\u00f3n oficial\u00bb.<\/p>\n<p dir=\"ltr\" style=\"text-align: justify;\">Con estas palabras, el presidente de la Corporaci\u00f3n Privada para el Desarrollo de Ays\u00e9n (CODESA), Erwin Sandoval Gallardo, hizo referencia a lo expresamente instituido en\u00a0 el art\u00edculo 37 de la Ley Org\u00e1nica de la SMA, seg\u00fan el cual \u00ablas infracciones previstas en esta ley prescribir\u00e1n a los tres a\u00f1os de cometidas, plazo que se interrumpir\u00e1 con la notificaci\u00f3n de la formulaci\u00f3n de cargos por los hechos constitutivos de las mismas.<\/p>\n<p dir=\"ltr\" style=\"text-align: justify;\">El <a href=\"https:\/\/tehuelchenoticias.cl\/nuevo_sitio\/2024\/08\/05\/organizaciones-tenian-razon-proyecto-que-dreno-humedal-de-chile-chico-debera-presentar-estudio-de-impacto-ambiental\/\" target=\"_blank\" rel=\"noopener noreferrer\">22 de julio el SEA<\/a> notific\u00f3 a \u00abPatagonia Ridge\u00bb del <a href=\"https:\/\/infofirma.sea.gob.cl\/DocumentosSEA\/MostrarDocumento?docId=2024\/07\/22\/8c19-ef2b-4805-a1f9-3ac29d61658b\" target=\"_blank\" rel=\"noopener noreferrer\">t\u00e9rmino anticipado<\/a> al proceso de evaluaci\u00f3n de una Declaraci\u00f3n de Impacto Ambiental tendiente a \u00abregularizar\u00bb el drenaje ilegal del humedal La Puntilla en la desembocadura del r\u00edo Jeinimeni. Se trata de las obras que Patagonia Ridge SpA desarroll\u00f3 en dicho sector de Chile Chico entre 2019 y 2021, y que luego de varias denuncias y fiscalizaciones la Superintendencia del Medio Ambiente determin\u00f3 que deb\u00edan someterse a evaluaci\u00f3n ambiental. En concreto, est\u00e1 exigiendo un Estudio de Impacto Ambiental.<\/p>\n<p dir=\"ltr\" style=\"text-align: justify;\">Esto hab\u00eda sido solicitado por CODESA y las organizaciones locales Antukulef y Fundaci\u00f3n Ra\u00edces de Calafate,\u00a0 que adem\u00e1s con fecha 21 de agosto de 2024, requirieron formalmente ante la Superintendencia de Medio Ambiente hacerse parte del proceso que requiri\u00f3 el ingreso a evaluaci\u00f3n y, complementariamente, que inicie un procedimiento sancionatorio en contra de Patagonia Ridge SpA por las grav\u00edsimas infracciones cometidas al interior de un \u00e1rea bajo protecci\u00f3n oficial.<\/p>\n<p dir=\"ltr\" style=\"text-align: justify;\">\u00abSi bien fue un avance que el Servicio de Evaluaci\u00f3n Ambiental de la Regi\u00f3n de Ays\u00e9n (SEA) pusiera t\u00e9rmino a la Evaluaci\u00f3n de la Declaraci\u00f3n de Impacto Ambiental presentada por Patagonia Ridge SpA al constatar que la ejecuci\u00f3n ilegal del proyecto caus\u00f3 significativos impactos ambientales en un \u00e1rea bajo protecci\u00f3n oficial, no podemos dejar de cuestionar, una vez m\u00e1s, la falta de ejercicio oportuno de sus atribuciones por parte de la Superintendencia del Medio Ambiente. Cuyo actuar no hace sino generar condiciones propicias para la impunidad y la prescripci\u00f3n de grav\u00edsimas infracciones\u00bb, se\u00f1al\u00f3 el dirigente.<\/p>\n<p dir=\"ltr\" style=\"text-align: justify;\">\u00abDada la gravedad de la infracci\u00f3n y los significativos impactos ambientales ya constatados por la propia institucionalidad ambiental, hoy no basta con la evaluaci\u00f3n del proyecto ya ejecutado, sino que se deben formular cargos a la empresa por las obras ilegales. Y estos cargos, al igual que en lo ocurrido con Edelays\u00e9n en Los Maquis, debieran ser calificados de grav\u00edsimos, tanto por ejecutar ilegalmente su proyecto como por incumplir los plazos dispuestos por la SMA para ingresar su proyecto a evaluaci\u00f3n en el SEIA\u00bb, expres\u00f3.<\/p>\n<p dir=\"ltr\" style=\"text-align: justify;\">Recientemente la SMA rechaz\u00f3 esta solicitud, postergando una vez m\u00e1s la decisi\u00f3n, arriesgando que prescriba la posibilidad de iniciar el procedimiento sancionatorio.<\/p>\n<p dir=\"ltr\" style=\"text-align: justify;\">A esto se agrega que \u00ablo que termina ocurriendo, en concreto, es que contra m\u00e1s ellos se demoran, los impactos ambientales de proyectos ya ejecutados de manera ilegal se siguen consolidando en el territorio, de la dependencia del medio ambiente no inicie o no ejerza las atribuciones que les corresponden, esos impactos ambientales ya llevan tres a\u00f1os consolid\u00e1ndose, acrecent\u00e1ndose, acumul\u00e1ndose en el territorio\u00bb.<\/p>\n<\/div><\/section><\/div><div  style='height:50px' class='hr hr-invisible   avia-builder-el-6  el_after_av_one_full  el_before_av_social_share '><span class='hr-inner ' ><span class='hr-inner-style'><\/span><\/span><\/div><\/p>\n<div  class='av-social-sharing-box  avia-builder-el-7  el_after_av_hr  el_before_av_hr  '><div class='av-share-box'><h5 class='av-share-link-description av-no-toc '>Compartir esta noticia<\/h5><ul class='av-share-box-list noLightbox'><li class='av-share-link av-social-link-facebook' ><a target=\"_blank\" aria-label=\"Compartir en Facebook\" href='https:\/\/www.facebook.com\/sharer.php?u=https:\/\/radiorevelacionfm.cl\/?p=46575&#038;t=Presidente%20de%20Codesa%20Erwin%20Sandoval%2C%20por%20humedal%20en%20Chile%20Chico%3A%20%C2%ABSi%20la%20SMA%20no%20inicia%20proceso%20sancionatorio%2C%20adem%C3%A1s%20del%20riesgo%20de%20prescripci%C3%B3n%2C%20impactos%20ambientales%20se%20siguen%20acumulando%20en%20el%20humedal%C2%BB' aria-hidden='false' data-av_icon='\ue8f3' data-av_iconfont='entypo-fontello' title='' data-avia-related-tooltip='Compartir en Facebook' rel=\"noopener\"><span class='avia_hidden_link_text'>Compartir en Facebook<\/span><\/a><\/li><li class='av-share-link av-social-link-twitter' ><a target=\"_blank\" aria-label=\"Compartir en Twitter\" href='https:\/\/twitter.com\/share?text=Presidente%20de%20Codesa%20Erwin%20Sandoval%2C%20por%20humedal%20en%20Chile%20Chico%3A%20%C2%ABSi%20la%20SMA%20no%20inicia%20proceso%20sancionatorio%2C%20adem%C3%A1s%20del%20riesgo%20de%20prescripci%C3%B3n%2C%20impactos%20ambientales%20se%20siguen%20acumulando%20en%20el%20humedal%C2%BB&#038;url=https:\/\/radiorevelacionfm.cl\/?p=46575' aria-hidden='false' data-av_icon='\ue8f1' data-av_iconfont='entypo-fontello' title='' data-avia-related-tooltip='Compartir en Twitter' rel=\"noopener\"><span class='avia_hidden_link_text'>Compartir en Twitter<\/span><\/a><\/li><li class='av-share-link av-social-link-whatsapp' ><a target=\"_blank\" aria-label=\"Compartir en Whatsapp\" href='https:\/\/api.whatsapp.com\/send?text=https:\/\/radiorevelacionfm.cl\/?p=46575' aria-hidden='false' data-av_icon='\uf232' data-av_iconfont='entypo-fontello' title='' data-avia-related-tooltip='Compartir en Whatsapp' rel=\"noopener\"><span class='avia_hidden_link_text'>Compartir en Whatsapp<\/span><\/a><\/li><li class='av-share-link av-social-link-linkedin' ><a target=\"_blank\" aria-label=\"Compartir en LinkedIn\" href='https:\/\/linkedin.com\/shareArticle?mini=true&#038;title=Presidente%20de%20Codesa%20Erwin%20Sandoval%2C%20por%20humedal%20en%20Chile%20Chico%3A%20%C2%ABSi%20la%20SMA%20no%20inicia%20proceso%20sancionatorio%2C%20adem%C3%A1s%20del%20riesgo%20de%20prescripci%C3%B3n%2C%20impactos%20ambientales%20se%20siguen%20acumulando%20en%20el%20humedal%C2%BB&#038;url=https:\/\/radiorevelacionfm.cl\/?p=46575' aria-hidden='false' data-av_icon='\ue8fc' data-av_iconfont='entypo-fontello' title='' data-avia-related-tooltip='Compartir en LinkedIn' rel=\"noopener\"><span class='avia_hidden_link_text'>Compartir en LinkedIn<\/span><\/a><\/li><li class='av-share-link av-social-link-mail' ><a  aria-label=\"Compartir por correo\" href='mailto:?subject=Presidente%20de%20Codesa%20Erwin%20Sandoval%2C%20por%20humedal%20en%20Chile%20Chico%3A%20%C2%ABSi%20la%20SMA%20no%20inicia%20proceso%20sancionatorio%2C%20adem%C3%A1s%20del%20riesgo%20de%20prescripci%C3%B3n%2C%20impactos%20ambientales%20se%20siguen%20acumulando%20en%20el%20humedal%C2%BB&#038;body=https:\/\/radiorevelacionfm.cl\/?p=46575' aria-hidden='false' data-av_icon='\ue805' data-av_iconfont='entypo-fontello' title='' data-avia-related-tooltip='Compartir por correo'><span class='avia_hidden_link_text'>Compartir por correo<\/span><\/a><\/li><\/ul><\/div><\/div>\n<div  style='height:50px' class='hr hr-invisible   avia-builder-el-8  el_after_av_social_share  el_before_av_comments_list '><span class='hr-inner ' ><span class='hr-inner-style'><\/span><\/span><\/div>\n<div  class='av-buildercomment  av-blog-meta-html-info-disabled av-blog-meta-tag-disabled  '><\/div>\n","protected":false},"excerpt":{"rendered":"","protected":false},"author":1,"featured_media":44204,"comment_status":"open","ping_status":"open","sticky":false,"template":"","format":"standard","meta":{"footnotes":""},"categories":[39],"tags":[],"class_list":["post-46575","post","type-post","status-publish","format-standard","has-post-thumbnail","hentry","category-medio-ambiente"],"jetpack_featured_media_url":"https:\/\/radiorevelacionfm.cl\/wp-content\/uploads\/2024\/07\/imagen-aerea-humedal-3-1_optimized.jpg","_links":{"self":[{"href":"https:\/\/radiorevelacionfm.cl\/index.php?rest_route=\/wp\/v2\/posts\/46575","targetHints":{"allow":["GET"]}}],"collection":[{"href":"https:\/\/radiorevelacionfm.cl\/index.php?rest_route=\/wp\/v2\/posts"}],"about":[{"href":"https:\/\/radiorevelacionfm.cl\/index.php?rest_route=\/wp\/v2\/types\/post"}],"author":[{"embeddable":true,"href":"https:\/\/radiorevelacionfm.cl\/index.php?rest_route=\/wp\/v2\/users\/1"}],"replies":[{"embeddable":true,"href":"https:\/\/radiorevelacionfm.cl\/index.php?rest_route=%2Fwp%2Fv2%2Fcomments&post=46575"}],"version-history":[{"count":1,"href":"https:\/\/radiorevelacionfm.cl\/index.php?rest_route=\/wp\/v2\/posts\/46575\/revisions"}],"predecessor-version":[{"id":46576,"href":"https:\/\/radiorevelacionfm.cl\/index.php?rest_route=\/wp\/v2\/posts\/46575\/revisions\/46576"}],"wp:featuredmedia":[{"embeddable":true,"href":"https:\/\/radiorevelacionfm.cl\/index.php?rest_route=\/wp\/v2\/media\/44204"}],"wp:attachment":[{"href":"https:\/\/radiorevelacionfm.cl\/index.php?rest_route=%2Fwp%2Fv2%2Fmedia&parent=46575"}],"wp:term":[{"taxonomy":"category","embeddable":true,"href":"https:\/\/radiorevelacionfm.cl\/index.php?rest_route=%2Fwp%2Fv2%2Fcategories&post=46575"},{"taxonomy":"post_tag","embeddable":true,"href":"https:\/\/radiorevelacionfm.cl\/index.php?rest_route=%2Fwp%2Fv2%2Ftags&post=46575"}],"curies":[{"name":"wp","href":"https:\/\/api.w.org\/{rel}","templated":true}]}}