{"id":46572,"date":"2024-09-30T10:43:51","date_gmt":"2024-09-30T13:43:51","guid":{"rendered":"https:\/\/radiorevelacionfm.cl\/?p=46572"},"modified":"2024-09-30T10:43:51","modified_gmt":"2024-09-30T13:43:51","slug":"visiones-para-aysen-debate-de-gobernadores-reunira-a-candidatos-en-puerto-aysen","status":"publish","type":"post","link":"https:\/\/radiorevelacionfm.cl\/?p=46572","title":{"rendered":"\u201cVisiones para Ays\u00e9n: Debate de Gobernadores reunir\u00e1 a candidatos en Puerto Ays\u00e9n\u201d"},"content":{"rendered":"<div class=\"flex_column av_one_full  flex_column_div av-zero-column-padding first  avia-builder-el-0  el_before_av_one_full  avia-builder-el-first  \" style='border-radius:0px; '><div  class='avia-image-container  av-styling-    avia-builder-el-1  avia-builder-el-no-sibling  avia-align-center '  itemprop=\"image\" itemscope=\"itemscope\" itemtype=\"https:\/\/schema.org\/ImageObject\"  ><div class='avia-image-container-inner'><div class='avia-image-overlay-wrap'><img decoding=\"async\" class='wp-image-46573 avia-img-lazy-loading-not-46573 avia_image' src=\"https:\/\/radiorevelacionfm.cl\/wp-content\/uploads\/2024\/09\/debate-1_optimized-1.jpeg\" alt='' title='debate-(1)_optimized (1)' height=\"1130\" width=\"799\"  itemprop=\"thumbnailUrl\" srcset=\"https:\/\/radiorevelacionfm.cl\/wp-content\/uploads\/2024\/09\/debate-1_optimized-1.jpeg 799w, https:\/\/radiorevelacionfm.cl\/wp-content\/uploads\/2024\/09\/debate-1_optimized-1-212x300.jpeg 212w, https:\/\/radiorevelacionfm.cl\/wp-content\/uploads\/2024\/09\/debate-1_optimized-1-728x1030.jpeg 728w, https:\/\/radiorevelacionfm.cl\/wp-content\/uploads\/2024\/09\/debate-1_optimized-1-768x1086.jpeg 768w, https:\/\/radiorevelacionfm.cl\/wp-content\/uploads\/2024\/09\/debate-1_optimized-1-498x705.jpeg 498w, https:\/\/radiorevelacionfm.cl\/wp-content\/uploads\/2024\/09\/debate-1_optimized-1-450x636.jpeg 450w, https:\/\/radiorevelacionfm.cl\/wp-content\/uploads\/2024\/09\/debate-1_optimized-1-600x849.jpeg 600w\" sizes=\"(max-width: 799px) 100vw, 799px\" \/><\/div><\/div><\/div><\/div><div class=\"flex_column av_one_full  flex_column_div av-zero-column-padding first  avia-builder-el-2  el_after_av_one_full  el_before_av_one_full  column-top-margin\" style='border-radius:0px; '><section class=\"av_textblock_section \"  itemscope=\"itemscope\" itemtype=\"https:\/\/schema.org\/BlogPosting\" itemprop=\"blogPost\" ><div class='avia_textblock  '   itemprop=\"text\" ><p style=\"text-align: center;\"><span style=\"font-size: 18pt;\"><strong>\u201cVisiones para Ays\u00e9n: Debate de Gobernadores reunir\u00e1 a candidatos en Puerto Ays\u00e9n\u201d<\/strong><\/span><\/p>\n<div id=\"gtx-trans\" style=\"position: absolute; left: -50px; top: 4.31534px;\">\n<div class=\"gtx-trans-icon\"><\/div>\n<\/div>\n<\/div><\/section><\/div><div class=\"flex_column av_one_full  flex_column_div av-zero-column-padding first  avia-builder-el-4  el_after_av_one_full  el_before_av_hr  column-top-margin\" style='border-radius:0px; '><section class=\"av_textblock_section \"  itemscope=\"itemscope\" itemtype=\"https:\/\/schema.org\/BlogPosting\" itemprop=\"blogPost\" ><div class='avia_textblock  '   itemprop=\"text\" ><p style=\"text-align: justify;\"><em>El pr\u00f3ximo 5 de octubre se llevar\u00e1 a cabo el debate \u201cVisiones para Ays\u00e9n: Debate de Gobernadores\u201d en el Casino de Huasos de Puerto Ays\u00e9n, donde los candidatos a gobernador\/a regional presentar\u00e1n sus propuestas sobre el desarrollo productivo y maritorio de la regi\u00f3n. Tres de los cuatro candidatos ya han confirmado su participaci\u00f3n.<\/em><\/p>\n<p style=\"text-align: justify;\">Puerto Ays\u00e9n se convertir\u00e1 en el epicentro del di\u00e1logo pol\u00edtico este s\u00e1bado 5 de octubre a las 17:00 hrs con la realizaci\u00f3n del debate \u201cVisiones para Ays\u00e9n: Debate de Gobernadores\u201d, organizado por la Asociaci\u00f3n Gremial de Prestadores de Servicios Acu\u00edcolas de Ays\u00e9n (AgrupAys\u00e9n) y la Corporaci\u00f3n de Desarrollo Productivo del Litoral de Ays\u00e9n (CorpAys\u00e9n). Este evento busca ofrecer un espacio donde los candidatos a gobernador regional presenten sus propuestas sobre el futuro productivo, econ\u00f3mico y maritorio de la regi\u00f3n.<\/p>\n<p style=\"text-align: justify;\">El debate contar\u00e1 con la participaci\u00f3n confirmada de los candidatos Andrea Mac\u00edas Palma (Partido Socialista de Chile), Jorge Patricio Abello Moll (Candidatura Independiente), y Marcelo Santana Vargas (Pacto Chile Vamos). Por su parte, la candidata Liset Noelia Quilodr\u00e1n Qui\u00f1inao (Partido Social Cristiano e Independientes &#8211; Partido Social Cristiano) no podr\u00e1 asistir debido a motivos familiares de fuerza mayor.<\/p>\n<p style=\"text-align: justify;\">La actividad tendr\u00e1 como moderadores a reconocidos periodistas locales, quienes ser\u00e1n los encargados de formular las preguntas a los candidatos: Mauricio Mu\u00f1oz de Radio Genial, Javier Toloza de Radio Santa Mar\u00eda, y Jos\u00e9 Miguel Albornoz del diario El Divisadero.<\/p>\n<p style=\"text-align: justify;\">Hern\u00e1n Rebolledo, presidente de CorpAys\u00e9n, destac\u00f3 la importancia de esta instancia: \u201cPara nosotros como corporaci\u00f3n nos es muy grato poder organizar, junto a todos los sectores productivos del litoral de Ays\u00e9n, este debate de ideas de nuestros futuros gobernadores que van a liderar el desarrollo de la regi\u00f3n por los pr\u00f3ximos cuatro a\u00f1os. Es fundamental que participen, y estamos muy agradecidos de que ya tengamos la confirmaci\u00f3n de tres de ellos. Esta instancia ser\u00e1 crucial para conocer sus ideas y tambi\u00e9n para que podamos presentar cu\u00e1les son nuestras prioridades en torno al desarrollo, esperando que las incorporen en sus planes de trabajo.\u201d<\/p>\n<p style=\"text-align: justify;\">Por su parte, Misael Ruiz, presidente de AgrupAys\u00e9n, subray\u00f3 la relevancia de la participaci\u00f3n ciudadana en este tipo de debates: \u201cEste encuentro es una oportunidad invaluable para que los candidatos nos presenten sus propuestas de desarrollo para la regi\u00f3n, en especial sobre el maritorio y los sectores productivos. Esperamos que la comunidad, tanto presencial como online, se sume a esta conversaci\u00f3n sobre el futuro de Ays\u00e9n. Es vital que todos estemos informados sobre lo que los aspirantes a la gobernaci\u00f3n proponen para los pr\u00f3ximos a\u00f1os.\u201d<\/p>\n<p style=\"text-align: justify;\">El debate ser\u00e1 transmitido en vivo a trav\u00e9s de diferentes plataformas digitales, brindando la posibilidad de participaci\u00f3n tanto a quienes asistan presencialmente como a quienes sigan el evento en l\u00ednea.<\/p>\n<p style=\"text-align: justify;\">La invitaci\u00f3n est\u00e1 abierta a toda la comunidad, organizaciones sociales y sectores productivos para que participen activamente en este importante encuentro.<\/p>\n<\/div><\/section><\/div><div  style='height:50px' class='hr hr-invisible   avia-builder-el-6  el_after_av_one_full  el_before_av_social_share '><span class='hr-inner ' ><span class='hr-inner-style'><\/span><\/span><\/div><\/p>\n<div  class='av-social-sharing-box  avia-builder-el-7  el_after_av_hr  el_before_av_hr  '><div class='av-share-box'><h5 class='av-share-link-description av-no-toc '>Compartir esta noticia<\/h5><ul class='av-share-box-list noLightbox'><li class='av-share-link av-social-link-facebook' ><a target=\"_blank\" aria-label=\"Compartir en Facebook\" href='https:\/\/www.facebook.com\/sharer.php?u=https:\/\/radiorevelacionfm.cl\/?p=46572&#038;t=%E2%80%9CVisiones%20para%20Ays%C3%A9n%3A%20Debate%20de%20Gobernadores%20reunir%C3%A1%20a%20candidatos%20en%20Puerto%20Ays%C3%A9n%E2%80%9D' aria-hidden='false' data-av_icon='\ue8f3' data-av_iconfont='entypo-fontello' title='' data-avia-related-tooltip='Compartir en Facebook' rel=\"noopener\"><span class='avia_hidden_link_text'>Compartir en Facebook<\/span><\/a><\/li><li class='av-share-link av-social-link-twitter' ><a target=\"_blank\" aria-label=\"Compartir en Twitter\" href='https:\/\/twitter.com\/share?text=%E2%80%9CVisiones%20para%20Ays%C3%A9n%3A%20Debate%20de%20Gobernadores%20reunir%C3%A1%20a%20candidatos%20en%20Puerto%20Ays%C3%A9n%E2%80%9D&#038;url=https:\/\/radiorevelacionfm.cl\/?p=46572' aria-hidden='false' data-av_icon='\ue8f1' data-av_iconfont='entypo-fontello' title='' data-avia-related-tooltip='Compartir en Twitter' rel=\"noopener\"><span class='avia_hidden_link_text'>Compartir en Twitter<\/span><\/a><\/li><li class='av-share-link av-social-link-whatsapp' ><a target=\"_blank\" aria-label=\"Compartir en Whatsapp\" href='https:\/\/api.whatsapp.com\/send?text=https:\/\/radiorevelacionfm.cl\/?p=46572' aria-hidden='false' data-av_icon='\uf232' data-av_iconfont='entypo-fontello' title='' data-avia-related-tooltip='Compartir en Whatsapp' rel=\"noopener\"><span class='avia_hidden_link_text'>Compartir en Whatsapp<\/span><\/a><\/li><li class='av-share-link av-social-link-linkedin' ><a target=\"_blank\" aria-label=\"Compartir en LinkedIn\" href='https:\/\/linkedin.com\/shareArticle?mini=true&#038;title=%E2%80%9CVisiones%20para%20Ays%C3%A9n%3A%20Debate%20de%20Gobernadores%20reunir%C3%A1%20a%20candidatos%20en%20Puerto%20Ays%C3%A9n%E2%80%9D&#038;url=https:\/\/radiorevelacionfm.cl\/?p=46572' aria-hidden='false' data-av_icon='\ue8fc' data-av_iconfont='entypo-fontello' title='' data-avia-related-tooltip='Compartir en LinkedIn' rel=\"noopener\"><span class='avia_hidden_link_text'>Compartir en LinkedIn<\/span><\/a><\/li><li class='av-share-link av-social-link-mail' ><a  aria-label=\"Compartir por correo\" href='mailto:?subject=%E2%80%9CVisiones%20para%20Ays%C3%A9n%3A%20Debate%20de%20Gobernadores%20reunir%C3%A1%20a%20candidatos%20en%20Puerto%20Ays%C3%A9n%E2%80%9D&#038;body=https:\/\/radiorevelacionfm.cl\/?p=46572' aria-hidden='false' data-av_icon='\ue805' data-av_iconfont='entypo-fontello' title='' data-avia-related-tooltip='Compartir por correo'><span class='avia_hidden_link_text'>Compartir por correo<\/span><\/a><\/li><\/ul><\/div><\/div>\n<div  style='height:50px' class='hr hr-invisible   avia-builder-el-8  el_after_av_social_share  el_before_av_comments_list '><span class='hr-inner ' ><span class='hr-inner-style'><\/span><\/span><\/div>\n<div  class='av-buildercomment  av-blog-meta-html-info-disabled av-blog-meta-tag-disabled  '><\/div>\n","protected":false},"excerpt":{"rendered":"","protected":false},"author":1,"featured_media":46573,"comment_status":"open","ping_status":"open","sticky":false,"template":"","format":"standard","meta":{"footnotes":""},"categories":[35],"tags":[],"class_list":["post-46572","post","type-post","status-publish","format-standard","has-post-thumbnail","hentry","category-politica"],"jetpack_featured_media_url":"https:\/\/radiorevelacionfm.cl\/wp-content\/uploads\/2024\/09\/debate-1_optimized-1.jpeg","_links":{"self":[{"href":"https:\/\/radiorevelacionfm.cl\/index.php?rest_route=\/wp\/v2\/posts\/46572","targetHints":{"allow":["GET"]}}],"collection":[{"href":"https:\/\/radiorevelacionfm.cl\/index.php?rest_route=\/wp\/v2\/posts"}],"about":[{"href":"https:\/\/radiorevelacionfm.cl\/index.php?rest_route=\/wp\/v2\/types\/post"}],"author":[{"embeddable":true,"href":"https:\/\/radiorevelacionfm.cl\/index.php?rest_route=\/wp\/v2\/users\/1"}],"replies":[{"embeddable":true,"href":"https:\/\/radiorevelacionfm.cl\/index.php?rest_route=%2Fwp%2Fv2%2Fcomments&post=46572"}],"version-history":[{"count":1,"href":"https:\/\/radiorevelacionfm.cl\/index.php?rest_route=\/wp\/v2\/posts\/46572\/revisions"}],"predecessor-version":[{"id":46574,"href":"https:\/\/radiorevelacionfm.cl\/index.php?rest_route=\/wp\/v2\/posts\/46572\/revisions\/46574"}],"wp:featuredmedia":[{"embeddable":true,"href":"https:\/\/radiorevelacionfm.cl\/index.php?rest_route=\/wp\/v2\/media\/46573"}],"wp:attachment":[{"href":"https:\/\/radiorevelacionfm.cl\/index.php?rest_route=%2Fwp%2Fv2%2Fmedia&parent=46572"}],"wp:term":[{"taxonomy":"category","embeddable":true,"href":"https:\/\/radiorevelacionfm.cl\/index.php?rest_route=%2Fwp%2Fv2%2Fcategories&post=46572"},{"taxonomy":"post_tag","embeddable":true,"href":"https:\/\/radiorevelacionfm.cl\/index.php?rest_route=%2Fwp%2Fv2%2Ftags&post=46572"}],"curies":[{"name":"wp","href":"https:\/\/api.w.org\/{rel}","templated":true}]}}