{"id":4657,"date":"2021-05-29T14:30:19","date_gmt":"2021-05-29T17:30:19","guid":{"rendered":"https:\/\/radiorevelacionfm.cl\/?p=4657"},"modified":"2021-05-29T14:30:19","modified_gmt":"2021-05-29T17:30:19","slug":"sandoval-por-rechazo-de-proyecto-de-integracion-social-es-una-muy-mala-senal-para-miles-de-comites-y-familias-que-estan-viviendo-una-situacion-compleja","status":"publish","type":"post","link":"https:\/\/radiorevelacionfm.cl\/?p=4657","title":{"rendered":"Sandoval por rechazo de proyecto de Integraci\u00f3n Social \u201cEs una muy mala se\u00f1al para miles de comit\u00e9s y familias que est\u00e1n viviendo una situaci\u00f3n compleja\u201d"},"content":{"rendered":"<div class=\"flex_column av_one_full  flex_column_div av-zero-column-padding first  avia-builder-el-0  el_before_av_one_full  avia-builder-el-first  \" style='border-radius:0px; '><div  class='avia-image-container  av-styling-    avia-builder-el-1  avia-builder-el-no-sibling  avia-align-center '  itemprop=\"image\" itemscope=\"itemscope\" itemtype=\"https:\/\/schema.org\/ImageObject\"  ><div class='avia-image-container-inner'><div class='avia-image-overlay-wrap'><img decoding=\"async\" class='wp-image-0 avia-img-lazy-loading-not-0 avia_image' src=\"https:\/\/radiorevelacionfm.cl\/wp-content\/uploads\/2021\/05\/lanzamiento-diAlogo-por-la-vivienda-y-ciudad2_optimized.jpg\" alt='' title=''   itemprop=\"thumbnailUrl\"  \/><\/div><\/div><\/div><\/div><div class=\"flex_column av_one_full  flex_column_div av-zero-column-padding first  avia-builder-el-2  el_after_av_one_full  el_before_av_one_full  column-top-margin\" style='border-radius:0px; '><section class=\"av_textblock_section \"  itemscope=\"itemscope\" itemtype=\"https:\/\/schema.org\/BlogPosting\" itemprop=\"blogPost\" ><div class='avia_textblock  '   itemprop=\"text\" ><p style=\"text-align: center;\"><strong><span style=\"font-size: 18pt;\">Sandoval por rechazo de proyecto de Integraci\u00f3n Social \u201cEs una muy mala se\u00f1al para miles de comit\u00e9s y familias que est\u00e1n viviendo una situaci\u00f3n compleja\u201d<\/span><\/strong><\/p>\n<div id=\"gtx-trans\" style=\"position: absolute; left: -50px; top: 4.31534px;\">\n<div class=\"gtx-trans-icon\"><\/div>\n<\/div>\n<\/div><\/section><\/div><div class=\"flex_column av_one_full  flex_column_div av-zero-column-padding first  avia-builder-el-4  el_after_av_one_full  el_before_av_hr  column-top-margin\" style='border-radius:0px; '><section class=\"av_textblock_section \"  itemscope=\"itemscope\" itemtype=\"https:\/\/schema.org\/BlogPosting\" itemprop=\"blogPost\" ><div class='avia_textblock  '   itemprop=\"text\" ><p style=\"text-align: justify;\">El parlamentario consider\u00f3 que llevar este tema al debate constitucional \u201ces un camino, en mi opini\u00f3n, irresponsable\u201d.<\/p>\n<p style=\"text-align: justify;\">\u201cConstituye una muy mala se\u00f1al para los miles de comit\u00e9s y familias que en este minuto que est\u00e1n viviendo una situaci\u00f3n compleja desde el punto de vista de la habitabilidad\u201d. As\u00ed lo se\u00f1al\u00f3 el senador David Sandoval, ante el rechazo en la comisi\u00f3n de Vivienda de la C\u00e1mara Alta, del proyecto de Integraci\u00f3n Social y Urbana.<\/p>\n<p style=\"text-align: justify;\">En ese sentido, el parlamentario dijo lamentar \u201cprofunda y sinceramente que los senadores de oposici\u00f3n de la comisi\u00f3n, hayan votado en contra de esta iniciativa que tanto necesitan las miles de familias que est\u00e1n esperando una soluci\u00f3n habitacional\u201d.<\/p>\n<p style=\"text-align: justify;\">Sandoval record\u00f3 que a nivel nacional, seg\u00fan la C\u00e1mara Chilena de la Construcci\u00f3n existen poco m\u00e1s de 700 mil familias, en condici\u00f3n de d\u00e9ficit habitacional, as\u00ed como tambi\u00e9n muchas viviendo en campamentos, por lo cual es muy importante tramitar una iniciativa de este tipo. \u201cPor eso la urgencia de tramitar una ley que permita generar un marco que se haga cargo de materias sustantivas, entre ellas, la gesti\u00f3n del suelo, un tema que en todas las regiones est\u00e1 generando un problema para el desarrollo habitacional. Radican all\u00ed al Minvu un rol m\u00e1s activo en este tema, en la coordinaci\u00f3n interministerial con Bienes Nacionales para el traspaso de tierras, combinaci\u00f3n que evidentemente habr\u00e1 que realizar con otros servicios p\u00fablicos\u201d, explic\u00f3.<\/p>\n<p style=\"text-align: justify;\">As\u00ed tambi\u00e9n, dijo que \u201cno queremos que los conjuntos habitacionales sociales terminen radic\u00e1ndose en la periferia, sin servicios esenciales\u201d, por lo cual destac\u00f3 el profundo sentido social del proyecto. \u201cLos actuales niveles de desarrollo, de pol\u00edtica en materia habitacional, hay que ponerle una inyecci\u00f3n muy fuerte. El proyecto original sufri\u00f3 modificaciones radicales, cambios que significaban una\u00a0 visi\u00f3n nueva, una estrategia donde se pon\u00eda el \u00e9nfasis en el rol de los municipios, de los comit\u00e9s y organizaciones sociales\u201d, puntualiz\u00f3.<\/p>\n<p style=\"text-align: justify;\">Por ello, critic\u00f3 los argumentos que se esgrimieron en la comisi\u00f3n, en cuanto a que esta materia debe ser debatida en el marco de la discusi\u00f3n constitucional. \u201cEs un camino, en mi opini\u00f3n, irresponsable, toda vez que esta constituci\u00f3n no va a decir el monto del subsidio ni el tama\u00f1o de un sitio que va a tener una familia, sino que va a generar un marco general\u201d, cuestion\u00f3.<\/p>\n<p style=\"text-align: justify;\">\u201cCreo que es absolutamente inadecuado haber postergado una decisi\u00f3n positiva en esta comisi\u00f3n y haber entrado en el debate en particular, porque adem\u00e1s era la votaci\u00f3n en general, donde tambi\u00e9n hubo un amplio tr\u00e1mite de discusi\u00f3n de este proyecto\u201d, concluy\u00f3.<\/p>\n<\/div><\/section><\/div><div  style='height:50px' class='hr hr-invisible   avia-builder-el-6  el_after_av_one_full  el_before_av_social_share '><span class='hr-inner ' ><span class='hr-inner-style'><\/span><\/span><\/div><\/p>\n<div  class='av-social-sharing-box  avia-builder-el-7  el_after_av_hr  el_before_av_hr  '><div class='av-share-box'><h5 class='av-share-link-description av-no-toc '>Compartir esta noticia<\/h5><ul class='av-share-box-list noLightbox'><li class='av-share-link av-social-link-facebook' ><a target=\"_blank\" aria-label=\"Compartir en Facebook\" href='https:\/\/www.facebook.com\/sharer.php?u=https:\/\/radiorevelacionfm.cl\/?p=4657&#038;t=Sandoval%20por%20rechazo%20de%20proyecto%20de%20Integraci%C3%B3n%20Social%20%E2%80%9CEs%20una%20muy%20mala%20se%C3%B1al%20para%20miles%20de%20comit%C3%A9s%20y%20familias%20que%20est%C3%A1n%20viviendo%20una%20situaci%C3%B3n%20compleja%E2%80%9D' aria-hidden='false' data-av_icon='\ue8f3' data-av_iconfont='entypo-fontello' title='' data-avia-related-tooltip='Compartir en Facebook' rel=\"noopener\"><span class='avia_hidden_link_text'>Compartir en Facebook<\/span><\/a><\/li><li class='av-share-link av-social-link-twitter' ><a target=\"_blank\" aria-label=\"Compartir en Twitter\" href='https:\/\/twitter.com\/share?text=Sandoval%20por%20rechazo%20de%20proyecto%20de%20Integraci%C3%B3n%20Social%20%E2%80%9CEs%20una%20muy%20mala%20se%C3%B1al%20para%20miles%20de%20comit%C3%A9s%20y%20familias%20que%20est%C3%A1n%20viviendo%20una%20situaci%C3%B3n%20compleja%E2%80%9D&#038;url=https:\/\/radiorevelacionfm.cl\/?p=4657' aria-hidden='false' data-av_icon='\ue8f1' data-av_iconfont='entypo-fontello' title='' data-avia-related-tooltip='Compartir en Twitter' rel=\"noopener\"><span class='avia_hidden_link_text'>Compartir en Twitter<\/span><\/a><\/li><li class='av-share-link av-social-link-whatsapp' ><a target=\"_blank\" aria-label=\"Compartir en Whatsapp\" href='https:\/\/api.whatsapp.com\/send?text=https:\/\/radiorevelacionfm.cl\/?p=4657' aria-hidden='false' data-av_icon='\uf232' data-av_iconfont='entypo-fontello' title='' data-avia-related-tooltip='Compartir en Whatsapp' rel=\"noopener\"><span class='avia_hidden_link_text'>Compartir en Whatsapp<\/span><\/a><\/li><li class='av-share-link av-social-link-linkedin' ><a target=\"_blank\" aria-label=\"Compartir en LinkedIn\" href='https:\/\/linkedin.com\/shareArticle?mini=true&#038;title=Sandoval%20por%20rechazo%20de%20proyecto%20de%20Integraci%C3%B3n%20Social%20%E2%80%9CEs%20una%20muy%20mala%20se%C3%B1al%20para%20miles%20de%20comit%C3%A9s%20y%20familias%20que%20est%C3%A1n%20viviendo%20una%20situaci%C3%B3n%20compleja%E2%80%9D&#038;url=https:\/\/radiorevelacionfm.cl\/?p=4657' aria-hidden='false' data-av_icon='\ue8fc' data-av_iconfont='entypo-fontello' title='' data-avia-related-tooltip='Compartir en LinkedIn' rel=\"noopener\"><span class='avia_hidden_link_text'>Compartir en LinkedIn<\/span><\/a><\/li><li class='av-share-link av-social-link-mail' ><a  aria-label=\"Compartir por correo\" href='mailto:?subject=Sandoval%20por%20rechazo%20de%20proyecto%20de%20Integraci%C3%B3n%20Social%20%E2%80%9CEs%20una%20muy%20mala%20se%C3%B1al%20para%20miles%20de%20comit%C3%A9s%20y%20familias%20que%20est%C3%A1n%20viviendo%20una%20situaci%C3%B3n%20compleja%E2%80%9D&#038;body=https:\/\/radiorevelacionfm.cl\/?p=4657' aria-hidden='false' data-av_icon='\ue805' data-av_iconfont='entypo-fontello' title='' data-avia-related-tooltip='Compartir por correo'><span class='avia_hidden_link_text'>Compartir por correo<\/span><\/a><\/li><\/ul><\/div><\/div>\n<div  style='height:50px' class='hr hr-invisible   avia-builder-el-8  el_after_av_social_share  el_before_av_comments_list '><span class='hr-inner ' ><span class='hr-inner-style'><\/span><\/span><\/div>\n<div  class='av-buildercomment  av-blog-meta-html-info-disabled av-blog-meta-tag-disabled  '><\/div>\n<div  style='height:50px' class='hr hr-invisible   avia-builder-el-10  el_after_av_comments_list  avia-builder-el-last '><span class='hr-inner ' ><span class='hr-inner-style'><\/span><\/span><\/div>\n","protected":false},"excerpt":{"rendered":"","protected":false},"author":1,"featured_media":0,"comment_status":"open","ping_status":"open","sticky":false,"template":"","format":"standard","meta":{"footnotes":""},"categories":[57],"tags":[],"class_list":["post-4657","post","type-post","status-publish","format-standard","hentry","category-vivienda"],"jetpack_featured_media_url":"","_links":{"self":[{"href":"https:\/\/radiorevelacionfm.cl\/index.php?rest_route=\/wp\/v2\/posts\/4657","targetHints":{"allow":["GET"]}}],"collection":[{"href":"https:\/\/radiorevelacionfm.cl\/index.php?rest_route=\/wp\/v2\/posts"}],"about":[{"href":"https:\/\/radiorevelacionfm.cl\/index.php?rest_route=\/wp\/v2\/types\/post"}],"author":[{"embeddable":true,"href":"https:\/\/radiorevelacionfm.cl\/index.php?rest_route=\/wp\/v2\/users\/1"}],"replies":[{"embeddable":true,"href":"https:\/\/radiorevelacionfm.cl\/index.php?rest_route=%2Fwp%2Fv2%2Fcomments&post=4657"}],"version-history":[{"count":1,"href":"https:\/\/radiorevelacionfm.cl\/index.php?rest_route=\/wp\/v2\/posts\/4657\/revisions"}],"predecessor-version":[{"id":4658,"href":"https:\/\/radiorevelacionfm.cl\/index.php?rest_route=\/wp\/v2\/posts\/4657\/revisions\/4658"}],"wp:attachment":[{"href":"https:\/\/radiorevelacionfm.cl\/index.php?rest_route=%2Fwp%2Fv2%2Fmedia&parent=4657"}],"wp:term":[{"taxonomy":"category","embeddable":true,"href":"https:\/\/radiorevelacionfm.cl\/index.php?rest_route=%2Fwp%2Fv2%2Fcategories&post=4657"},{"taxonomy":"post_tag","embeddable":true,"href":"https:\/\/radiorevelacionfm.cl\/index.php?rest_route=%2Fwp%2Fv2%2Ftags&post=4657"}],"curies":[{"name":"wp","href":"https:\/\/api.w.org\/{rel}","templated":true}]}}