{"id":46569,"date":"2024-09-30T09:54:15","date_gmt":"2024-09-30T12:54:15","guid":{"rendered":"https:\/\/radiorevelacionfm.cl\/?p=46569"},"modified":"2024-09-30T10:43:04","modified_gmt":"2024-09-30T13:43:04","slug":"edelaysen-y-camara-de-turismo-de-coyhaique-se-unen-en-la-campana-patagonia-ponte-las-pilas","status":"publish","type":"post","link":"https:\/\/radiorevelacionfm.cl\/?p=46569","title":{"rendered":"Edelaysen y C\u00e1mara de Turismo de Coyhaique se unen en la campa\u00f1a \u201cPatagonia ponte las pilas\u201d"},"content":{"rendered":"<div class=\"flex_column av_one_full  flex_column_div av-zero-column-padding first  avia-builder-el-0  el_before_av_one_full  avia-builder-el-first  \" style='border-radius:0px; '><div  class='avia-image-container  av-styling-    avia-builder-el-1  avia-builder-el-no-sibling  avia-align-center '  itemprop=\"image\" itemscope=\"itemscope\" itemtype=\"https:\/\/schema.org\/ImageObject\"  ><div class='avia-image-container-inner'><div class='avia-image-overlay-wrap'><img decoding=\"async\" class='wp-image-46578 avia-img-lazy-loading-not-46578 avia_image' src=\"https:\/\/radiorevelacionfm.cl\/wp-content\/uploads\/2024\/09\/461743323_1071493484976545_4759216917410813913_n-1_optimized.jpg\" alt='' title='461743323_1071493484976545_4759216917410813913_n-(1)_optimized' height=\"600\" width=\"1132\"  itemprop=\"thumbnailUrl\" srcset=\"https:\/\/radiorevelacionfm.cl\/wp-content\/uploads\/2024\/09\/461743323_1071493484976545_4759216917410813913_n-1_optimized.jpg 1132w, https:\/\/radiorevelacionfm.cl\/wp-content\/uploads\/2024\/09\/461743323_1071493484976545_4759216917410813913_n-1_optimized-300x159.jpg 300w, https:\/\/radiorevelacionfm.cl\/wp-content\/uploads\/2024\/09\/461743323_1071493484976545_4759216917410813913_n-1_optimized-1030x546.jpg 1030w, https:\/\/radiorevelacionfm.cl\/wp-content\/uploads\/2024\/09\/461743323_1071493484976545_4759216917410813913_n-1_optimized-768x407.jpg 768w, https:\/\/radiorevelacionfm.cl\/wp-content\/uploads\/2024\/09\/461743323_1071493484976545_4759216917410813913_n-1_optimized-710x375.jpg 710w, https:\/\/radiorevelacionfm.cl\/wp-content\/uploads\/2024\/09\/461743323_1071493484976545_4759216917410813913_n-1_optimized-705x374.jpg 705w, https:\/\/radiorevelacionfm.cl\/wp-content\/uploads\/2024\/09\/461743323_1071493484976545_4759216917410813913_n-1_optimized-450x239.jpg 450w, https:\/\/radiorevelacionfm.cl\/wp-content\/uploads\/2024\/09\/461743323_1071493484976545_4759216917410813913_n-1_optimized-600x318.jpg 600w\" sizes=\"(max-width: 1132px) 100vw, 1132px\" \/><\/div><\/div><\/div><\/div><div class=\"flex_column av_one_full  flex_column_div av-zero-column-padding first  avia-builder-el-2  el_after_av_one_full  el_before_av_one_full  column-top-margin\" style='border-radius:0px; '><section class=\"av_textblock_section \"  itemscope=\"itemscope\" itemtype=\"https:\/\/schema.org\/BlogPosting\" itemprop=\"blogPost\" ><div class='avia_textblock  '   itemprop=\"text\" ><p style=\"text-align: center;\"><span style=\"font-size: 18pt;\"><strong>Edelaysen y C\u00e1mara de Turismo de Coyhaique se unen en la campa\u00f1a \u201cPatagonia ponte las pilas\u201d<\/strong><\/span><\/p>\n<div id=\"gtx-trans\" style=\"position: absolute; left: -50px; top: 4.31534px;\">\n<div class=\"gtx-trans-icon\"><\/div>\n<\/div>\n<\/div><\/section><\/div><\/p>\n<div class=\"flex_column av_one_full  flex_column_div av-zero-column-padding first  avia-builder-el-4  el_after_av_one_full  el_before_av_hr  column-top-margin\" style='border-radius:0px; '><section class=\"av_textblock_section \"  itemscope=\"itemscope\" itemtype=\"https:\/\/schema.org\/BlogPosting\" itemprop=\"blogPost\" ><div class='avia_textblock  '   itemprop=\"text\" ><p style=\"text-align: justify;\"><em>La recolecci\u00f3n estar\u00e1 activa hasta el 30 de noviembre, con el transporte final de los residuos a la planta de Hidronor en Concepci\u00f3n.<\/em><\/p>\n<p style=\"text-align: justify;\">Con el objetivo de impulsar la responsabilidad con el medio ambiente y fomentar pr\u00e1cticas sustentables, Edelaysen realiz\u00f3 una nueva alianza, esta vez con la C\u00e1mara de Turismo de Coyhaique para sumarse a la una nueva edici\u00f3n de la campa\u00f1a \u201cPatagonia ponte las pilas\u201d. Esta iniciativa busca sensibilizar a la comunidad sobre la importancia de almacenar y desechar correctamente las pilas usadas, contribuyendo al cuidado del entorno natural de la Patagonia.<\/p>\n<p style=\"text-align: justify;\">Yasna Vera, ejecutiva de Edelaysen, se\u00f1al\u00f3 la importancia de esta colaboraci\u00f3n afirmando que: \u201cLa alianza con la C\u00e1mara de Turismo de Coyhaique es un gran paso en nuestro compromiso con el medio ambiente. Al sumar nuevos actores, logramos que m\u00e1s personas se involucren en esta campa\u00f1a y contribuyan a reducir el impacto ambiental de las pilas, un desecho altamente da\u00f1ino si no se gestiona correctamente\u201d.<\/p>\n<p style=\"text-align: justify;\">Cabe destacar que el lanzamiento de esta colaboraci\u00f3n se realiz\u00f3 en el Hotel Ra\u00edces de Coyhaique, donde tambi\u00e9n se habilitar\u00e1 un punto de recolecci\u00f3n de pilas para facilitar el acceso de turistas y residentes a este programa de almacenaje.<\/p>\n<p style=\"text-align: justify;\">Para ello, Cecilia Cort\u00e9s due\u00f1a del hotel y parte de la C\u00e1mara de Turismo de Coyhaique mencion\u00f3: \u201cMuy contenta de ser parte de esta campa\u00f1a la cual es completamente positiva y que va de acuerdo a nuestra filosof\u00eda de sustentabilidad y cuidado del medio ambiente. Espero que mucha gente se sume y sepa que tenemos estos recipientes para que vengan a dejar sus pilas y entregar estos contenedores llenitos\u201d.<\/p>\n<p style=\"text-align: justify;\">Por su parte, Ana Mar\u00eda Carrera, presidenta de la C\u00e1mara de Turismo en Coyhaique destac\u00f3 este hito comentando que junto al Hotel Ra\u00edces, el Huella Patag\u00f3nica Hostal y el Lodge Terra Luna que est\u00e1 ubicado en el Lago General Carrera, tendr\u00e1n tambi\u00e9n contenedores para turistas y residentes agregando qu\u00e9: \u201cVamos a seguir trabajando porque nos interesa efectivamente el poder poner m\u00e1s contenedores en otros lugares y poder rescatar las pilas, que no se vayan a un r\u00edo, o a la tierra donde es un trabajo en el que como c\u00e1mara tambi\u00e9n nos sentimos responsables y tenemos que colaborar\u201d.<\/p>\n<p style=\"text-align: justify;\">La campa\u00f1a estar\u00e1 disponible hasta el 30 de noviembre y Edelaysen se encargar\u00e1 de transportar las pilas a la planta de tratamiento de Hidronor en Concepci\u00f3n, donde recibir\u00e1n el tratamiento adecuado para su disposici\u00f3n final.<\/p>\n<p style=\"text-align: justify;\">Con esta alianza, la campa\u00f1a \u201cPatagonia ponte las pilas\u201d contin\u00faa ampliando su impacto en la regi\u00f3n de Ays\u00e9n, se espera que con la participaci\u00f3n de diversos actores, esta edici\u00f3n supere los resultados anteriores, ayudando a concientizar a\u00fan m\u00e1s sobre la importancia del almacenaje de pilas y el cuidado del entorno natural que caracteriza a la regi\u00f3n.<\/p>\n<p style=\"text-align: justify;\"><strong>\u00a0<\/strong><\/p>\n<\/div><\/section><\/div>\n<div  style='height:50px' class='hr hr-invisible   avia-builder-el-6  el_after_av_one_full  el_before_av_social_share '><span class='hr-inner ' ><span class='hr-inner-style'><\/span><\/span><\/div>\n<div  class='av-social-sharing-box  avia-builder-el-7  el_after_av_hr  el_before_av_hr  '><div class='av-share-box'><h5 class='av-share-link-description av-no-toc '>Compartir esta noticia<\/h5><ul class='av-share-box-list noLightbox'><li class='av-share-link av-social-link-facebook' ><a target=\"_blank\" aria-label=\"Compartir en Facebook\" href='https:\/\/www.facebook.com\/sharer.php?u=https:\/\/radiorevelacionfm.cl\/?p=46569&#038;t=Edelaysen%20y%20C%C3%A1mara%20de%20Turismo%20de%20Coyhaique%20se%20unen%20en%20la%20campa%C3%B1a%20%E2%80%9CPatagonia%20ponte%20las%20pilas%E2%80%9D' aria-hidden='false' data-av_icon='\ue8f3' data-av_iconfont='entypo-fontello' title='' data-avia-related-tooltip='Compartir en Facebook' rel=\"noopener\"><span class='avia_hidden_link_text'>Compartir en Facebook<\/span><\/a><\/li><li class='av-share-link av-social-link-twitter' ><a target=\"_blank\" aria-label=\"Compartir en Twitter\" href='https:\/\/twitter.com\/share?text=Edelaysen%20y%20C%C3%A1mara%20de%20Turismo%20de%20Coyhaique%20se%20unen%20en%20la%20campa%C3%B1a%20%E2%80%9CPatagonia%20ponte%20las%20pilas%E2%80%9D&#038;url=https:\/\/radiorevelacionfm.cl\/?p=46569' aria-hidden='false' data-av_icon='\ue8f1' data-av_iconfont='entypo-fontello' title='' data-avia-related-tooltip='Compartir en Twitter' rel=\"noopener\"><span class='avia_hidden_link_text'>Compartir en Twitter<\/span><\/a><\/li><li class='av-share-link av-social-link-whatsapp' ><a target=\"_blank\" aria-label=\"Compartir en Whatsapp\" href='https:\/\/api.whatsapp.com\/send?text=https:\/\/radiorevelacionfm.cl\/?p=46569' aria-hidden='false' data-av_icon='\uf232' data-av_iconfont='entypo-fontello' title='' data-avia-related-tooltip='Compartir en Whatsapp' rel=\"noopener\"><span class='avia_hidden_link_text'>Compartir en Whatsapp<\/span><\/a><\/li><li class='av-share-link av-social-link-linkedin' ><a target=\"_blank\" aria-label=\"Compartir en LinkedIn\" href='https:\/\/linkedin.com\/shareArticle?mini=true&#038;title=Edelaysen%20y%20C%C3%A1mara%20de%20Turismo%20de%20Coyhaique%20se%20unen%20en%20la%20campa%C3%B1a%20%E2%80%9CPatagonia%20ponte%20las%20pilas%E2%80%9D&#038;url=https:\/\/radiorevelacionfm.cl\/?p=46569' aria-hidden='false' data-av_icon='\ue8fc' data-av_iconfont='entypo-fontello' title='' data-avia-related-tooltip='Compartir en LinkedIn' rel=\"noopener\"><span class='avia_hidden_link_text'>Compartir en LinkedIn<\/span><\/a><\/li><li class='av-share-link av-social-link-mail' ><a  aria-label=\"Compartir por correo\" href='mailto:?subject=Edelaysen%20y%20C%C3%A1mara%20de%20Turismo%20de%20Coyhaique%20se%20unen%20en%20la%20campa%C3%B1a%20%E2%80%9CPatagonia%20ponte%20las%20pilas%E2%80%9D&#038;body=https:\/\/radiorevelacionfm.cl\/?p=46569' aria-hidden='false' data-av_icon='\ue805' data-av_iconfont='entypo-fontello' title='' data-avia-related-tooltip='Compartir por correo'><span class='avia_hidden_link_text'>Compartir por correo<\/span><\/a><\/li><\/ul><\/div><\/div>\n<div  style='height:50px' class='hr hr-invisible   avia-builder-el-8  el_after_av_social_share  el_before_av_comments_list '><span class='hr-inner ' ><span class='hr-inner-style'><\/span><\/span><\/div>\n<div  class='av-buildercomment  av-blog-meta-html-info-disabled av-blog-meta-tag-disabled  '><\/div>\n","protected":false},"excerpt":{"rendered":"","protected":false},"author":1,"featured_media":46578,"comment_status":"open","ping_status":"open","sticky":false,"template":"","format":"standard","meta":{"footnotes":""},"categories":[38],"tags":[],"class_list":["post-46569","post","type-post","status-publish","format-standard","has-post-thumbnail","hentry","category-regional"],"jetpack_featured_media_url":"https:\/\/radiorevelacionfm.cl\/wp-content\/uploads\/2024\/09\/461743323_1071493484976545_4759216917410813913_n-1_optimized.jpg","_links":{"self":[{"href":"https:\/\/radiorevelacionfm.cl\/index.php?rest_route=\/wp\/v2\/posts\/46569","targetHints":{"allow":["GET"]}}],"collection":[{"href":"https:\/\/radiorevelacionfm.cl\/index.php?rest_route=\/wp\/v2\/posts"}],"about":[{"href":"https:\/\/radiorevelacionfm.cl\/index.php?rest_route=\/wp\/v2\/types\/post"}],"author":[{"embeddable":true,"href":"https:\/\/radiorevelacionfm.cl\/index.php?rest_route=\/wp\/v2\/users\/1"}],"replies":[{"embeddable":true,"href":"https:\/\/radiorevelacionfm.cl\/index.php?rest_route=%2Fwp%2Fv2%2Fcomments&post=46569"}],"version-history":[{"count":2,"href":"https:\/\/radiorevelacionfm.cl\/index.php?rest_route=\/wp\/v2\/posts\/46569\/revisions"}],"predecessor-version":[{"id":46579,"href":"https:\/\/radiorevelacionfm.cl\/index.php?rest_route=\/wp\/v2\/posts\/46569\/revisions\/46579"}],"wp:featuredmedia":[{"embeddable":true,"href":"https:\/\/radiorevelacionfm.cl\/index.php?rest_route=\/wp\/v2\/media\/46578"}],"wp:attachment":[{"href":"https:\/\/radiorevelacionfm.cl\/index.php?rest_route=%2Fwp%2Fv2%2Fmedia&parent=46569"}],"wp:term":[{"taxonomy":"category","embeddable":true,"href":"https:\/\/radiorevelacionfm.cl\/index.php?rest_route=%2Fwp%2Fv2%2Fcategories&post=46569"},{"taxonomy":"post_tag","embeddable":true,"href":"https:\/\/radiorevelacionfm.cl\/index.php?rest_route=%2Fwp%2Fv2%2Ftags&post=46569"}],"curies":[{"name":"wp","href":"https:\/\/api.w.org\/{rel}","templated":true}]}}