{"id":46566,"date":"2024-09-30T10:35:38","date_gmt":"2024-09-30T13:35:38","guid":{"rendered":"https:\/\/radiorevelacionfm.cl\/?p=46566"},"modified":"2024-09-30T10:35:38","modified_gmt":"2024-09-30T13:35:38","slug":"seremi-de-justicia-y-ddhh-destaca-iniciativas-del-sector-ingresadas-al-plan-de-desarrollo-de-zonas-extremas","status":"publish","type":"post","link":"https:\/\/radiorevelacionfm.cl\/?p=46566","title":{"rendered":"Seremi de Justicia y DDHH destaca iniciativas del sector ingresadas al Plan de Desarrollo de Zonas Extremas"},"content":{"rendered":"<div class=\"flex_column av_one_full  flex_column_div av-zero-column-padding first  avia-builder-el-0  el_before_av_one_full  avia-builder-el-first  \" style='border-radius:0px; '><div  class='avia-image-container  av-styling-    avia-builder-el-1  avia-builder-el-no-sibling  avia-align-center '  itemprop=\"image\" itemscope=\"itemscope\" itemtype=\"https:\/\/schema.org\/ImageObject\"  ><div class='avia-image-container-inner'><div class='avia-image-overlay-wrap'><img decoding=\"async\" class='wp-image-46567 avia-img-lazy-loading-not-46567 avia_image' src=\"https:\/\/radiorevelacionfm.cl\/wp-content\/uploads\/2024\/09\/lanzamiento-pedze-1-1.jpg\" alt='' title='lanzamiento pedze (1) (1)' height=\"760\" width=\"802\"  itemprop=\"thumbnailUrl\" srcset=\"https:\/\/radiorevelacionfm.cl\/wp-content\/uploads\/2024\/09\/lanzamiento-pedze-1-1.jpg 802w, https:\/\/radiorevelacionfm.cl\/wp-content\/uploads\/2024\/09\/lanzamiento-pedze-1-1-300x284.jpg 300w, https:\/\/radiorevelacionfm.cl\/wp-content\/uploads\/2024\/09\/lanzamiento-pedze-1-1-768x728.jpg 768w, https:\/\/radiorevelacionfm.cl\/wp-content\/uploads\/2024\/09\/lanzamiento-pedze-1-1-705x668.jpg 705w, https:\/\/radiorevelacionfm.cl\/wp-content\/uploads\/2024\/09\/lanzamiento-pedze-1-1-450x426.jpg 450w, https:\/\/radiorevelacionfm.cl\/wp-content\/uploads\/2024\/09\/lanzamiento-pedze-1-1-600x569.jpg 600w\" sizes=\"(max-width: 802px) 100vw, 802px\" \/><\/div><\/div><\/div><\/div><div class=\"flex_column av_one_full  flex_column_div av-zero-column-padding first  avia-builder-el-2  el_after_av_one_full  el_before_av_one_full  column-top-margin\" style='border-radius:0px; '><section class=\"av_textblock_section \"  itemscope=\"itemscope\" itemtype=\"https:\/\/schema.org\/BlogPosting\" itemprop=\"blogPost\" ><div class='avia_textblock  '   itemprop=\"text\" ><p style=\"text-align: center;\"><span style=\"font-size: 18pt;\"><strong>Seremi de Justicia y DDHH destaca iniciativas del sector ingresadas al Plan de Desarrollo de Zonas Extremas<\/strong><\/span><\/p>\n<div id=\"gtx-trans\" style=\"position: absolute; left: -50px; top: 4.31534px;\">\n<div class=\"gtx-trans-icon\"><\/div>\n<\/div>\n<\/div><\/section><\/div><div class=\"flex_column av_one_full  flex_column_div av-zero-column-padding first  avia-builder-el-4  el_after_av_one_full  el_before_av_hr  column-top-margin\" style='border-radius:0px; '><section class=\"av_textblock_section \"  itemscope=\"itemscope\" itemtype=\"https:\/\/schema.org\/BlogPosting\" itemprop=\"blogPost\" ><div class='avia_textblock  '   itemprop=\"text\" ><p style=\"text-align: justify;\">Importantes iniciativas del sector Justicia se encuentran actualmente dentro del Plan de Desarrollo de Zonas Extremas(PEDZE) 2024-2034, el que fue lanzado recientemente por la Gobernadora Regional Andrea Mac\u00edas, instancia que busca promover el desarrollo sostenible y la equidad territorial en una de las regiones m\u00e1s aisladas del pa\u00eds, siendo una herramienta clave para reducir brechas y mejorar la calidad de vida en Ays\u00e9n.<\/p>\n<p style=\"text-align: justify;\">Dentro de una extensa cartera de iniciativas de inversi\u00f3n para las 4 provincias y las 10 comunas de la regi\u00f3n, presentadas luego de un extenso trabajo de participaci\u00f3n ciudadana a lo largo y ancho del territorio, se cuentan proyectos del Servicio de Registro Civil e Identificaci\u00f3n, del Servicio M\u00e9dico Legal y de Gendarmer\u00eda de Chile, que buscan su priorizaci\u00f3n y financiamiento en las siguientes etapas.<\/p>\n<p style=\"text-align: justify;\">Tras participar de esta actividad, el seremi de Justicia y Derechos Humanos Samuel Navarro explic\u00f3 que \u201cparticipamos del lanzamiento de la cartera de proyectos de inversi\u00f3n del plan de desarrollo de zonas extremas por parte de la gobernadora regional Andrea Mac\u00edas Palma, esto en el contexto de este plan nacional de zonas extremas que viene a instalarse en regiones como la nuestra y que fue lanzado por el gobierno del Presidente Gabriel Boric, donde se articulan y coordinan los esfuerzos desde los sectores, pero tambi\u00e9n desde el Gobierno Regional para impulsar el desarrollo y disminuir las brechas de equidad territorial entre las distintas regiones, en este sentido desde la cartera de Justicia, estamos muy contentos que hayan iniciativas tanto del Servicio M\u00e9dico Legal, del Registro Civil y de Gendarmer\u00eda de Chile, insertas en este plan y esperamos que en las siguientes etapas y procesos puedan obtener la priorizaci\u00f3n y en lo posible su concreci\u00f3n dentro de esta arquitectura del Plan de Zonas Extremas que es por 10 a\u00f1os\u201d.<\/p>\n<p style=\"text-align: justify;\">Finalmente, cabe mencionar que tras la presentaci\u00f3n de esta cartera preliminar de proyectos, \u00e9stas ser\u00e1n estudiadas, analizadas y priorizadas por el Consejo Regional de Ays\u00e9n, para luego pasar por un proceso de revisi\u00f3n administrativa por parte de la Subdere y DIPRES.<\/p>\n<\/div><\/section><\/div><div  style='height:50px' class='hr hr-invisible   avia-builder-el-6  el_after_av_one_full  el_before_av_social_share '><span class='hr-inner ' ><span class='hr-inner-style'><\/span><\/span><\/div><\/p>\n<div  class='av-social-sharing-box  avia-builder-el-7  el_after_av_hr  el_before_av_hr  '><div class='av-share-box'><h5 class='av-share-link-description av-no-toc '>Compartir esta noticia<\/h5><ul class='av-share-box-list noLightbox'><li class='av-share-link av-social-link-facebook' ><a target=\"_blank\" aria-label=\"Compartir en Facebook\" href='https:\/\/www.facebook.com\/sharer.php?u=https:\/\/radiorevelacionfm.cl\/?p=46566&#038;t=Seremi%20de%20Justicia%20y%20DDHH%20destaca%20iniciativas%20del%20sector%20ingresadas%20al%20Plan%20de%20Desarrollo%20de%20Zonas%20Extremas' aria-hidden='false' data-av_icon='\ue8f3' data-av_iconfont='entypo-fontello' title='' data-avia-related-tooltip='Compartir en Facebook' rel=\"noopener\"><span class='avia_hidden_link_text'>Compartir en Facebook<\/span><\/a><\/li><li class='av-share-link av-social-link-twitter' ><a target=\"_blank\" aria-label=\"Compartir en Twitter\" href='https:\/\/twitter.com\/share?text=Seremi%20de%20Justicia%20y%20DDHH%20destaca%20iniciativas%20del%20sector%20ingresadas%20al%20Plan%20de%20Desarrollo%20de%20Zonas%20Extremas&#038;url=https:\/\/radiorevelacionfm.cl\/?p=46566' aria-hidden='false' data-av_icon='\ue8f1' data-av_iconfont='entypo-fontello' title='' data-avia-related-tooltip='Compartir en Twitter' rel=\"noopener\"><span class='avia_hidden_link_text'>Compartir en Twitter<\/span><\/a><\/li><li class='av-share-link av-social-link-whatsapp' ><a target=\"_blank\" aria-label=\"Compartir en Whatsapp\" href='https:\/\/api.whatsapp.com\/send?text=https:\/\/radiorevelacionfm.cl\/?p=46566' aria-hidden='false' data-av_icon='\uf232' data-av_iconfont='entypo-fontello' title='' data-avia-related-tooltip='Compartir en Whatsapp' rel=\"noopener\"><span class='avia_hidden_link_text'>Compartir en Whatsapp<\/span><\/a><\/li><li class='av-share-link av-social-link-linkedin' ><a target=\"_blank\" aria-label=\"Compartir en LinkedIn\" href='https:\/\/linkedin.com\/shareArticle?mini=true&#038;title=Seremi%20de%20Justicia%20y%20DDHH%20destaca%20iniciativas%20del%20sector%20ingresadas%20al%20Plan%20de%20Desarrollo%20de%20Zonas%20Extremas&#038;url=https:\/\/radiorevelacionfm.cl\/?p=46566' aria-hidden='false' data-av_icon='\ue8fc' data-av_iconfont='entypo-fontello' title='' data-avia-related-tooltip='Compartir en LinkedIn' rel=\"noopener\"><span class='avia_hidden_link_text'>Compartir en LinkedIn<\/span><\/a><\/li><li class='av-share-link av-social-link-mail' ><a  aria-label=\"Compartir por correo\" href='mailto:?subject=Seremi%20de%20Justicia%20y%20DDHH%20destaca%20iniciativas%20del%20sector%20ingresadas%20al%20Plan%20de%20Desarrollo%20de%20Zonas%20Extremas&#038;body=https:\/\/radiorevelacionfm.cl\/?p=46566' aria-hidden='false' data-av_icon='\ue805' data-av_iconfont='entypo-fontello' title='' data-avia-related-tooltip='Compartir por correo'><span class='avia_hidden_link_text'>Compartir por correo<\/span><\/a><\/li><\/ul><\/div><\/div>\n<div  style='height:50px' class='hr hr-invisible   avia-builder-el-8  el_after_av_social_share  el_before_av_comments_list '><span class='hr-inner ' ><span class='hr-inner-style'><\/span><\/span><\/div>\n<div  class='av-buildercomment  av-blog-meta-html-info-disabled av-blog-meta-tag-disabled  '><\/div>\n","protected":false},"excerpt":{"rendered":"","protected":false},"author":1,"featured_media":46567,"comment_status":"open","ping_status":"open","sticky":false,"template":"","format":"standard","meta":{"footnotes":""},"categories":[55],"tags":[],"class_list":["post-46566","post","type-post","status-publish","format-standard","has-post-thumbnail","hentry","category-justicia"],"jetpack_featured_media_url":"https:\/\/radiorevelacionfm.cl\/wp-content\/uploads\/2024\/09\/lanzamiento-pedze-1-1.jpg","_links":{"self":[{"href":"https:\/\/radiorevelacionfm.cl\/index.php?rest_route=\/wp\/v2\/posts\/46566","targetHints":{"allow":["GET"]}}],"collection":[{"href":"https:\/\/radiorevelacionfm.cl\/index.php?rest_route=\/wp\/v2\/posts"}],"about":[{"href":"https:\/\/radiorevelacionfm.cl\/index.php?rest_route=\/wp\/v2\/types\/post"}],"author":[{"embeddable":true,"href":"https:\/\/radiorevelacionfm.cl\/index.php?rest_route=\/wp\/v2\/users\/1"}],"replies":[{"embeddable":true,"href":"https:\/\/radiorevelacionfm.cl\/index.php?rest_route=%2Fwp%2Fv2%2Fcomments&post=46566"}],"version-history":[{"count":1,"href":"https:\/\/radiorevelacionfm.cl\/index.php?rest_route=\/wp\/v2\/posts\/46566\/revisions"}],"predecessor-version":[{"id":46568,"href":"https:\/\/radiorevelacionfm.cl\/index.php?rest_route=\/wp\/v2\/posts\/46566\/revisions\/46568"}],"wp:featuredmedia":[{"embeddable":true,"href":"https:\/\/radiorevelacionfm.cl\/index.php?rest_route=\/wp\/v2\/media\/46567"}],"wp:attachment":[{"href":"https:\/\/radiorevelacionfm.cl\/index.php?rest_route=%2Fwp%2Fv2%2Fmedia&parent=46566"}],"wp:term":[{"taxonomy":"category","embeddable":true,"href":"https:\/\/radiorevelacionfm.cl\/index.php?rest_route=%2Fwp%2Fv2%2Fcategories&post=46566"},{"taxonomy":"post_tag","embeddable":true,"href":"https:\/\/radiorevelacionfm.cl\/index.php?rest_route=%2Fwp%2Fv2%2Ftags&post=46566"}],"curies":[{"name":"wp","href":"https:\/\/api.w.org\/{rel}","templated":true}]}}