{"id":46563,"date":"2024-09-29T18:04:44","date_gmt":"2024-09-29T21:04:44","guid":{"rendered":"https:\/\/radiorevelacionfm.cl\/?p=46563"},"modified":"2024-09-29T18:04:44","modified_gmt":"2024-09-29T21:04:44","slug":"un-68-de-avance-alcanza-cumplimiento-de-la-meta-del-plan-de-emergencia-habitacional-en-la-region","status":"publish","type":"post","link":"https:\/\/radiorevelacionfm.cl\/?p=46563","title":{"rendered":"Un 68 % de avance alcanza cumplimiento de la meta del Plan de Emergencia Habitacional en la regi\u00f3n"},"content":{"rendered":"<div class=\"flex_column av_one_full  flex_column_div av-zero-column-padding first  avia-builder-el-0  el_before_av_one_full  avia-builder-el-first  \" style='border-radius:0px; '><div  class='avia-image-container  av-styling-    avia-builder-el-1  avia-builder-el-no-sibling  avia-align-center '  itemprop=\"image\" itemscope=\"itemscope\" itemtype=\"https:\/\/schema.org\/ImageObject\"  ><div class='avia-image-container-inner'><div class='avia-image-overlay-wrap'><img decoding=\"async\" class='wp-image-46564 avia-img-lazy-loading-not-46564 avia_image' src=\"https:\/\/radiorevelacionfm.cl\/wp-content\/uploads\/2024\/09\/archivo-foto-panoramica-viviendas-comite-el-salto-puerto-ibanez-1_optimized-1.jpg\" alt='' title='archivo-foto-panor\u00e1mica-viviendas-comit\u00e9-el-salto-puerto-ib\u00e1\u00f1ez-(1)_optimized (1)' height=\"600\" width=\"1067\"  itemprop=\"thumbnailUrl\" srcset=\"https:\/\/radiorevelacionfm.cl\/wp-content\/uploads\/2024\/09\/archivo-foto-panoramica-viviendas-comite-el-salto-puerto-ibanez-1_optimized-1.jpg 1067w, https:\/\/radiorevelacionfm.cl\/wp-content\/uploads\/2024\/09\/archivo-foto-panoramica-viviendas-comite-el-salto-puerto-ibanez-1_optimized-1-300x169.jpg 300w, https:\/\/radiorevelacionfm.cl\/wp-content\/uploads\/2024\/09\/archivo-foto-panoramica-viviendas-comite-el-salto-puerto-ibanez-1_optimized-1-1030x579.jpg 1030w, https:\/\/radiorevelacionfm.cl\/wp-content\/uploads\/2024\/09\/archivo-foto-panoramica-viviendas-comite-el-salto-puerto-ibanez-1_optimized-1-768x432.jpg 768w, https:\/\/radiorevelacionfm.cl\/wp-content\/uploads\/2024\/09\/archivo-foto-panoramica-viviendas-comite-el-salto-puerto-ibanez-1_optimized-1-705x396.jpg 705w, https:\/\/radiorevelacionfm.cl\/wp-content\/uploads\/2024\/09\/archivo-foto-panoramica-viviendas-comite-el-salto-puerto-ibanez-1_optimized-1-450x253.jpg 450w, https:\/\/radiorevelacionfm.cl\/wp-content\/uploads\/2024\/09\/archivo-foto-panoramica-viviendas-comite-el-salto-puerto-ibanez-1_optimized-1-600x337.jpg 600w\" sizes=\"(max-width: 1067px) 100vw, 1067px\" \/><\/div><\/div><\/div><\/div><div class=\"flex_column av_one_full  flex_column_div av-zero-column-padding first  avia-builder-el-2  el_after_av_one_full  el_before_av_one_full  column-top-margin\" style='border-radius:0px; '><section class=\"av_textblock_section \"  itemscope=\"itemscope\" itemtype=\"https:\/\/schema.org\/BlogPosting\" itemprop=\"blogPost\" ><div class='avia_textblock  '   itemprop=\"text\" ><p style=\"text-align: center;\"><strong><span style=\"font-size: 18pt;\">Un 68 % de avance alcanza cumplimiento de la meta del Plan de Emergencia Habitacional en la regi\u00f3n<\/span><\/strong><\/p>\n<div id=\"gtx-trans\" style=\"position: absolute; left: -50px; top: 4.31534px;\">\n<div class=\"gtx-trans-icon\"><\/div>\n<\/div>\n<\/div><\/section><\/div><div class=\"flex_column av_one_full  flex_column_div av-zero-column-padding first  avia-builder-el-4  el_after_av_one_full  el_before_av_hr  column-top-margin\" style='border-radius:0px; '><section class=\"av_textblock_section \"  itemscope=\"itemscope\" itemtype=\"https:\/\/schema.org\/BlogPosting\" itemprop=\"blogPost\" ><div class='avia_textblock  '   itemprop=\"text\" ><p style=\"text-align: justify;\">Desde un 58 a un 68% por ciento subi\u00f3 el porcentaje de avance que presenta el cumplimiento de la meta trazada por la regi\u00f3n en el contexto del Plan de Emergencia Habitacional del Gobierno, que a nivel local se plantea el desaf\u00edo de construir m\u00e1s de mil 293 viviendas sociales durante los cuatro a\u00f1os de gesti\u00f3n del actual periodo de Gobierno.<\/p>\n<p style=\"text-align: justify;\">La cifra fue destacada por la Seremi de Vivienda, Paulina Ruz Delf\u00edn, precisando que, seg\u00fan el \u00faltimo reporte del Gobierno, correspondiente al mes de agosto de este a\u00f1o, en la regi\u00f3n llevamos 885 viviendas sociales terminadas a trav\u00e9s de los diferentes programas del Minvu, a lo que se suman 636 casas que est\u00e1n en plena ejecuci\u00f3n y otras 604 que est\u00e1n por iniciar obras.<\/p>\n<p style=\"text-align: justify;\">Justamente en ese contexto es que la Seremi Paulina Ruz confirm\u00f3 que hace algunos d\u00edas se entregaron los resultados del proceso que se desarroll\u00f3 entre julio y agosto para postular a los subsidios que entrega el programa Fondo Solidario de Elecci\u00f3n de Vivienda, donde resultaron seleccionadas 160 familias de la regi\u00f3n, las que esperaban con ansias esa buena noticia para seguir avanzando hacia la construcci\u00f3n de sus soluciones habitacionales definitivas.<\/p>\n<p style=\"text-align: justify;\">Precis\u00f3 la autoridad regional que entre los beneficiados en esta ocasi\u00f3n destacan las familias integrantes de los comit\u00e9s \u201cAmuyen 3\u201d, \u201cAhora voy por Ustedes\u201d, \u201cTesoro Austral\u201d y \u201cMirando hacia el Futuro\u201d, todos de Puerto Ays\u00e9n, quienes recibir\u00e1n m\u00e1s adelante sus certificados de subsidio y podr\u00e1n licitar y contratar las empresas que se har\u00e1n cargo de la materializaci\u00f3n de sus respectivos proyectos. \u201cPara nosotros como regi\u00f3n esto es muy significativo, ya que existe un compromiso con las familias de poder avanzar con sus proyectos habitacionales, pero adem\u00e1s de poder concretar el sue\u00f1o que ellos tienen sobre su casa propia, que es acortando los tiempos, llegando a todos los territorios. Es as\u00ed como hoy podemos decir que todas las comunas cuentan con distintos proyectos habitacionales en diversos estados, lo que adem\u00e1s nos ha permitido diversificar y entregar soluciones seg\u00fan la necesidad que ellos puedan tener. Esto implica para nosotros un desaf\u00edo y tambi\u00e9n un compromiso de que podamos cumplir la meta lo antes posible y por qu\u00e9 no, poner un piso m\u00e1s alto a\u00fan\u201d, se\u00f1al\u00f3<\/p>\n<p style=\"text-align: justify;\">Agreg\u00f3 la autoridad que esto se traduce en esfuerzos por parte de los equipos de la Seremi y del Serviu, ya que \u201ccomo Ministerio de Vivienda y Urbanismo estamos enfocados en sacar este plan adelante como una pol\u00edtica de Estado necesaria para las familias, m\u00e1s a\u00fan que con ello podemos lograr m\u00e1s trabajo y desarrollo en la regi\u00f3n\u201d, manifest\u00f3.<\/p>\n<p style=\"text-align: justify;\">Finalmente record\u00f3 la Seremi Paulina Ruz que en las pr\u00f3ximas semanas se conocer\u00e1 tambi\u00e9n el resultado de la postulaci\u00f3n que algunos comit\u00e9s realizaron en septiembre, como es el caso de Balmaceda, lo que se complementa con el \u00faltimo llamado de este a\u00f1o, siempre en el marco del programa Fondo Solidario de elecci\u00f3n de Vivienda, donde las familias reciben el apoyo para acceder a una soluci\u00f3n habitacional definitiva quedando sin ning\u00fan tipo de deuda.<\/p>\n<\/div><\/section><\/div><div  style='height:50px' class='hr hr-invisible   avia-builder-el-6  el_after_av_one_full  el_before_av_social_share '><span class='hr-inner ' ><span class='hr-inner-style'><\/span><\/span><\/div><\/p>\n<div  class='av-social-sharing-box  avia-builder-el-7  el_after_av_hr  el_before_av_hr  '><div class='av-share-box'><h5 class='av-share-link-description av-no-toc '>Compartir esta noticia<\/h5><ul class='av-share-box-list noLightbox'><li class='av-share-link av-social-link-facebook' ><a target=\"_blank\" aria-label=\"Compartir en Facebook\" href='https:\/\/www.facebook.com\/sharer.php?u=https:\/\/radiorevelacionfm.cl\/?p=46563&#038;t=Un%2068%20%25%20de%20avance%20alcanza%20cumplimiento%20de%20la%20meta%20del%20Plan%20de%20Emergencia%20Habitacional%20en%20la%20regi%C3%B3n' aria-hidden='false' data-av_icon='\ue8f3' data-av_iconfont='entypo-fontello' title='' data-avia-related-tooltip='Compartir en Facebook' rel=\"noopener\"><span class='avia_hidden_link_text'>Compartir en Facebook<\/span><\/a><\/li><li class='av-share-link av-social-link-twitter' ><a target=\"_blank\" aria-label=\"Compartir en Twitter\" href='https:\/\/twitter.com\/share?text=Un%2068%20%25%20de%20avance%20alcanza%20cumplimiento%20de%20la%20meta%20del%20Plan%20de%20Emergencia%20Habitacional%20en%20la%20regi%C3%B3n&#038;url=https:\/\/radiorevelacionfm.cl\/?p=46563' aria-hidden='false' data-av_icon='\ue8f1' data-av_iconfont='entypo-fontello' title='' data-avia-related-tooltip='Compartir en Twitter' rel=\"noopener\"><span class='avia_hidden_link_text'>Compartir en Twitter<\/span><\/a><\/li><li class='av-share-link av-social-link-whatsapp' ><a target=\"_blank\" aria-label=\"Compartir en Whatsapp\" href='https:\/\/api.whatsapp.com\/send?text=https:\/\/radiorevelacionfm.cl\/?p=46563' aria-hidden='false' data-av_icon='\uf232' data-av_iconfont='entypo-fontello' title='' data-avia-related-tooltip='Compartir en Whatsapp' rel=\"noopener\"><span class='avia_hidden_link_text'>Compartir en Whatsapp<\/span><\/a><\/li><li class='av-share-link av-social-link-linkedin' ><a target=\"_blank\" aria-label=\"Compartir en LinkedIn\" href='https:\/\/linkedin.com\/shareArticle?mini=true&#038;title=Un%2068%20%25%20de%20avance%20alcanza%20cumplimiento%20de%20la%20meta%20del%20Plan%20de%20Emergencia%20Habitacional%20en%20la%20regi%C3%B3n&#038;url=https:\/\/radiorevelacionfm.cl\/?p=46563' aria-hidden='false' data-av_icon='\ue8fc' data-av_iconfont='entypo-fontello' title='' data-avia-related-tooltip='Compartir en LinkedIn' rel=\"noopener\"><span class='avia_hidden_link_text'>Compartir en LinkedIn<\/span><\/a><\/li><li class='av-share-link av-social-link-mail' ><a  aria-label=\"Compartir por correo\" href='mailto:?subject=Un%2068%20%25%20de%20avance%20alcanza%20cumplimiento%20de%20la%20meta%20del%20Plan%20de%20Emergencia%20Habitacional%20en%20la%20regi%C3%B3n&#038;body=https:\/\/radiorevelacionfm.cl\/?p=46563' aria-hidden='false' data-av_icon='\ue805' data-av_iconfont='entypo-fontello' title='' data-avia-related-tooltip='Compartir por correo'><span class='avia_hidden_link_text'>Compartir por correo<\/span><\/a><\/li><\/ul><\/div><\/div>\n<div  style='height:50px' class='hr hr-invisible   avia-builder-el-8  el_after_av_social_share  el_before_av_comments_list '><span class='hr-inner ' ><span class='hr-inner-style'><\/span><\/span><\/div>\n<div  class='av-buildercomment  av-blog-meta-html-info-disabled av-blog-meta-tag-disabled  '><\/div>\n","protected":false},"excerpt":{"rendered":"","protected":false},"author":1,"featured_media":46564,"comment_status":"open","ping_status":"open","sticky":false,"template":"","format":"standard","meta":{"footnotes":""},"categories":[57],"tags":[],"class_list":["post-46563","post","type-post","status-publish","format-standard","has-post-thumbnail","hentry","category-vivienda"],"jetpack_featured_media_url":"https:\/\/radiorevelacionfm.cl\/wp-content\/uploads\/2024\/09\/archivo-foto-panoramica-viviendas-comite-el-salto-puerto-ibanez-1_optimized-1.jpg","_links":{"self":[{"href":"https:\/\/radiorevelacionfm.cl\/index.php?rest_route=\/wp\/v2\/posts\/46563","targetHints":{"allow":["GET"]}}],"collection":[{"href":"https:\/\/radiorevelacionfm.cl\/index.php?rest_route=\/wp\/v2\/posts"}],"about":[{"href":"https:\/\/radiorevelacionfm.cl\/index.php?rest_route=\/wp\/v2\/types\/post"}],"author":[{"embeddable":true,"href":"https:\/\/radiorevelacionfm.cl\/index.php?rest_route=\/wp\/v2\/users\/1"}],"replies":[{"embeddable":true,"href":"https:\/\/radiorevelacionfm.cl\/index.php?rest_route=%2Fwp%2Fv2%2Fcomments&post=46563"}],"version-history":[{"count":1,"href":"https:\/\/radiorevelacionfm.cl\/index.php?rest_route=\/wp\/v2\/posts\/46563\/revisions"}],"predecessor-version":[{"id":46565,"href":"https:\/\/radiorevelacionfm.cl\/index.php?rest_route=\/wp\/v2\/posts\/46563\/revisions\/46565"}],"wp:featuredmedia":[{"embeddable":true,"href":"https:\/\/radiorevelacionfm.cl\/index.php?rest_route=\/wp\/v2\/media\/46564"}],"wp:attachment":[{"href":"https:\/\/radiorevelacionfm.cl\/index.php?rest_route=%2Fwp%2Fv2%2Fmedia&parent=46563"}],"wp:term":[{"taxonomy":"category","embeddable":true,"href":"https:\/\/radiorevelacionfm.cl\/index.php?rest_route=%2Fwp%2Fv2%2Fcategories&post=46563"},{"taxonomy":"post_tag","embeddable":true,"href":"https:\/\/radiorevelacionfm.cl\/index.php?rest_route=%2Fwp%2Fv2%2Ftags&post=46563"}],"curies":[{"name":"wp","href":"https:\/\/api.w.org\/{rel}","templated":true}]}}