{"id":46560,"date":"2024-09-29T16:05:32","date_gmt":"2024-09-29T19:05:32","guid":{"rendered":"https:\/\/radiorevelacionfm.cl\/?p=46560"},"modified":"2024-09-29T16:05:32","modified_gmt":"2024-09-29T19:05:32","slug":"constatan-en-terreno-avance-del-90-por-ciento-en-mejoramiento-del-liceo-eusebio-ibar-de-la-junta","status":"publish","type":"post","link":"https:\/\/radiorevelacionfm.cl\/?p=46560","title":{"rendered":"Constatan en terreno avance del 90 por ciento en mejoramiento del Liceo Eusebio Ibar de La Junta"},"content":{"rendered":"<div class=\"flex_column av_one_full  flex_column_div av-zero-column-padding first  avia-builder-el-0  el_before_av_one_full  avia-builder-el-first  \" style='border-radius:0px; '><div  class='avia-image-container  av-styling-    avia-builder-el-1  avia-builder-el-no-sibling  avia-align-center '  itemprop=\"image\" itemscope=\"itemscope\" itemtype=\"https:\/\/schema.org\/ImageObject\"  ><div class='avia-image-container-inner'><div class='avia-image-overlay-wrap'><img decoding=\"async\" class='wp-image-46561 avia-img-lazy-loading-not-46561 avia_image' src=\"https:\/\/radiorevelacionfm.cl\/wp-content\/uploads\/2024\/09\/ventanas-y-puertas-liceo-la-junta-1_optimized.jpg\" alt='' title='ventanas-y-puertas-liceo-la-junta-(1)_optimized' height=\"600\" width=\"901\"  itemprop=\"thumbnailUrl\" srcset=\"https:\/\/radiorevelacionfm.cl\/wp-content\/uploads\/2024\/09\/ventanas-y-puertas-liceo-la-junta-1_optimized.jpg 901w, https:\/\/radiorevelacionfm.cl\/wp-content\/uploads\/2024\/09\/ventanas-y-puertas-liceo-la-junta-1_optimized-300x200.jpg 300w, https:\/\/radiorevelacionfm.cl\/wp-content\/uploads\/2024\/09\/ventanas-y-puertas-liceo-la-junta-1_optimized-768x511.jpg 768w, https:\/\/radiorevelacionfm.cl\/wp-content\/uploads\/2024\/09\/ventanas-y-puertas-liceo-la-junta-1_optimized-705x469.jpg 705w, https:\/\/radiorevelacionfm.cl\/wp-content\/uploads\/2024\/09\/ventanas-y-puertas-liceo-la-junta-1_optimized-450x300.jpg 450w, https:\/\/radiorevelacionfm.cl\/wp-content\/uploads\/2024\/09\/ventanas-y-puertas-liceo-la-junta-1_optimized-600x400.jpg 600w\" sizes=\"(max-width: 901px) 100vw, 901px\" \/><\/div><\/div><\/div><\/div><div class=\"flex_column av_one_full  flex_column_div av-zero-column-padding first  avia-builder-el-2  el_after_av_one_full  el_before_av_one_full  column-top-margin\" style='border-radius:0px; '><section class=\"av_textblock_section \"  itemscope=\"itemscope\" itemtype=\"https:\/\/schema.org\/BlogPosting\" itemprop=\"blogPost\" ><div class='avia_textblock  '   itemprop=\"text\" ><p style=\"text-align: center;\"><strong><span style=\"font-size: 18pt;\">Constatan en terreno avance del 90 por ciento en mejoramiento del Liceo Eusebio Ibar de La Junta<\/span><\/strong><\/p>\n<div id=\"gtx-trans\" style=\"position: absolute; left: -50px; top: 4.31534px;\">\n<div class=\"gtx-trans-icon\"><\/div>\n<\/div>\n<\/div><\/section><\/div><div class=\"flex_column av_one_full  flex_column_div av-zero-column-padding first  avia-builder-el-4  el_after_av_one_full  el_before_av_hr  column-top-margin\" style='border-radius:0px; '><section class=\"av_textblock_section \"  itemscope=\"itemscope\" itemtype=\"https:\/\/schema.org\/BlogPosting\" itemprop=\"blogPost\" ><div class='avia_textblock  '   itemprop=\"text\" ><p class=\"v1MsoNormal\" style=\"text-align: justify;\" align=\"center\"><em>El establecimiento es uno de los 22 planteles beneficiados con fondos de conservaci\u00f3n de infraestructura 2023 dispuestos por el Mineduc para anticipar el traspaso de colegios al SLEP\u00a0 Ays\u00e9n.<\/em><\/p>\n<p class=\"v1MsoNormal\" style=\"text-align: justify;\">Durante la jornada de trabajo en terreno realizado en La Junta, comuna de Cisnes La SEREMI de Educaci\u00f3n de Ays\u00e9n Isabel Garrido junto al Delegado Presidencial Regional Rodrigo Araya recorrieron el Liceo Eusebio Ibar Schepeler, oportunidad en que constataron el avance (89%) que presenta la obra de conservaci\u00f3n del establecimiento financiadas por el Ministerio de Educaci\u00f3n y ejecutado por la Municipalidad de Cisnes.<\/p>\n<p class=\"v1MsoNormal\" style=\"text-align: justify;\">La conservaci\u00f3n se concret\u00f3 con una inversi\u00f3n de 450 millones de pesos (Conservaci\u00f3n 2023) del\u00a0<a href=\"https:\/\/www.facebook.com\/mineduc?__cft__%5b0%5d=AZU2JC34HCyiW1CBtfNRB-heGdYprpK6OHLkGDY-ijIl7SDVQe38R5waI1qHx1R10qePel5IpBau9ZOvHiDLmvZsBe9q0sl_F6v4DgdZxtPfVcmW6fq8A4TyoG_C6OO9O25img23RPubIG1-lpxlp-oghlgQ1cv7AgZDVhFptjk_sMQ1zGoANLL18BzRgDnaTWY&amp;__tn__=-%5dK-R\" target=\"_blank\" rel=\"noopener noreferrer\">Ministerio de Educaci\u00f3n<\/a>\u00a0y consiste en la aislaci\u00f3n de muros y cielos, recambio de ventanas por ventanas DVH ( doble vidriado herm\u00e9tico), mejoramiento de cubierta, terminaciones, entre otras intervenciones.<\/p>\n<p class=\"v1MsoNormal\" style=\"text-align: justify;\">Esta obra signific\u00f3 la reconstrucci\u00f3n del ala antigua del establecimiento que presentaba deterioro en su estructura soportante y precisaba adicionalmente de un reacondicionamiento t\u00e9rmico.<\/p>\n<p class=\"v1MsoNormal\" style=\"text-align: justify;\">En conversaci\u00f3n con el director del establecimiento Jos\u00e9 Luis Soto, se recogieron positivas y significativas impresiones de la comunidad escolar ante estos cambios que est\u00e1n en marcha y que entregan mayor confort y bienestar a la comunidad escolar.<\/p>\n<p class=\"v1MsoNormal\" style=\"text-align: justify;\">\u00abPara nosotros esta obra significa calidad de educaci\u00f3n. La educaci\u00f3n no solo se compone del trabajo del cuerpo docente y de asistentes de la educaci\u00f3n, sino tambi\u00e9n de infraestructura, espacios y entorno que contribuyen y benefician la formaci\u00f3n de nuestros estudiantes y redunda en calidad educativa\u00bb.<\/p>\n<p class=\"v1MsoNormal\" style=\"text-align: justify;\">Al respecto, el delegado presidencial Rodrigo Araya destac\u00f3. \u00abCuando asumimos el Gobierno en 2022 para el Presidente Boric el desaf\u00edo de la instalaci\u00f3n de la nueva educaci\u00f3n p\u00fablico era inmenso. Este a\u00f1o logramos concretar el traspaso de los establecimientos desde las municipalidades al Servicio Local de Educaci\u00f3n P\u00fablica SLEP Ays\u00e9n y tuvimos que posponerlo un a\u00f1o para hacerlo en las mejores condiciones. A nivel nacional exist\u00eda un d\u00e9ficit en infraestructura escolar p\u00fablica y en nuestra regi\u00f3n ese d\u00e9ficit era mayor. Se realiz\u00f3 un trabajo muy intenso por parte de la SEREMI de Educaci\u00f3n para disponer recursos y lograr levantar proyectos para 22 establecimientos en nueve comunas de la regi\u00f3n. Hoy vemos con alegr\u00eda la concreci\u00f3n de estos proyectos levantados el a\u00f1o pasado. Reconocemos tambi\u00e9n el compromiso de los municipios que pese a ya no ser sostenedores educacionales igualmente este a\u00f1o siguieron comprometidos con la ejecuci\u00f3n de estas obras en sus territorios que sin duda significan un cambio notable en la calidad de los espacios en que aprenden los estudiantes\u00bb.<\/p>\n<p class=\"v1MsoNormal\" style=\"text-align: justify;\">En esa misma l\u00ednea, la SEREMI de Educaci\u00f3n Isabel Garrido record\u00f3 que el Liceo Eusebio Ibar de La Junta es uno de los 22 establecimientos de la regi\u00f3n beneficiados con recursos de la l\u00ednea de anticipaci\u00f3n al traspaso de los colegios al Servicio Local de Educaci\u00f3n P\u00fablica SLEP Ays\u00e9n.<\/p>\n<p class=\"v1MsoNormal\" style=\"text-align: justify;\">\u00abAnte ese desaf\u00edo el Ministerio de Educaci\u00f3n dispuso estos recursos in\u00e9ditos, m\u00e1s de $9 mil millones de pesos para la regi\u00f3n. Con este proyecto se le da una nueva cara a este establecimiento, mejorando su envolvente t\u00e9rmica y entregando mayor confort y bienestar a esta comunidad educativa. Como gobierno creemos que una buena infraestructura es condici\u00f3n para lograr la reactivaci\u00f3n educativa y avanzar en aprendizajes de calidad, que es nuestro objetivo principal\u00bb.<\/p>\n<\/div><\/section><\/div><div  style='height:50px' class='hr hr-invisible   avia-builder-el-6  el_after_av_one_full  el_before_av_social_share '><span class='hr-inner ' ><span class='hr-inner-style'><\/span><\/span><\/div><\/p>\n<div  class='av-social-sharing-box  avia-builder-el-7  el_after_av_hr  el_before_av_hr  '><div class='av-share-box'><h5 class='av-share-link-description av-no-toc '>Compartir esta noticia<\/h5><ul class='av-share-box-list noLightbox'><li class='av-share-link av-social-link-facebook' ><a target=\"_blank\" aria-label=\"Compartir en Facebook\" href='https:\/\/www.facebook.com\/sharer.php?u=https:\/\/radiorevelacionfm.cl\/?p=46560&#038;t=Constatan%20en%20terreno%20avance%20del%2090%20por%20ciento%20en%20mejoramiento%20del%20Liceo%20Eusebio%20Ibar%20de%20La%20Junta' aria-hidden='false' data-av_icon='\ue8f3' data-av_iconfont='entypo-fontello' title='' data-avia-related-tooltip='Compartir en Facebook' rel=\"noopener\"><span class='avia_hidden_link_text'>Compartir en Facebook<\/span><\/a><\/li><li class='av-share-link av-social-link-twitter' ><a target=\"_blank\" aria-label=\"Compartir en Twitter\" href='https:\/\/twitter.com\/share?text=Constatan%20en%20terreno%20avance%20del%2090%20por%20ciento%20en%20mejoramiento%20del%20Liceo%20Eusebio%20Ibar%20de%20La%20Junta&#038;url=https:\/\/radiorevelacionfm.cl\/?p=46560' aria-hidden='false' data-av_icon='\ue8f1' data-av_iconfont='entypo-fontello' title='' data-avia-related-tooltip='Compartir en Twitter' rel=\"noopener\"><span class='avia_hidden_link_text'>Compartir en Twitter<\/span><\/a><\/li><li class='av-share-link av-social-link-whatsapp' ><a target=\"_blank\" aria-label=\"Compartir en Whatsapp\" href='https:\/\/api.whatsapp.com\/send?text=https:\/\/radiorevelacionfm.cl\/?p=46560' aria-hidden='false' data-av_icon='\uf232' data-av_iconfont='entypo-fontello' title='' data-avia-related-tooltip='Compartir en Whatsapp' rel=\"noopener\"><span class='avia_hidden_link_text'>Compartir en Whatsapp<\/span><\/a><\/li><li class='av-share-link av-social-link-linkedin' ><a target=\"_blank\" aria-label=\"Compartir en LinkedIn\" href='https:\/\/linkedin.com\/shareArticle?mini=true&#038;title=Constatan%20en%20terreno%20avance%20del%2090%20por%20ciento%20en%20mejoramiento%20del%20Liceo%20Eusebio%20Ibar%20de%20La%20Junta&#038;url=https:\/\/radiorevelacionfm.cl\/?p=46560' aria-hidden='false' data-av_icon='\ue8fc' data-av_iconfont='entypo-fontello' title='' data-avia-related-tooltip='Compartir en LinkedIn' rel=\"noopener\"><span class='avia_hidden_link_text'>Compartir en LinkedIn<\/span><\/a><\/li><li class='av-share-link av-social-link-mail' ><a  aria-label=\"Compartir por correo\" href='mailto:?subject=Constatan%20en%20terreno%20avance%20del%2090%20por%20ciento%20en%20mejoramiento%20del%20Liceo%20Eusebio%20Ibar%20de%20La%20Junta&#038;body=https:\/\/radiorevelacionfm.cl\/?p=46560' aria-hidden='false' data-av_icon='\ue805' data-av_iconfont='entypo-fontello' title='' data-avia-related-tooltip='Compartir por correo'><span class='avia_hidden_link_text'>Compartir por correo<\/span><\/a><\/li><\/ul><\/div><\/div>\n<div  style='height:50px' class='hr hr-invisible   avia-builder-el-8  el_after_av_social_share  el_before_av_comments_list '><span class='hr-inner ' ><span class='hr-inner-style'><\/span><\/span><\/div>\n<div  class='av-buildercomment  av-blog-meta-html-info-disabled av-blog-meta-tag-disabled  '><\/div>\n","protected":false},"excerpt":{"rendered":"","protected":false},"author":1,"featured_media":46561,"comment_status":"open","ping_status":"open","sticky":false,"template":"","format":"standard","meta":{"footnotes":""},"categories":[49],"tags":[],"class_list":["post-46560","post","type-post","status-publish","format-standard","has-post-thumbnail","hentry","category-educacion"],"jetpack_featured_media_url":"https:\/\/radiorevelacionfm.cl\/wp-content\/uploads\/2024\/09\/ventanas-y-puertas-liceo-la-junta-1_optimized.jpg","_links":{"self":[{"href":"https:\/\/radiorevelacionfm.cl\/index.php?rest_route=\/wp\/v2\/posts\/46560","targetHints":{"allow":["GET"]}}],"collection":[{"href":"https:\/\/radiorevelacionfm.cl\/index.php?rest_route=\/wp\/v2\/posts"}],"about":[{"href":"https:\/\/radiorevelacionfm.cl\/index.php?rest_route=\/wp\/v2\/types\/post"}],"author":[{"embeddable":true,"href":"https:\/\/radiorevelacionfm.cl\/index.php?rest_route=\/wp\/v2\/users\/1"}],"replies":[{"embeddable":true,"href":"https:\/\/radiorevelacionfm.cl\/index.php?rest_route=%2Fwp%2Fv2%2Fcomments&post=46560"}],"version-history":[{"count":1,"href":"https:\/\/radiorevelacionfm.cl\/index.php?rest_route=\/wp\/v2\/posts\/46560\/revisions"}],"predecessor-version":[{"id":46562,"href":"https:\/\/radiorevelacionfm.cl\/index.php?rest_route=\/wp\/v2\/posts\/46560\/revisions\/46562"}],"wp:featuredmedia":[{"embeddable":true,"href":"https:\/\/radiorevelacionfm.cl\/index.php?rest_route=\/wp\/v2\/media\/46561"}],"wp:attachment":[{"href":"https:\/\/radiorevelacionfm.cl\/index.php?rest_route=%2Fwp%2Fv2%2Fmedia&parent=46560"}],"wp:term":[{"taxonomy":"category","embeddable":true,"href":"https:\/\/radiorevelacionfm.cl\/index.php?rest_route=%2Fwp%2Fv2%2Fcategories&post=46560"},{"taxonomy":"post_tag","embeddable":true,"href":"https:\/\/radiorevelacionfm.cl\/index.php?rest_route=%2Fwp%2Fv2%2Ftags&post=46560"}],"curies":[{"name":"wp","href":"https:\/\/api.w.org\/{rel}","templated":true}]}}