{"id":46557,"date":"2024-09-29T15:11:32","date_gmt":"2024-09-29T18:11:32","guid":{"rendered":"https:\/\/radiorevelacionfm.cl\/?p=46557"},"modified":"2024-09-29T15:11:32","modified_gmt":"2024-09-29T18:11:32","slug":"reconocen-a-38-estudiantes-que-obtuvieron-el-bono-logro-escolar-por-primera-vez","status":"publish","type":"post","link":"https:\/\/radiorevelacionfm.cl\/?p=46557","title":{"rendered":"Reconocen a 38 estudiantes que obtuvieron el bono logro escolar por primera vez"},"content":{"rendered":"<div class=\"flex_column av_one_full  flex_column_div av-zero-column-padding first  avia-builder-el-0  el_before_av_one_full  avia-builder-el-first  \" style='border-radius:0px; '><div  class='avia-image-container  av-styling-    avia-builder-el-1  avia-builder-el-no-sibling  avia-align-center '  itemprop=\"image\" itemscope=\"itemscope\" itemtype=\"https:\/\/schema.org\/ImageObject\"  ><div class='avia-image-container-inner'><div class='avia-image-overlay-wrap'><img decoding=\"async\" class='wp-image-46558 avia-img-lazy-loading-not-46558 avia_image' src=\"https:\/\/radiorevelacionfm.cl\/wp-content\/uploads\/2024\/09\/bono-1-2_optimized.jpeg\" alt='' title='bono-1-(2)_optimized' height=\"600\" width=\"842\"  itemprop=\"thumbnailUrl\" srcset=\"https:\/\/radiorevelacionfm.cl\/wp-content\/uploads\/2024\/09\/bono-1-2_optimized.jpeg 842w, https:\/\/radiorevelacionfm.cl\/wp-content\/uploads\/2024\/09\/bono-1-2_optimized-300x214.jpeg 300w, https:\/\/radiorevelacionfm.cl\/wp-content\/uploads\/2024\/09\/bono-1-2_optimized-768x547.jpeg 768w, https:\/\/radiorevelacionfm.cl\/wp-content\/uploads\/2024\/09\/bono-1-2_optimized-260x185.jpeg 260w, https:\/\/radiorevelacionfm.cl\/wp-content\/uploads\/2024\/09\/bono-1-2_optimized-705x502.jpeg 705w, https:\/\/radiorevelacionfm.cl\/wp-content\/uploads\/2024\/09\/bono-1-2_optimized-450x321.jpeg 450w, https:\/\/radiorevelacionfm.cl\/wp-content\/uploads\/2024\/09\/bono-1-2_optimized-600x428.jpeg 600w\" sizes=\"(max-width: 842px) 100vw, 842px\" \/><\/div><\/div><\/div><\/div><div class=\"flex_column av_one_full  flex_column_div av-zero-column-padding first  avia-builder-el-2  el_after_av_one_full  el_before_av_one_full  column-top-margin\" style='border-radius:0px; '><section class=\"av_textblock_section \"  itemscope=\"itemscope\" itemtype=\"https:\/\/schema.org\/BlogPosting\" itemprop=\"blogPost\" ><div class='avia_textblock  '   itemprop=\"text\" ><p style=\"text-align: center;\"><strong><span style=\"font-size: 18pt;\">Reconocen a 38 estudiantes que obtuvieron el bono logro escolar por primera vez<\/span><\/strong><\/p>\n<div id=\"gtx-trans\" style=\"position: absolute; left: -50px; top: 4.31534px;\">\n<div class=\"gtx-trans-icon\"><\/div>\n<\/div>\n<\/div><\/section><\/div><div class=\"flex_column av_one_full  flex_column_div av-zero-column-padding first  avia-builder-el-4  el_after_av_one_full  el_before_av_hr  column-top-margin\" style='border-radius:0px; '><section class=\"av_textblock_section \"  itemscope=\"itemscope\" itemtype=\"https:\/\/schema.org\/BlogPosting\" itemprop=\"blogPost\" ><div class='avia_textblock  '   itemprop=\"text\" ><p style=\"text-align: justify;\"><em>Con m\u00e1s de 1400 beneficiados en la regi\u00f3n de Ays\u00e9n, el Bono Logro Escolar reconoce con un incentivo monetario la superaci\u00f3n del rendimiento acad\u00e9mico de estudiantes entre 5\u00b0 b\u00e1sico y 4\u00b0 medio respecto al a\u00f1o anterior.<\/em><\/p>\n<p style=\"text-align: justify;\">Hasta Puerto Ib\u00e1\u00f1ez y Chile Chico se traslad\u00f3 la seremi de Desarrollo Social y Familia Karina Acevedo para hacer un reconocimiento a 38 estudiantes tras la obtenci\u00f3n del Bono Logro Escolar que otorga el Ministerio a ni\u00f1as, ni\u00f1os y adolescentes que se hayan superado en su rendimiento acad\u00e9mico respecto al a\u00f1o anterior.<\/p>\n<p style=\"text-align: justify;\">Este beneficio que para la regi\u00f3n de Ays\u00e9n tuvo un financiamiento 2024 de $91.037.295, se otorga una vez al a\u00f1o, en el mes de septiembre y es una transferencia directa que forma parte del Ingreso \u00c9tico Familiar, destinado a familias que pertenezcan al 30% m\u00e1s vulnerable de la poblaci\u00f3n y que tengan entre sus integrantes a personas cursando entre 5\u00b0 b\u00e1sico y 4\u00b0 medio con un monto asignado de $ 78.642 o $ 47.187 que se deposita directamente en la Cuenta Rut del tutor.<\/p>\n<p style=\"text-align: justify;\">La emoci\u00f3n no dej\u00f3 de sentirse en los diferentes establecimientos donde se hizo el reconocimiento, as\u00ed lo expres\u00f3 la Seremi de Desarrollo Social y Familia Karina Acevedo Auad \u00abEstuvimos en la Escuela Aonikenk, en la Escuela B\u00e1sica de Chile Chico y en el Liceo Luisa Rabanal Palma en compa\u00f1\u00eda del delegado Provincial Crist\u00f3bal Barcel\u00f3, para entregar en total 38 reconocimientos en la provincia. Ha sido un momento de conmoci\u00f3n, mucha emoci\u00f3n dentro de la los equipos de los establecimientos educacionales y junto con sus familias, as\u00ed que estamos muy contentos con esta pr\u00e1ctica que valoramos much\u00edsimo y felicitamos nuevamente a todos nuestros estudiantes\u00bb.<\/p>\n<p style=\"text-align: justify;\">Adicionalmente resalt\u00f3 la seremi de Desarrollo Social y Familia que \u00abEn esta oportunidad el sistema nos ha dado como beneficiados a 1492 ni\u00f1os y ni\u00f1as y adolescentes en toda la regi\u00f3n de Ays\u00e9n. Es por eso que para nosotros es s\u00faper importante poder decirles a nuestros estudiantes, usted fue beneficiado con este bono logro escolar, porque nos permite impulsar a estos j\u00f3venes que sigan avanzando y por eso les reconocemos el esfuerzo visit\u00e1ndolos en sus establecimientos\u00bb.<\/p>\n<p style=\"text-align: justify;\">Para Alejandra B\u00f3rquez apoderada de la Escuela B\u00e1sica de Chile Chico fue totalmente inesperado que su hija recibiera el bono y m\u00e1s a\u00fan que le hicieran un reconocimiento \u00abFue muy sorpresivo y bueno, es un orgullo que nuestros ni\u00f1os hayan sido reconocidos, Ellas tampoco se lo esperaban, estaban muy, muy contentas y claro, como fue repentino tambi\u00e9n las encontr\u00f3 de sorpresa porque estaban un poco t\u00edmidas, pero es hermoso este reconocimiento\u00bb.<\/p>\n<p style=\"text-align: justify;\">\u00abEl logro es de ellos y tambi\u00e9n de una\u00bb resalt\u00f3 Paula Naguelquin, mam\u00e1 de Ricardo y apoderada de la escuela Aonikenk de Puerto Ib\u00e1\u00f1ez \u00abEl profesor me conoce, sabe c\u00f3mo soy, y s\u00ed, gracias. Esto se valora mucho que venga otra persona y te diga te felicito por tu hijo, por ti, tus logros, porque tambi\u00e9n es logro de una todo el esfuerzo, \u00a1aunque se enoje mi hijo! ac\u00e1 est\u00e1 la familia, la escuela, hay hartos detr\u00e1s del logro y es muy bonito que aprecien a los ni\u00f1os en sus esfuerzos\u00bb.<\/p>\n<p style=\"text-align: justify;\">La emoci\u00f3n tambi\u00e9n fue de los equipos acad\u00e9micos, as\u00ed lo destac\u00f3 Patricia Saravia directora de la Escuela B\u00e1sica de Chile Chico \u00abFue sorpresivo, pero fue maravilloso porque que venga la seremi personalmente para hacer esta entrega que, reconoce adem\u00e1s los logros en relaci\u00f3n a s\u00ed mismos eso lo encuentro maravilloso. Adem\u00e1s, se hizo esta actividad en conjunto con familia, profesores y las autoridades que estaban presentes. Muy orgullosos los profesores jefes, porque tambi\u00e9n son parte de este avance y el equipo de convivencia que tambi\u00e9n estaba presente\u00bb, \u00abMuy bien merecido\u00bb finaliz\u00f3 Jos\u00e9 Luis Gallardo, director de la Escuela Aonikenk de Puerto Ib\u00e1\u00f1ez \u00abSon estudiantes que participan en la variedad de actividades que se desarrollan de este colegio, as\u00ed que de verdad es un premio al reconocimiento para estos estudiantes. As\u00ed que muy bien merecidos\u00bb.<\/p>\n<\/div><\/section><\/div><div  style='height:50px' class='hr hr-invisible   avia-builder-el-6  el_after_av_one_full  el_before_av_social_share '><span class='hr-inner ' ><span class='hr-inner-style'><\/span><\/span><\/div><\/p>\n<div  class='av-social-sharing-box  avia-builder-el-7  el_after_av_hr  el_before_av_hr  '><div class='av-share-box'><h5 class='av-share-link-description av-no-toc '>Compartir esta noticia<\/h5><ul class='av-share-box-list noLightbox'><li class='av-share-link av-social-link-facebook' ><a target=\"_blank\" aria-label=\"Compartir en Facebook\" href='https:\/\/www.facebook.com\/sharer.php?u=https:\/\/radiorevelacionfm.cl\/?p=46557&#038;t=Reconocen%20a%2038%20estudiantes%20que%20obtuvieron%20el%20bono%20logro%20escolar%20por%20primera%20vez' aria-hidden='false' data-av_icon='\ue8f3' data-av_iconfont='entypo-fontello' title='' data-avia-related-tooltip='Compartir en Facebook' rel=\"noopener\"><span class='avia_hidden_link_text'>Compartir en Facebook<\/span><\/a><\/li><li class='av-share-link av-social-link-twitter' ><a target=\"_blank\" aria-label=\"Compartir en Twitter\" href='https:\/\/twitter.com\/share?text=Reconocen%20a%2038%20estudiantes%20que%20obtuvieron%20el%20bono%20logro%20escolar%20por%20primera%20vez&#038;url=https:\/\/radiorevelacionfm.cl\/?p=46557' aria-hidden='false' data-av_icon='\ue8f1' data-av_iconfont='entypo-fontello' title='' data-avia-related-tooltip='Compartir en Twitter' rel=\"noopener\"><span class='avia_hidden_link_text'>Compartir en Twitter<\/span><\/a><\/li><li class='av-share-link av-social-link-whatsapp' ><a target=\"_blank\" aria-label=\"Compartir en Whatsapp\" href='https:\/\/api.whatsapp.com\/send?text=https:\/\/radiorevelacionfm.cl\/?p=46557' aria-hidden='false' data-av_icon='\uf232' data-av_iconfont='entypo-fontello' title='' data-avia-related-tooltip='Compartir en Whatsapp' rel=\"noopener\"><span class='avia_hidden_link_text'>Compartir en Whatsapp<\/span><\/a><\/li><li class='av-share-link av-social-link-linkedin' ><a target=\"_blank\" aria-label=\"Compartir en LinkedIn\" href='https:\/\/linkedin.com\/shareArticle?mini=true&#038;title=Reconocen%20a%2038%20estudiantes%20que%20obtuvieron%20el%20bono%20logro%20escolar%20por%20primera%20vez&#038;url=https:\/\/radiorevelacionfm.cl\/?p=46557' aria-hidden='false' data-av_icon='\ue8fc' data-av_iconfont='entypo-fontello' title='' data-avia-related-tooltip='Compartir en LinkedIn' rel=\"noopener\"><span class='avia_hidden_link_text'>Compartir en LinkedIn<\/span><\/a><\/li><li class='av-share-link av-social-link-mail' ><a  aria-label=\"Compartir por correo\" href='mailto:?subject=Reconocen%20a%2038%20estudiantes%20que%20obtuvieron%20el%20bono%20logro%20escolar%20por%20primera%20vez&#038;body=https:\/\/radiorevelacionfm.cl\/?p=46557' aria-hidden='false' data-av_icon='\ue805' data-av_iconfont='entypo-fontello' title='' data-avia-related-tooltip='Compartir por correo'><span class='avia_hidden_link_text'>Compartir por correo<\/span><\/a><\/li><\/ul><\/div><\/div>\n<div  style='height:50px' class='hr hr-invisible   avia-builder-el-8  el_after_av_social_share  el_before_av_comments_list '><span class='hr-inner ' ><span class='hr-inner-style'><\/span><\/span><\/div>\n<div  class='av-buildercomment  av-blog-meta-html-info-disabled av-blog-meta-tag-disabled  '><\/div>\n","protected":false},"excerpt":{"rendered":"","protected":false},"author":1,"featured_media":46558,"comment_status":"open","ping_status":"open","sticky":false,"template":"","format":"standard","meta":{"footnotes":""},"categories":[38],"tags":[],"class_list":["post-46557","post","type-post","status-publish","format-standard","has-post-thumbnail","hentry","category-regional"],"jetpack_featured_media_url":"https:\/\/radiorevelacionfm.cl\/wp-content\/uploads\/2024\/09\/bono-1-2_optimized.jpeg","_links":{"self":[{"href":"https:\/\/radiorevelacionfm.cl\/index.php?rest_route=\/wp\/v2\/posts\/46557","targetHints":{"allow":["GET"]}}],"collection":[{"href":"https:\/\/radiorevelacionfm.cl\/index.php?rest_route=\/wp\/v2\/posts"}],"about":[{"href":"https:\/\/radiorevelacionfm.cl\/index.php?rest_route=\/wp\/v2\/types\/post"}],"author":[{"embeddable":true,"href":"https:\/\/radiorevelacionfm.cl\/index.php?rest_route=\/wp\/v2\/users\/1"}],"replies":[{"embeddable":true,"href":"https:\/\/radiorevelacionfm.cl\/index.php?rest_route=%2Fwp%2Fv2%2Fcomments&post=46557"}],"version-history":[{"count":1,"href":"https:\/\/radiorevelacionfm.cl\/index.php?rest_route=\/wp\/v2\/posts\/46557\/revisions"}],"predecessor-version":[{"id":46559,"href":"https:\/\/radiorevelacionfm.cl\/index.php?rest_route=\/wp\/v2\/posts\/46557\/revisions\/46559"}],"wp:featuredmedia":[{"embeddable":true,"href":"https:\/\/radiorevelacionfm.cl\/index.php?rest_route=\/wp\/v2\/media\/46558"}],"wp:attachment":[{"href":"https:\/\/radiorevelacionfm.cl\/index.php?rest_route=%2Fwp%2Fv2%2Fmedia&parent=46557"}],"wp:term":[{"taxonomy":"category","embeddable":true,"href":"https:\/\/radiorevelacionfm.cl\/index.php?rest_route=%2Fwp%2Fv2%2Fcategories&post=46557"},{"taxonomy":"post_tag","embeddable":true,"href":"https:\/\/radiorevelacionfm.cl\/index.php?rest_route=%2Fwp%2Fv2%2Ftags&post=46557"}],"curies":[{"name":"wp","href":"https:\/\/api.w.org\/{rel}","templated":true}]}}