{"id":46554,"date":"2024-09-29T15:10:14","date_gmt":"2024-09-29T18:10:14","guid":{"rendered":"https:\/\/radiorevelacionfm.cl\/?p=46554"},"modified":"2024-09-29T15:22:57","modified_gmt":"2024-09-29T18:22:57","slug":"realizan-seminario-con-enfasis-en-los-derechos-sexuales-y-reproductivos-de-las-mujeres-a-siete-anos-de-la-entrada-en-vigencia-de-la-ley-ive","status":"publish","type":"post","link":"https:\/\/radiorevelacionfm.cl\/?p=46554","title":{"rendered":"Realizan Seminario con \u00e9nfasis en los derechos sexuales y reproductivos de las mujeres, a siete a\u00f1os de la entrada en vigencia de la Ley IVE"},"content":{"rendered":"<div class=\"flex_column av_one_full  flex_column_div av-zero-column-padding first  avia-builder-el-0  el_before_av_one_full  avia-builder-el-first  \" style='border-radius:0px; '><div  class='avia-image-container  av-styling-    avia-builder-el-1  avia-builder-el-no-sibling  avia-align-center '  itemprop=\"image\" itemscope=\"itemscope\" itemtype=\"https:\/\/schema.org\/ImageObject\"  ><div class='avia-image-container-inner'><div class='avia-image-overlay-wrap'><img decoding=\"async\" class='wp-image-46555 avia-img-lazy-loading-not-46555 avia_image' src=\"https:\/\/radiorevelacionfm.cl\/wp-content\/uploads\/2024\/09\/WhatsApp-Image-2024-09-27-at-10.06.40-3-1-1.jpeg\" alt='' title='WhatsApp Image 2024-09-27 at 10.06.40 (3) (1) (1)' height=\"600\" width=\"800\"  itemprop=\"thumbnailUrl\" srcset=\"https:\/\/radiorevelacionfm.cl\/wp-content\/uploads\/2024\/09\/WhatsApp-Image-2024-09-27-at-10.06.40-3-1-1.jpeg 800w, https:\/\/radiorevelacionfm.cl\/wp-content\/uploads\/2024\/09\/WhatsApp-Image-2024-09-27-at-10.06.40-3-1-1-300x225.jpeg 300w, https:\/\/radiorevelacionfm.cl\/wp-content\/uploads\/2024\/09\/WhatsApp-Image-2024-09-27-at-10.06.40-3-1-1-768x576.jpeg 768w, https:\/\/radiorevelacionfm.cl\/wp-content\/uploads\/2024\/09\/WhatsApp-Image-2024-09-27-at-10.06.40-3-1-1-705x529.jpeg 705w, https:\/\/radiorevelacionfm.cl\/wp-content\/uploads\/2024\/09\/WhatsApp-Image-2024-09-27-at-10.06.40-3-1-1-450x338.jpeg 450w, https:\/\/radiorevelacionfm.cl\/wp-content\/uploads\/2024\/09\/WhatsApp-Image-2024-09-27-at-10.06.40-3-1-1-600x450.jpeg 600w\" sizes=\"(max-width: 800px) 100vw, 800px\" \/><\/div><\/div><\/div><\/div><div class=\"flex_column av_one_full  flex_column_div av-zero-column-padding first  avia-builder-el-2  el_after_av_one_full  el_before_av_one_full  column-top-margin\" style='border-radius:0px; '><section class=\"av_textblock_section \"  itemscope=\"itemscope\" itemtype=\"https:\/\/schema.org\/BlogPosting\" itemprop=\"blogPost\" ><div class='avia_textblock  '   itemprop=\"text\" ><p style=\"text-align: center;\"><span style=\"font-size: 18pt;\"><strong>Realizan Seminario con \u00e9nfasis en los derechos sexuales y reproductivos de las mujeres, a siete a\u00f1os de la entrada en vigencia de la Ley IVE<\/strong><\/span><\/p>\n<div id=\"gtx-trans\" style=\"position: absolute; left: -50px; top: 4.31534px;\">\n<div class=\"gtx-trans-icon\"><\/div>\n<\/div>\n<\/div><\/section><\/div><div class=\"flex_column av_one_full  flex_column_div av-zero-column-padding first  avia-builder-el-4  el_after_av_one_full  el_before_av_hr  column-top-margin\" style='border-radius:0px; '><section class=\"av_textblock_section \"  itemscope=\"itemscope\" itemtype=\"https:\/\/schema.org\/BlogPosting\" itemprop=\"blogPost\" ><div class='avia_textblock  '   itemprop=\"text\" ><p style=\"text-align: justify;\"><em>En el marco del aniversario de los siete a\u00f1os de la promulgaci\u00f3n de la Ley de Interrupci\u00f3n voluntaria del embarazo, se llev\u00f3 a cabo este primer Seminario enfocado a relevar los avances y desaf\u00edos de la Ley para la regi\u00f3n de Ays\u00e9n.<\/em><\/p>\n<p style=\"text-align: justify;\">Una instancia que permiti\u00f3 acercar la aspectos legales, hist\u00f3ricos, m\u00e9dicos y sanitarios desde la implementaci\u00f3n de la Ley; en la cual participaron: funcionarios y funcionarias de la red asistencial de salud de Coyhaique, funcionarios y funcionarias p\u00fablicas de la cartera de g\u00e9nero, y estudiantes de las carreras de psicolog\u00eda, obstetricia y enfermer\u00eda de la Universidad de Ays\u00e9n.<\/p>\n<p style=\"text-align: justify;\">\u201cPara el Ministerio de la Mujer y la Equidad de G\u00e9nero esta Ley es muy relevante, dado que est\u00e1 abocada en atender una parte importante de la autonom\u00eda de las mujeres, la cual \u00a0tiene directamente relaci\u00f3n con los derechos sexuales y reproductivos. Nos interesa mucho que todos los funcionarios y funcionarias p\u00fablicas, tanto de las redes asistenciales como de la cartera de g\u00e9nero y estudiantes universitarios\/as presentes, conozcan el funcionamiento de esta Ley en la pr\u00e1ctica, con el sentido de que en conjunto podamos\u00a0 entregar un buen servicio a las mujeres que puedan necesitar apoyo en alguna de\u00a0 las tres causales que contempla esta Ley\u201d, indic\u00f3 Lenka Gatica Sandoval, Seremi (S) de la Mujer y la Equidad de G\u00e9nero, regi\u00f3n de Ays\u00e9n.<\/p>\n<p style=\"text-align: justify;\">Temas como: \u201cEl aborto en Chile y el camino hacia la despenalizaci\u00f3n\u201d, \u201cNorma T\u00e9cnica y Fiscalizaci\u00f3n\u201d, \u201cMarco operativo de la aplicaci\u00f3n de las tres causales\u201d,\u00a0 y la presentaci\u00f3n del \u201dPrograma de acompa\u00f1amiento y atenci\u00f3n Integral Ley IVE del Hospital Regional de Coyhaique\u201d, fueron parte de los temas abordados durante la jornada, que cont\u00f3 con especialistas en la materia, como: la Fiscal adjunta de Cochrane, Estefan\u00eda Leiva; Nayaret Oyarz\u00fan, Encargada de Programa Salud Sexual y Ley IVE;\u00a0 Katherine S\u00e1ez, Enfermera- Encargada Profesiones M\u00e9dicas del Departamento de Acci\u00f3n Sanitaria; Carmen Luz Feris Referente t\u00e9cnica Ley IVE y Programa Derechos Sexuales y Reproductivos, la Dra. Katia Astudillo Astudillo, M\u00e9dica Gineco Obstetra Ley IVE, adem\u00e1s del\u00a0 equipo sicosocial Ley IVE del Hospital Regional de Coyhaique, todas, profesionales con una vasta experiencia en la tem\u00e1tica, lo que permiti\u00f3 acercar la informaci\u00f3n de una manera amena y de f\u00e1cil comprensi\u00f3n para los y las participantes.<\/p>\n<p style=\"text-align: justify;\">Cabe destacar que La Ley de Interrupci\u00f3n Voluntaria del Embarazo, IVE, promulgada en el a\u00f1o 2017 por la expresidenta Michelle Bachelet, es un avance fundamental en materia de derechos sexuales y reproductivos de las mujeres, especialmente aquellas que se encuentran en situaciones extremas y que deben hacer uso de la Ley.<\/p>\n<p style=\"text-align: justify;\">En este contexto, la Seremi de la Salud, Carmen Gloria Monsalve, indic\u00f3: \u201cEsta Ley lo que hace en concreto, es rescatar ese derecho que tenemos las mujeres de decidir respecto de nuestra salud sexual y reproductiva, pero adem\u00e1s en ese proceso tan doloroso que contempla las tres causales como son: el riesgo de muerte de la madre, la inviabilidad fetal,\u00a0 o el embarazo por causa de violaci\u00f3n. En estos tres contextos,\u00a0 la Ley nos permite decidir si efectivamente, cumpliendo esas condiciones, definidas en la normativa, las mujeres puedan \u00a0a la interrupci\u00f3n voluntaria del embarazo. Esto es un avance significativo en los derechos fundamentales de las mujeres\u201d, sostuvo.<\/p>\n<p style=\"text-align: justify;\">En cuanto a los datos regionales, desde el a\u00f1o 2017 hasta junio del 2024, 35 mujeres han accedido a evaluaci\u00f3n de sus situaci\u00f3n en el contexto de la Ley, de las cuales 24 han accedido a interrupci\u00f3n voluntaria del embarazo, encabezando las cifras, \u00a0la causal de riesgo de muerte de la madre. Adem\u00e1s en el a\u00f1o 2023, comenz\u00f3 a operar el Manual de Fiscalizaci\u00f3n de esta Ley,\u00a0 a cargo de la Seremi de Salud, desde su rol de \u00a0autoridad sanitaria, instrumento que ha permitido fiscalizar y resguardar los procedimientos que est\u00e1n establecidos en la normativa.<\/p>\n<p style=\"text-align: justify;\">Finalmente, \u00a0y sobre la evaluaci\u00f3n e implementaci\u00f3n de la Ley, el Seremi de Gobierno (S) Tom\u00e1s Laibe S\u00e1ez, se\u00f1al\u00f3: \u201cEsta es una Ley que se demor\u00f3 casi treinta a\u00f1os en ser promulgada y\u00a0 siete a\u00f1os para que pueda entrar en vigencia, de manera que ya es el momento de hacer las evaluaciones correspondientes de c\u00f3mo se est\u00e1 implementando y ha sido su acceso. En este sentido, a \u00a0siete a\u00f1os pareciera ser importante que se puedan hacer esos cambios que permitan fortalecer la Ley. Es por esto, que nuestro Gobierno ha impulsado un cambio en el reglamento, que va a permitir que este derecho de las mujeres pueda ser efectivamente garantizado. Y esto es lo que precisamente como gobierno nos constituye,\u00a0 que es que el derecho de las mujeres debe ser garantizado en todos sus aspectos, desde el combate que se\u00a0 hace a la violencia a trav\u00e9s de la Seremi de la Mujer y Equidad de G\u00e9nero con todas sus instituciones, hasta el el acceso a la salud y el fortalecimiento de de los servicios de salud\u201d, puntualiz\u00f3.<\/p>\n<p style=\"text-align: justify;\">Cabe destacar que sin duda, esta primera jornada de di\u00e1logo encabezada por las instituciones de Salud y G\u00e9nero de la regi\u00f3n de Ays\u00e9n, buscan a trav\u00e9s del di\u00e1logo, la articulaci\u00f3n intersectorial y el conocimiento de la legislatura, avanzar en la seguridad que merecen las mujeres del pa\u00eds, y que \u00e9stas puedan acceder a informaci\u00f3n que les permita decidir respecto de sus proyectos y planificaci\u00f3n de su vida.<\/p>\n<\/div><\/section><\/div><div  style='height:50px' class='hr hr-invisible   avia-builder-el-6  el_after_av_one_full  el_before_av_social_share '><span class='hr-inner ' ><span class='hr-inner-style'><\/span><\/span><\/div><\/p>\n<div  class='av-social-sharing-box  avia-builder-el-7  el_after_av_hr  el_before_av_hr  '><div class='av-share-box'><h5 class='av-share-link-description av-no-toc '>Compartir esta noticia<\/h5><ul class='av-share-box-list noLightbox'><li class='av-share-link av-social-link-facebook' ><a target=\"_blank\" aria-label=\"Compartir en Facebook\" href='https:\/\/www.facebook.com\/sharer.php?u=https:\/\/radiorevelacionfm.cl\/?p=46554&#038;t=Realizan%20Seminario%20con%20%C3%A9nfasis%20en%20los%20derechos%20sexuales%20y%20reproductivos%20de%20las%20mujeres%2C%20a%20siete%20a%C3%B1os%20de%20la%20entrada%20en%20vigencia%20de%20la%20Ley%20IVE' aria-hidden='false' data-av_icon='\ue8f3' data-av_iconfont='entypo-fontello' title='' data-avia-related-tooltip='Compartir en Facebook' rel=\"noopener\"><span class='avia_hidden_link_text'>Compartir en Facebook<\/span><\/a><\/li><li class='av-share-link av-social-link-twitter' ><a target=\"_blank\" aria-label=\"Compartir en Twitter\" href='https:\/\/twitter.com\/share?text=Realizan%20Seminario%20con%20%C3%A9nfasis%20en%20los%20derechos%20sexuales%20y%20reproductivos%20de%20las%20mujeres%2C%20a%20siete%20a%C3%B1os%20de%20la%20entrada%20en%20vigencia%20de%20la%20Ley%20IVE&#038;url=https:\/\/radiorevelacionfm.cl\/?p=46554' aria-hidden='false' data-av_icon='\ue8f1' data-av_iconfont='entypo-fontello' title='' data-avia-related-tooltip='Compartir en Twitter' rel=\"noopener\"><span class='avia_hidden_link_text'>Compartir en Twitter<\/span><\/a><\/li><li class='av-share-link av-social-link-whatsapp' ><a target=\"_blank\" aria-label=\"Compartir en Whatsapp\" href='https:\/\/api.whatsapp.com\/send?text=https:\/\/radiorevelacionfm.cl\/?p=46554' aria-hidden='false' data-av_icon='\uf232' data-av_iconfont='entypo-fontello' title='' data-avia-related-tooltip='Compartir en Whatsapp' rel=\"noopener\"><span class='avia_hidden_link_text'>Compartir en Whatsapp<\/span><\/a><\/li><li class='av-share-link av-social-link-linkedin' ><a target=\"_blank\" aria-label=\"Compartir en LinkedIn\" href='https:\/\/linkedin.com\/shareArticle?mini=true&#038;title=Realizan%20Seminario%20con%20%C3%A9nfasis%20en%20los%20derechos%20sexuales%20y%20reproductivos%20de%20las%20mujeres%2C%20a%20siete%20a%C3%B1os%20de%20la%20entrada%20en%20vigencia%20de%20la%20Ley%20IVE&#038;url=https:\/\/radiorevelacionfm.cl\/?p=46554' aria-hidden='false' data-av_icon='\ue8fc' data-av_iconfont='entypo-fontello' title='' data-avia-related-tooltip='Compartir en LinkedIn' rel=\"noopener\"><span class='avia_hidden_link_text'>Compartir en LinkedIn<\/span><\/a><\/li><li class='av-share-link av-social-link-mail' ><a  aria-label=\"Compartir por correo\" href='mailto:?subject=Realizan%20Seminario%20con%20%C3%A9nfasis%20en%20los%20derechos%20sexuales%20y%20reproductivos%20de%20las%20mujeres%2C%20a%20siete%20a%C3%B1os%20de%20la%20entrada%20en%20vigencia%20de%20la%20Ley%20IVE&#038;body=https:\/\/radiorevelacionfm.cl\/?p=46554' aria-hidden='false' data-av_icon='\ue805' data-av_iconfont='entypo-fontello' title='' data-avia-related-tooltip='Compartir por correo'><span class='avia_hidden_link_text'>Compartir por correo<\/span><\/a><\/li><\/ul><\/div><\/div>\n<div  style='height:50px' class='hr hr-invisible   avia-builder-el-8  el_after_av_social_share  el_before_av_comments_list '><span class='hr-inner ' ><span class='hr-inner-style'><\/span><\/span><\/div>\n<div  class='av-buildercomment  av-blog-meta-html-info-disabled av-blog-meta-tag-disabled  '><\/div>\n","protected":false},"excerpt":{"rendered":"","protected":false},"author":1,"featured_media":46555,"comment_status":"open","ping_status":"open","sticky":false,"template":"","format":"standard","meta":{"footnotes":""},"categories":[38],"tags":[],"class_list":["post-46554","post","type-post","status-publish","format-standard","has-post-thumbnail","hentry","category-regional"],"jetpack_featured_media_url":"https:\/\/radiorevelacionfm.cl\/wp-content\/uploads\/2024\/09\/WhatsApp-Image-2024-09-27-at-10.06.40-3-1-1.jpeg","_links":{"self":[{"href":"https:\/\/radiorevelacionfm.cl\/index.php?rest_route=\/wp\/v2\/posts\/46554","targetHints":{"allow":["GET"]}}],"collection":[{"href":"https:\/\/radiorevelacionfm.cl\/index.php?rest_route=\/wp\/v2\/posts"}],"about":[{"href":"https:\/\/radiorevelacionfm.cl\/index.php?rest_route=\/wp\/v2\/types\/post"}],"author":[{"embeddable":true,"href":"https:\/\/radiorevelacionfm.cl\/index.php?rest_route=\/wp\/v2\/users\/1"}],"replies":[{"embeddable":true,"href":"https:\/\/radiorevelacionfm.cl\/index.php?rest_route=%2Fwp%2Fv2%2Fcomments&post=46554"}],"version-history":[{"count":1,"href":"https:\/\/radiorevelacionfm.cl\/index.php?rest_route=\/wp\/v2\/posts\/46554\/revisions"}],"predecessor-version":[{"id":46556,"href":"https:\/\/radiorevelacionfm.cl\/index.php?rest_route=\/wp\/v2\/posts\/46554\/revisions\/46556"}],"wp:featuredmedia":[{"embeddable":true,"href":"https:\/\/radiorevelacionfm.cl\/index.php?rest_route=\/wp\/v2\/media\/46555"}],"wp:attachment":[{"href":"https:\/\/radiorevelacionfm.cl\/index.php?rest_route=%2Fwp%2Fv2%2Fmedia&parent=46554"}],"wp:term":[{"taxonomy":"category","embeddable":true,"href":"https:\/\/radiorevelacionfm.cl\/index.php?rest_route=%2Fwp%2Fv2%2Fcategories&post=46554"},{"taxonomy":"post_tag","embeddable":true,"href":"https:\/\/radiorevelacionfm.cl\/index.php?rest_route=%2Fwp%2Fv2%2Ftags&post=46554"}],"curies":[{"name":"wp","href":"https:\/\/api.w.org\/{rel}","templated":true}]}}