{"id":46549,"date":"2024-10-01T09:49:07","date_gmt":"2024-10-01T12:49:07","guid":{"rendered":"https:\/\/radiorevelacionfm.cl\/?p=46549"},"modified":"2024-10-01T10:09:52","modified_gmt":"2024-10-01T13:09:52","slug":"eclipse-solar-2024-octubre-comienza-con-eclipse-solar-anular-que-sera-visible-en-cochrane","status":"publish","type":"post","link":"https:\/\/radiorevelacionfm.cl\/?p=46549","title":{"rendered":"Eclipse Solar 2024: Octubre comienza con eclipse solar anular que ser\u00e1 mayormente visible en Cochrane"},"content":{"rendered":"<div class=\"flex_column av_one_full  flex_column_div av-zero-column-padding first  avia-builder-el-0  el_before_av_one_full  avia-builder-el-first  \" style='border-radius:0px; '><div  class='avia-image-container  av-styling-    avia-builder-el-1  avia-builder-el-no-sibling  avia-align-center '  itemprop=\"image\" itemscope=\"itemscope\" itemtype=\"https:\/\/schema.org\/ImageObject\"  ><div class='avia-image-container-inner'><div class='avia-image-overlay-wrap'><img decoding=\"async\" class='wp-image-46550 avia-img-lazy-loading-not-46550 avia_image' src=\"https:\/\/radiorevelacionfm.cl\/wp-content\/uploads\/2024\/09\/Eclipse-Solar-Anular-1-1.jpg\" alt='' title='Eclipse Solar Anular (1) (1)' height=\"600\" width=\"800\"  itemprop=\"thumbnailUrl\" srcset=\"https:\/\/radiorevelacionfm.cl\/wp-content\/uploads\/2024\/09\/Eclipse-Solar-Anular-1-1.jpg 800w, https:\/\/radiorevelacionfm.cl\/wp-content\/uploads\/2024\/09\/Eclipse-Solar-Anular-1-1-300x225.jpg 300w, https:\/\/radiorevelacionfm.cl\/wp-content\/uploads\/2024\/09\/Eclipse-Solar-Anular-1-1-768x576.jpg 768w, https:\/\/radiorevelacionfm.cl\/wp-content\/uploads\/2024\/09\/Eclipse-Solar-Anular-1-1-705x529.jpg 705w, https:\/\/radiorevelacionfm.cl\/wp-content\/uploads\/2024\/09\/Eclipse-Solar-Anular-1-1-450x338.jpg 450w, https:\/\/radiorevelacionfm.cl\/wp-content\/uploads\/2024\/09\/Eclipse-Solar-Anular-1-1-600x450.jpg 600w\" sizes=\"(max-width: 800px) 100vw, 800px\" \/><\/div><\/div><\/div><\/div>\n<div class=\"flex_column av_one_full  flex_column_div av-zero-column-padding first  avia-builder-el-2  el_after_av_one_full  el_before_av_one_full  column-top-margin\" style='border-radius:0px; '><section class=\"av_textblock_section \"  itemscope=\"itemscope\" itemtype=\"https:\/\/schema.org\/BlogPosting\" itemprop=\"blogPost\" ><div class='avia_textblock  '   itemprop=\"text\" ><p style=\"text-align: center;\"><strong><span style=\"font-size: 18pt;\">Eclipse Solar 2024: Octubre comienza con eclipse solar anular que ser\u00e1 mayormente visible en Cochrane<\/span><\/strong><\/p>\n<div id=\"gtx-trans\" style=\"position: absolute; left: -50px; top: 4.31534px;\">\n<div class=\"gtx-trans-icon\"><\/div>\n<\/div>\n<\/div><\/section><\/div><div class=\"flex_column av_one_full  flex_column_div av-zero-column-padding first  avia-builder-el-4  el_after_av_one_full  el_before_av_hr  column-top-margin\" style='border-radius:0px; '><section class=\"av_textblock_section \"  itemscope=\"itemscope\" itemtype=\"https:\/\/schema.org\/BlogPosting\" itemprop=\"blogPost\" ><div class='avia_textblock  '   itemprop=\"text\" ><p style=\"text-align: justify;\">El pr\u00f3ximo 2 de octubre, Chile ser\u00e1 testigo de un evento astron\u00f3mico que promete maravillar a millones: un eclipse conocido como \u00abAnillo de Fuego\u00bb. Los astr\u00f3nomos revelan cu\u00e1ndo, d\u00f3nde y a qu\u00e9 hora presenciar este incre\u00edble evento astron\u00f3mico.<\/p>\n<p style=\"text-align: justify;\">El fen\u00f3meno se registrar\u00e1 este mi\u00e9rcoles 2 de octubre, el eclipse solar anular ser\u00e1 visible en su m\u00e1ximo esplendor en lugares como Rapa Nui y la Regi\u00f3n de Ays\u00e9n, con el Parque Nacional Laguna San Rafael como uno de los puntos m\u00e1s privilegiados para la observaci\u00f3n.<\/p>\n<p style=\"text-align: justify;\">En Cochrane, la luz solar se atenuar\u00e1 durante algunos minutos debido al <strong>eclipse solar anular<\/strong><b>, donde el eclipse alcanzar\u00e1 su fase anular a las 17.21, cubriendo el 92% del Sol. En tanto, en Coyhaique alcanzar\u00e1 un 85%.<\/b><\/p>\n<p style=\"text-align: justify;\">El fen\u00f3meno natural es inocuo y ser\u00e1 un espect\u00e1culo astron\u00f3mico para todos los habitantes de la zona.<\/p>\n<p style=\"text-align: justify;\">El eclipse, explic\u00f3 el acad\u00e9mico del Departamento de Astronom\u00eda de la Universidad de Concepci\u00f3n,\u00a0Dr. Jaime Rosales Guzm\u00e1n, es un fen\u00f3meno natural que \u201cocurre porque a medida que la Tierra se est\u00e1 trasladando al rededor del Sol, esta tiene su propia \u00f3rbita. La Luna tiene una \u00f3rbita alrededor de la Tierra que est\u00e1 inclinada m\u00e1s o menos 5,2\u00ba; entonces, cuando la \u00f3rbita de la Luna est\u00e1 movi\u00e9ndose y toca la \u00f3rbita de la Tierra y adem\u00e1s est\u00e1 el Sol en el camino, se produce este eclipse\u201d.<\/p>\n<p style=\"text-align: justify;\">El acad\u00e9mico agreg\u00f3 que este tipo de fen\u00f3menos ocurren normalmente dos veces en el a\u00f1o y siempre est\u00e1n precedidos por un eclipse lunar. El \u00faltimo ocurri\u00f3 el 17 de septiembre y fue visible en algunas regiones del centro de nuestro pa\u00eds.<\/p>\n<p style=\"text-align: justify;\">Aunque el evento ser\u00e1 visible en la Regi\u00f3n de Ays\u00e9n, el Departamento de Astronom\u00eda UdeC concurrir\u00e1 a la zona para transmitir el fen\u00f3meno a trav\u00e9s de redes sociales y tambi\u00e9n en coordinaci\u00f3n con TVU.<\/p>\n<p style=\"text-align: justify;\">\u201cEl Departamento de Astronom\u00eda enviar\u00e1 a un delegado a la localidad de Cochrane para poder transmitirlo y tambi\u00e9n hacer un enlace con TVU. Tambi\u00e9n vamos a estar conectados con la Isla de Pascua, porque ellos tambi\u00e9n lo podr\u00e1n ver un poco antes que nosotros. Queremos estar ah\u00ed para poder mostrarle y explicarles a las personas c\u00f3mo ocurre este fen\u00f3meno\u201d, cont\u00f3 Rosales.<\/p>\n<p style=\"text-align: justify;\">El eclipse tambi\u00e9n ser\u00e1 visible en algunas ciudades del norte de Chile, pero con menos visibilidad.<\/p>\n<h4 style=\"text-align: justify;\"><strong>Usar protecci\u00f3n<\/strong><\/h4>\n<p style=\"text-align: justify;\">El Dr. Rosales invit\u00f3 a la comunidad a apreciar este fen\u00f3meno utilizando lentes especiales, ya que mirar directamente al sol podr\u00eda ocasionar problemas a la visi\u00f3n.<\/p>\n<p style=\"text-align: justify;\">\u201cLo importante es que las personas no miren directo al Sol. En este caso, como es un eclipse anular, hay harta contribuci\u00f3n del sol, es casi un atardecer, pero es importante que las personas miren el eclipse con filtros espec\u00edficos que filtran la luz solar. Con las c\u00e1maras fotogr\u00e1ficas no hay problema, pueden tomar las im\u00e1genes\u201d.<\/p>\n<p><span style=\"font-size: 14pt;\"><b style=\"letter-spacing: 0px;\">Ciudades en las que mejor se ver\u00e1 el pr\u00f3ximo gran eclipse solar en el pa\u00eds<\/b><\/span><\/p>\n<p class=\"paragraph \"><span style=\"font-size: 12pt;\">Las ciudades en que el eclipse se podr\u00e1 ver y el porcentaje que el sol estar\u00e1 tapado seg\u00fan datos del CATA:<\/span><\/p>\n<ul class=\"list\">\n<li><span style=\"font-size: 12pt;\">Arica-Iquique: 10% (o menos)<\/span><\/li>\n<li><span style=\"font-size: 12pt;\">Antofagasta: 20%<\/span><\/li>\n<li><span style=\"font-size: 12pt;\">Copiap\u00f3: 30%<\/span><\/li>\n<li><span style=\"font-size: 12pt;\">La Serena: 40%<\/span><\/li>\n<li><span style=\"font-size: 12pt;\"><b>Rapa Nui: 93% (anular)<\/b><\/span><\/li>\n<li><span style=\"font-size: 12pt;\">Santiago: 44%<\/span><\/li>\n<li><span style=\"font-size: 12pt;\">Talca: 55%<\/span><\/li>\n<li><span style=\"font-size: 12pt;\">Temuco: 65%<\/span><\/li>\n<li><span style=\"font-size: 12pt;\">Chilo\u00e9: 75%<\/span><\/li>\n<li><span style=\"font-size: 12pt;\">Coyhaique: 85%<\/span><\/li>\n<li><span style=\"font-size: 12pt;\"><b>Cochrane 92%: (anular)<\/b><\/span><\/li>\n<li><span style=\"font-size: 12pt;\">Punta Arenas: 75%<\/span><\/li>\n<\/ul>\n<\/div><\/section><\/div><\/p>\n<div  style='height:50px' class='hr hr-invisible   avia-builder-el-6  el_after_av_one_full  el_before_av_social_share '><span class='hr-inner ' ><span class='hr-inner-style'><\/span><\/span><\/div>\n<div  class='av-social-sharing-box  avia-builder-el-7  el_after_av_hr  el_before_av_hr  '><div class='av-share-box'><h5 class='av-share-link-description av-no-toc '>Compartir esta noticia<\/h5><ul class='av-share-box-list noLightbox'><li class='av-share-link av-social-link-facebook' ><a target=\"_blank\" aria-label=\"Compartir en Facebook\" href='https:\/\/www.facebook.com\/sharer.php?u=https:\/\/radiorevelacionfm.cl\/?p=46549&#038;t=Eclipse%20Solar%202024%3A%20Octubre%20comienza%20con%20eclipse%20solar%20anular%20que%20ser%C3%A1%20mayormente%20visible%20en%20Cochrane' aria-hidden='false' data-av_icon='\ue8f3' data-av_iconfont='entypo-fontello' title='' data-avia-related-tooltip='Compartir en Facebook' rel=\"noopener\"><span class='avia_hidden_link_text'>Compartir en Facebook<\/span><\/a><\/li><li class='av-share-link av-social-link-twitter' ><a target=\"_blank\" aria-label=\"Compartir en Twitter\" href='https:\/\/twitter.com\/share?text=Eclipse%20Solar%202024%3A%20Octubre%20comienza%20con%20eclipse%20solar%20anular%20que%20ser%C3%A1%20mayormente%20visible%20en%20Cochrane&#038;url=https:\/\/radiorevelacionfm.cl\/?p=46549' aria-hidden='false' data-av_icon='\ue8f1' data-av_iconfont='entypo-fontello' title='' data-avia-related-tooltip='Compartir en Twitter' rel=\"noopener\"><span class='avia_hidden_link_text'>Compartir en Twitter<\/span><\/a><\/li><li class='av-share-link av-social-link-whatsapp' ><a target=\"_blank\" aria-label=\"Compartir en Whatsapp\" href='https:\/\/api.whatsapp.com\/send?text=https:\/\/radiorevelacionfm.cl\/?p=46549' aria-hidden='false' data-av_icon='\uf232' data-av_iconfont='entypo-fontello' title='' data-avia-related-tooltip='Compartir en Whatsapp' rel=\"noopener\"><span class='avia_hidden_link_text'>Compartir en Whatsapp<\/span><\/a><\/li><li class='av-share-link av-social-link-linkedin' ><a target=\"_blank\" aria-label=\"Compartir en LinkedIn\" href='https:\/\/linkedin.com\/shareArticle?mini=true&#038;title=Eclipse%20Solar%202024%3A%20Octubre%20comienza%20con%20eclipse%20solar%20anular%20que%20ser%C3%A1%20mayormente%20visible%20en%20Cochrane&#038;url=https:\/\/radiorevelacionfm.cl\/?p=46549' aria-hidden='false' data-av_icon='\ue8fc' data-av_iconfont='entypo-fontello' title='' data-avia-related-tooltip='Compartir en LinkedIn' rel=\"noopener\"><span class='avia_hidden_link_text'>Compartir en LinkedIn<\/span><\/a><\/li><li class='av-share-link av-social-link-mail' ><a  aria-label=\"Compartir por correo\" href='mailto:?subject=Eclipse%20Solar%202024%3A%20Octubre%20comienza%20con%20eclipse%20solar%20anular%20que%20ser%C3%A1%20mayormente%20visible%20en%20Cochrane&#038;body=https:\/\/radiorevelacionfm.cl\/?p=46549' aria-hidden='false' data-av_icon='\ue805' data-av_iconfont='entypo-fontello' title='' data-avia-related-tooltip='Compartir por correo'><span class='avia_hidden_link_text'>Compartir por correo<\/span><\/a><\/li><\/ul><\/div><\/div>\n<div  style='height:50px' class='hr hr-invisible   avia-builder-el-8  el_after_av_social_share  el_before_av_comments_list '><span class='hr-inner ' ><span class='hr-inner-style'><\/span><\/span><\/div>\n<div  class='av-buildercomment  av-blog-meta-html-info-disabled av-blog-meta-tag-disabled  '><\/div>\n","protected":false},"excerpt":{"rendered":"","protected":false},"author":1,"featured_media":46550,"comment_status":"open","ping_status":"open","sticky":false,"template":"","format":"standard","meta":{"footnotes":""},"categories":[38],"tags":[],"class_list":["post-46549","post","type-post","status-publish","format-standard","has-post-thumbnail","hentry","category-regional"],"jetpack_featured_media_url":"https:\/\/radiorevelacionfm.cl\/wp-content\/uploads\/2024\/09\/Eclipse-Solar-Anular-1-1.jpg","_links":{"self":[{"href":"https:\/\/radiorevelacionfm.cl\/index.php?rest_route=\/wp\/v2\/posts\/46549","targetHints":{"allow":["GET"]}}],"collection":[{"href":"https:\/\/radiorevelacionfm.cl\/index.php?rest_route=\/wp\/v2\/posts"}],"about":[{"href":"https:\/\/radiorevelacionfm.cl\/index.php?rest_route=\/wp\/v2\/types\/post"}],"author":[{"embeddable":true,"href":"https:\/\/radiorevelacionfm.cl\/index.php?rest_route=\/wp\/v2\/users\/1"}],"replies":[{"embeddable":true,"href":"https:\/\/radiorevelacionfm.cl\/index.php?rest_route=%2Fwp%2Fv2%2Fcomments&post=46549"}],"version-history":[{"count":4,"href":"https:\/\/radiorevelacionfm.cl\/index.php?rest_route=\/wp\/v2\/posts\/46549\/revisions"}],"predecessor-version":[{"id":46627,"href":"https:\/\/radiorevelacionfm.cl\/index.php?rest_route=\/wp\/v2\/posts\/46549\/revisions\/46627"}],"wp:featuredmedia":[{"embeddable":true,"href":"https:\/\/radiorevelacionfm.cl\/index.php?rest_route=\/wp\/v2\/media\/46550"}],"wp:attachment":[{"href":"https:\/\/radiorevelacionfm.cl\/index.php?rest_route=%2Fwp%2Fv2%2Fmedia&parent=46549"}],"wp:term":[{"taxonomy":"category","embeddable":true,"href":"https:\/\/radiorevelacionfm.cl\/index.php?rest_route=%2Fwp%2Fv2%2Fcategories&post=46549"},{"taxonomy":"post_tag","embeddable":true,"href":"https:\/\/radiorevelacionfm.cl\/index.php?rest_route=%2Fwp%2Fv2%2Ftags&post=46549"}],"curies":[{"name":"wp","href":"https:\/\/api.w.org\/{rel}","templated":true}]}}