{"id":46546,"date":"2024-09-28T21:15:38","date_gmt":"2024-09-29T00:15:38","guid":{"rendered":"https:\/\/radiorevelacionfm.cl\/?p=46546"},"modified":"2024-09-28T21:15:38","modified_gmt":"2024-09-29T00:15:38","slug":"region-de-aysen-cuenta-con-51-nuevos-guias-turisticos-certificados-por-chilevalora","status":"publish","type":"post","link":"https:\/\/radiorevelacionfm.cl\/?p=46546","title":{"rendered":"Regi\u00f3n de Ays\u00e9n cuenta con 51 nuevos gu\u00edas tur\u00edsticos certificados por ChileValora"},"content":{"rendered":"<div class=\"flex_column av_one_full  flex_column_div av-zero-column-padding first  avia-builder-el-0  el_before_av_one_full  avia-builder-el-first  \" style='border-radius:0px; '><div  class='avia-image-container  av-styling-    avia-builder-el-1  avia-builder-el-no-sibling  avia-align-center '  itemprop=\"image\" itemscope=\"itemscope\" itemtype=\"https:\/\/schema.org\/ImageObject\"  ><div class='avia-image-container-inner'><div class='avia-image-overlay-wrap'><img decoding=\"async\" class='wp-image-46547 avia-img-lazy-loading-not-46547 avia_image' src=\"https:\/\/radiorevelacionfm.cl\/wp-content\/uploads\/2024\/09\/certificacion_guiasturismo_sept2024-1_optimized.jpg\" alt='' title='certificacion_guiasturismo_sept2024-(1)_optimized' height=\"600\" width=\"800\"  itemprop=\"thumbnailUrl\" srcset=\"https:\/\/radiorevelacionfm.cl\/wp-content\/uploads\/2024\/09\/certificacion_guiasturismo_sept2024-1_optimized.jpg 800w, https:\/\/radiorevelacionfm.cl\/wp-content\/uploads\/2024\/09\/certificacion_guiasturismo_sept2024-1_optimized-300x225.jpg 300w, https:\/\/radiorevelacionfm.cl\/wp-content\/uploads\/2024\/09\/certificacion_guiasturismo_sept2024-1_optimized-768x576.jpg 768w, https:\/\/radiorevelacionfm.cl\/wp-content\/uploads\/2024\/09\/certificacion_guiasturismo_sept2024-1_optimized-705x529.jpg 705w, https:\/\/radiorevelacionfm.cl\/wp-content\/uploads\/2024\/09\/certificacion_guiasturismo_sept2024-1_optimized-450x338.jpg 450w, https:\/\/radiorevelacionfm.cl\/wp-content\/uploads\/2024\/09\/certificacion_guiasturismo_sept2024-1_optimized-600x450.jpg 600w\" sizes=\"(max-width: 800px) 100vw, 800px\" \/><\/div><\/div><\/div><\/div><div class=\"flex_column av_one_full  flex_column_div av-zero-column-padding first  avia-builder-el-2  el_after_av_one_full  el_before_av_one_full  column-top-margin\" style='border-radius:0px; '><section class=\"av_textblock_section \"  itemscope=\"itemscope\" itemtype=\"https:\/\/schema.org\/BlogPosting\" itemprop=\"blogPost\" ><div class='avia_textblock  '   itemprop=\"text\" ><p style=\"text-align: center;\"><span style=\"font-size: 18pt;\"><b>Regi\u00f3n de Ays\u00e9n cuenta con 51 nuevos gu\u00edas tur\u00edsticos certificados por ChileValora<\/b><\/span><\/p>\n<div id=\"gtx-trans\" style=\"position: absolute; left: -50px; top: 4.31534px;\">\n<div class=\"gtx-trans-icon\"><\/div>\n<\/div>\n<\/div><\/section><\/div><div class=\"flex_column av_one_full  flex_column_div av-zero-column-padding first  avia-builder-el-4  el_after_av_one_full  el_before_av_hr  column-top-margin\" style='border-radius:0px; '><section class=\"av_textblock_section \"  itemscope=\"itemscope\" itemtype=\"https:\/\/schema.org\/BlogPosting\" itemprop=\"blogPost\" ><div class='avia_textblock  '   itemprop=\"text\" ><p class=\"v1MsoNormal\" style=\"text-align: justify;\">Luego de que en abril de este a\u00f1o se hiciera una convocatoria dirigida a aquellas personas que se desempe\u00f1an como gu\u00edas de turismo registradas en Sernatur de la Regi\u00f3n de Ays\u00e9n, pero que no contaban con alg\u00fan documento que acreditara los conocimientos en la materia, 51 personas certificaron sus competencias laborales en el perfil laboral Gu\u00eda de Turismo General, de ChileValora. Adem\u00e1s de reconocer formalmente los conocimientos, la iniciativa tambi\u00e9n busc\u00f3 reconocer las habilidades, destrezas y aptitudes de quienes desarrollan labores tur\u00edsticas en la regi\u00f3n.<\/p>\n<p class=\"v1MsoNormal\" style=\"text-align: justify;\">Despu\u00e9s de la convocatoria realizada en abril, a trav\u00e9s de un convenio para fortalecer al sector tur\u00edstico en la regi\u00f3n, el Servicio Nacional de Turismo (Sernatur), junto a ChileValora y al Servicio Nacional de Capacitaci\u00f3n y Empleo (Sence), reclutaron a quienes realizan labores de gu\u00edas tur\u00edsticos de las comunas de Ays\u00e9n, Chile Chico, Cisnes, Cochrane, Coyhaique, Villa O\u00b4Higgins, R\u00edo Ib\u00e1\u00f1ez y Tortel, para ser evaluados entre mayo y junio de este a\u00f1o por el centro evaluador y certificador CNC Valida, acreditado ante ChileValora para tales fines.<\/p>\n<p class=\"v1MsoNormal\" style=\"text-align: justify;\">Al respecto, el Seremi del Trabajo y Previsi\u00f3n Social de la Regi\u00f3n de Ays\u00e9n, Rodrigo D\u00edaz Cordaro, expres\u00f3 que \u00abel trabajo que realiza ChileValora con Sernatur es fundamental, porque la certificaci\u00f3n reconoce la trayectoria laboral de estas personas, adem\u00e1s, ingresan al registro formal de gu\u00edas de turismo, en un sector tan significativo para la regi\u00f3n. Esperamos seguir articulando estas alianzas con otros sectores productivos para poder seguir certificando las competencias laborales de las y los trabajadores de Ays\u00e9n\u00bb.<\/p>\n<p class=\"v1MsoNormal\" style=\"text-align: justify;\">En una emotiva ceremonia realizada el jueves 26 de septiembre en el Sal\u00f3n Giordano Bruno de la Regi\u00f3n de Ays\u00e9n, a 19 mujeres y 32 hombres se les entregaron sus respectivos diplomas por haber aprobado exitosamente el proceso de evaluaci\u00f3n y certificaci\u00f3n. A esta ceremonia asistieron el Seremi del Trabajo y Previsi\u00f3n Social, Rodrigo D\u00edaz Cordaro; el director regional de Sence, Nelson Garrido Morales; el director regional de Sernatur, Claudio Montecinos Angulo; y el coordinador regional de ChileValora en Ays\u00e9n, Rodrigo Moreno Rivera.<\/p>\n<p class=\"v1MsoNormal\" style=\"text-align: justify;\">Sobre el proceso de certificaci\u00f3n, el coordinador regional de ChileValora en Ays\u00e9n, Rodrigo Moreno, indic\u00f3 que \u00aben este caso, el Estado de Chile a trav\u00e9s de ChileValora reconoce el saber hacer de las personas que tiene experiencia en turismo pero que carec\u00edan de algo que les acreditara esos conocimientos, y as\u00ed mismo, lo hace en m\u00e1s de mil perfiles laborales en diversos sectores econ\u00f3micos como construcci\u00f3n, salud o educaci\u00f3n. La certificaci\u00f3n de competencias laborales es para todas las personas que por diversos motivos no estudiaron el oficio que desempe\u00f1an\u00bb.<\/p>\n<p class=\"v1MsoNormal\" style=\"text-align: justify;\">Por su parte, el director regional de Sernatur, Claudio Montecinos se\u00f1al\u00f3 que \u00abcon estos nuevos 51 gu\u00edas de turismo certificados aumentamos nuestra oferta formal en materia cobertura de turismo, lo que nos permite mejorar nuestra competitividad como destino Ays\u00e9n-Patagonia. Y tambi\u00e9n, esto asegura la calidad del servicio que le entregamos a los turistas, lo que se traduce en que ellos tienen una mejor experiencia tur\u00edstica en la regi\u00f3n, lo que fortalece y desarrolla la oferta\u00bb.<\/p>\n<p class=\"v1MsoNormal\" style=\"text-align: justify;\">Una de las personas certificadas, Soledad Acu\u00f1a, quien junto a su hermana tiene la agencia de turismo regional Meta Noia Travel Patagonia, expres\u00f3 que \u00abla importancia de certificarnos junto a mi hermana es para darle respaldo y seriedad a nuestro trabajo, esto nos potencia como agencia y nos da confianza para entregar nuestro servicio de mejor manera\u00bb.<\/p>\n<p class=\"v1MsoNormal\" style=\"text-align: justify;\">Finalmente, y en el tenor de la ruta formativa, el director regional de Sence, Nelson Garrido acot\u00f3 que \u00abSence capacita, ChileValora certifica y ojal\u00e1 que centros de formaci\u00f3n t\u00e9cnica, en el Centro de Formaci\u00f3n T\u00e9cnica Estatal de Ays\u00e9n ya va a tener una carrera de turismo y generar una progresi\u00f3n acad\u00e9mica en los distintos oficios, sobre todo en un tema como el turismo en esta regi\u00f3n, que es inigualable, los distintos tipos de turismo que se pueden, como el turismo aventura y otros, para generar esta progresi\u00f3n y profesionalizaci\u00f3n tan especializada\u00bb.<\/p>\n<p class=\"v1MsoNormal\" style=\"text-align: justify;\">Las autoridades mencionaron que est\u00e1n trabajando para el levantamiento de otros perfiles relacionados al turismo, para potenciar este \u00e1mbito en la regi\u00f3n, con sus caracter\u00edsticas particulares.<\/p>\n<\/div><\/section><\/div><div  style='height:50px' class='hr hr-invisible   avia-builder-el-6  el_after_av_one_full  el_before_av_social_share '><span class='hr-inner ' ><span class='hr-inner-style'><\/span><\/span><\/div><\/p>\n<div  class='av-social-sharing-box  avia-builder-el-7  el_after_av_hr  el_before_av_hr  '><div class='av-share-box'><h5 class='av-share-link-description av-no-toc '>Compartir esta noticia<\/h5><ul class='av-share-box-list noLightbox'><li class='av-share-link av-social-link-facebook' ><a target=\"_blank\" aria-label=\"Compartir en Facebook\" href='https:\/\/www.facebook.com\/sharer.php?u=https:\/\/radiorevelacionfm.cl\/?p=46546&#038;t=Regi%C3%B3n%20de%20Ays%C3%A9n%20cuenta%20con%2051%20nuevos%20gu%C3%ADas%20tur%C3%ADsticos%20certificados%20por%20ChileValora' aria-hidden='false' data-av_icon='\ue8f3' data-av_iconfont='entypo-fontello' title='' data-avia-related-tooltip='Compartir en Facebook' rel=\"noopener\"><span class='avia_hidden_link_text'>Compartir en Facebook<\/span><\/a><\/li><li class='av-share-link av-social-link-twitter' ><a target=\"_blank\" aria-label=\"Compartir en Twitter\" href='https:\/\/twitter.com\/share?text=Regi%C3%B3n%20de%20Ays%C3%A9n%20cuenta%20con%2051%20nuevos%20gu%C3%ADas%20tur%C3%ADsticos%20certificados%20por%20ChileValora&#038;url=https:\/\/radiorevelacionfm.cl\/?p=46546' aria-hidden='false' data-av_icon='\ue8f1' data-av_iconfont='entypo-fontello' title='' data-avia-related-tooltip='Compartir en Twitter' rel=\"noopener\"><span class='avia_hidden_link_text'>Compartir en Twitter<\/span><\/a><\/li><li class='av-share-link av-social-link-whatsapp' ><a target=\"_blank\" aria-label=\"Compartir en Whatsapp\" href='https:\/\/api.whatsapp.com\/send?text=https:\/\/radiorevelacionfm.cl\/?p=46546' aria-hidden='false' data-av_icon='\uf232' data-av_iconfont='entypo-fontello' title='' data-avia-related-tooltip='Compartir en Whatsapp' rel=\"noopener\"><span class='avia_hidden_link_text'>Compartir en Whatsapp<\/span><\/a><\/li><li class='av-share-link av-social-link-linkedin' ><a target=\"_blank\" aria-label=\"Compartir en LinkedIn\" href='https:\/\/linkedin.com\/shareArticle?mini=true&#038;title=Regi%C3%B3n%20de%20Ays%C3%A9n%20cuenta%20con%2051%20nuevos%20gu%C3%ADas%20tur%C3%ADsticos%20certificados%20por%20ChileValora&#038;url=https:\/\/radiorevelacionfm.cl\/?p=46546' aria-hidden='false' data-av_icon='\ue8fc' data-av_iconfont='entypo-fontello' title='' data-avia-related-tooltip='Compartir en LinkedIn' rel=\"noopener\"><span class='avia_hidden_link_text'>Compartir en LinkedIn<\/span><\/a><\/li><li class='av-share-link av-social-link-mail' ><a  aria-label=\"Compartir por correo\" href='mailto:?subject=Regi%C3%B3n%20de%20Ays%C3%A9n%20cuenta%20con%2051%20nuevos%20gu%C3%ADas%20tur%C3%ADsticos%20certificados%20por%20ChileValora&#038;body=https:\/\/radiorevelacionfm.cl\/?p=46546' aria-hidden='false' data-av_icon='\ue805' data-av_iconfont='entypo-fontello' title='' data-avia-related-tooltip='Compartir por correo'><span class='avia_hidden_link_text'>Compartir por correo<\/span><\/a><\/li><\/ul><\/div><\/div>\n<div  style='height:50px' class='hr hr-invisible   avia-builder-el-8  el_after_av_social_share  el_before_av_comments_list '><span class='hr-inner ' ><span class='hr-inner-style'><\/span><\/span><\/div>\n<div  class='av-buildercomment  av-blog-meta-html-info-disabled av-blog-meta-tag-disabled  '><\/div>\n","protected":false},"excerpt":{"rendered":"","protected":false},"author":1,"featured_media":46547,"comment_status":"open","ping_status":"open","sticky":false,"template":"","format":"standard","meta":{"footnotes":""},"categories":[56],"tags":[],"class_list":["post-46546","post","type-post","status-publish","format-standard","has-post-thumbnail","hentry","category-trabajo"],"jetpack_featured_media_url":"https:\/\/radiorevelacionfm.cl\/wp-content\/uploads\/2024\/09\/certificacion_guiasturismo_sept2024-1_optimized.jpg","_links":{"self":[{"href":"https:\/\/radiorevelacionfm.cl\/index.php?rest_route=\/wp\/v2\/posts\/46546","targetHints":{"allow":["GET"]}}],"collection":[{"href":"https:\/\/radiorevelacionfm.cl\/index.php?rest_route=\/wp\/v2\/posts"}],"about":[{"href":"https:\/\/radiorevelacionfm.cl\/index.php?rest_route=\/wp\/v2\/types\/post"}],"author":[{"embeddable":true,"href":"https:\/\/radiorevelacionfm.cl\/index.php?rest_route=\/wp\/v2\/users\/1"}],"replies":[{"embeddable":true,"href":"https:\/\/radiorevelacionfm.cl\/index.php?rest_route=%2Fwp%2Fv2%2Fcomments&post=46546"}],"version-history":[{"count":1,"href":"https:\/\/radiorevelacionfm.cl\/index.php?rest_route=\/wp\/v2\/posts\/46546\/revisions"}],"predecessor-version":[{"id":46548,"href":"https:\/\/radiorevelacionfm.cl\/index.php?rest_route=\/wp\/v2\/posts\/46546\/revisions\/46548"}],"wp:featuredmedia":[{"embeddable":true,"href":"https:\/\/radiorevelacionfm.cl\/index.php?rest_route=\/wp\/v2\/media\/46547"}],"wp:attachment":[{"href":"https:\/\/radiorevelacionfm.cl\/index.php?rest_route=%2Fwp%2Fv2%2Fmedia&parent=46546"}],"wp:term":[{"taxonomy":"category","embeddable":true,"href":"https:\/\/radiorevelacionfm.cl\/index.php?rest_route=%2Fwp%2Fv2%2Fcategories&post=46546"},{"taxonomy":"post_tag","embeddable":true,"href":"https:\/\/radiorevelacionfm.cl\/index.php?rest_route=%2Fwp%2Fv2%2Ftags&post=46546"}],"curies":[{"name":"wp","href":"https:\/\/api.w.org\/{rel}","templated":true}]}}