{"id":46543,"date":"2024-09-28T12:35:45","date_gmt":"2024-09-28T15:35:45","guid":{"rendered":"https:\/\/radiorevelacionfm.cl\/?p=46543"},"modified":"2024-09-28T12:35:45","modified_gmt":"2024-09-28T15:35:45","slug":"con-reconocimientos-y-exhibicion-de-clotario-el-documental-celebraron-en-coyhaique-el-dia-de-la-y-el-dirigente-sindical","status":"publish","type":"post","link":"https:\/\/radiorevelacionfm.cl\/?p=46543","title":{"rendered":"Con reconocimientos y exhibici\u00f3n de \u00abClotario, el Documental\u00bb celebraron en Coyhaique el D\u00eda de la y el Dirigente Sindical"},"content":{"rendered":"<div class=\"flex_column av_one_full  flex_column_div av-zero-column-padding first  avia-builder-el-0  el_before_av_one_full  avia-builder-el-first  \" style='border-radius:0px; '><div  class='avia-image-container  av-styling-    avia-builder-el-1  avia-builder-el-no-sibling  avia-align-center '  itemprop=\"image\" itemscope=\"itemscope\" itemtype=\"https:\/\/schema.org\/ImageObject\"  ><div class='avia-image-container-inner'><div class='avia-image-overlay-wrap'><img decoding=\"async\" class='wp-image-46544 avia-img-lazy-loading-not-46544 avia_image' src=\"https:\/\/radiorevelacionfm.cl\/wp-content\/uploads\/2024\/09\/461331676_838541395121718_5383468065977686984_n-1_optimized.jpg\" alt='' title='461331676_838541395121718_5383468065977686984_n-(1)_optimized' height=\"800\" width=\"811\"  itemprop=\"thumbnailUrl\" srcset=\"https:\/\/radiorevelacionfm.cl\/wp-content\/uploads\/2024\/09\/461331676_838541395121718_5383468065977686984_n-1_optimized.jpg 811w, https:\/\/radiorevelacionfm.cl\/wp-content\/uploads\/2024\/09\/461331676_838541395121718_5383468065977686984_n-1_optimized-300x296.jpg 300w, https:\/\/radiorevelacionfm.cl\/wp-content\/uploads\/2024\/09\/461331676_838541395121718_5383468065977686984_n-1_optimized-80x80.jpg 80w, https:\/\/radiorevelacionfm.cl\/wp-content\/uploads\/2024\/09\/461331676_838541395121718_5383468065977686984_n-1_optimized-768x758.jpg 768w, https:\/\/radiorevelacionfm.cl\/wp-content\/uploads\/2024\/09\/461331676_838541395121718_5383468065977686984_n-1_optimized-36x36.jpg 36w, https:\/\/radiorevelacionfm.cl\/wp-content\/uploads\/2024\/09\/461331676_838541395121718_5383468065977686984_n-1_optimized-705x695.jpg 705w, https:\/\/radiorevelacionfm.cl\/wp-content\/uploads\/2024\/09\/461331676_838541395121718_5383468065977686984_n-1_optimized-450x444.jpg 450w, https:\/\/radiorevelacionfm.cl\/wp-content\/uploads\/2024\/09\/461331676_838541395121718_5383468065977686984_n-1_optimized-600x592.jpg 600w, https:\/\/radiorevelacionfm.cl\/wp-content\/uploads\/2024\/09\/461331676_838541395121718_5383468065977686984_n-1_optimized-100x100.jpg 100w\" sizes=\"(max-width: 811px) 100vw, 811px\" \/><\/div><\/div><\/div><\/div><div class=\"flex_column av_one_full  flex_column_div av-zero-column-padding first  avia-builder-el-2  el_after_av_one_full  el_before_av_one_full  column-top-margin\" style='border-radius:0px; '><section class=\"av_textblock_section \"  itemscope=\"itemscope\" itemtype=\"https:\/\/schema.org\/BlogPosting\" itemprop=\"blogPost\" ><div class='avia_textblock  '   itemprop=\"text\" ><p style=\"text-align: center;\"><strong><span style=\"font-size: 18pt;\">Con reconocimientos y exhibici\u00f3n de \u00abClotario, el Documental\u00bb celebraron en Coyhaique el D\u00eda de la y el Dirigente Sindical <\/span><\/strong><\/p>\n<div id=\"gtx-trans\" style=\"position: absolute; left: -50px; top: 4.31534px;\">\n<div class=\"gtx-trans-icon\"><\/div>\n<\/div>\n<\/div><\/section><\/div><div class=\"flex_column av_one_full  flex_column_div av-zero-column-padding first  avia-builder-el-4  el_after_av_one_full  el_before_av_hr  column-top-margin\" style='border-radius:0px; '><section class=\"av_textblock_section \"  itemscope=\"itemscope\" itemtype=\"https:\/\/schema.org\/BlogPosting\" itemprop=\"blogPost\" ><div class='avia_textblock  '   itemprop=\"text\" ><p style=\"text-align: justify;\"><em>En la cita las y los trabajadores fiscales profundizaron sobre el aporte de Clotario Blest. La pel\u00edcula repasa la vida y obra del hist\u00f3rico dirigente sindical, destacando la fundaci\u00f3n de la Central \u00danica de Trabajadores (CUT) y la Agrupaci\u00f3n Nacional de Empleados Fiscales (ANEF).<\/em><\/p>\n<p style=\"text-align: justify;\">Con una masiva asistencia de las y los funcionarios fiscales junto a personas interesadas en el tema, el Consejo Regional de la ANEF de Ays\u00e9n junto a la CUT Provincial, proyect\u00f3 \u201cClotario, el Documental\u201d en la sala de cine del Centro Cultural de Coyhaique. Adem\u00e1s, en la actividad los dirigentes reconocieron la trayectoria de un grupo de trabajadores fiscales que han aportado al mundo sindical y su compromiso con los trabajadores.<\/p>\n<p style=\"text-align: justify;\">En el marco del d\u00eda del Dirigente Sindical, el Consejo Regional, no quiso estar ajeno a esta conmemoraci\u00f3n, donde realiz\u00f3 un sentido homenaje a 13 dirigentes y dirigentas regionales. Las y los trabajadores estatales homenajeados fueron:\u00a0<strong>Orlando Bilbao, Sergio Mu\u00f1oz, Armando Gacit\u00faa, Rina Reyes, Ver\u00f3nica Gallardo, Magdalena Hueitra, Luis Freire, Soledad Pizarro, Ercilia Igor, Julio \u00d1anco, Artemio Espinoza, Luis Gonz\u00e1lez y Marisol Barr\u00eda.<\/strong><\/p>\n<p style=\"text-align: justify;\">El documental fue presenciado por m\u00e1s de 100 personas que disfrutaron y reflexionaron en torno a la vida y obra del l\u00edder sindical de la ANEF. Asimismo, aprendieron de su ejemplo y compromiso en la defensa de la democracia y de las condiciones laborales de las y los trabajadores fiscales de la Naci\u00f3n.<\/p>\n<p style=\"text-align: justify;\">La presidenta de la Agrupaci\u00f3n de Ays\u00e9n, Y\u00e9ssica Almonacid Soto, destac\u00f3 la jornada como exitosa. \u201c<em>Bueno, estamos sumamente satisfechas de lo que fue la exhibici\u00f3n del documental, adem\u00e1s, en el marco del D\u00eda del Dirigente y la Dirigenta Sindical. Es s\u00faper importante poder relevar la imagen de nuestro m\u00e1ximo l\u00edder como es Cloratio Blest. Agradezco mucho el bello trabajo que hizo Boris y me gustar\u00eda que est\u00e9 presente en m\u00e1s lugares de Coyhaique. Ac\u00e1 es s\u00faper dif\u00edcil que lleguen este tipo de obras y m\u00e1s que nos visiten los directores. Asimismo, este tipo de obras es necesaria que la puedan ver los j\u00f3venes de diferentes liceos de la regi\u00f3n\u201d,<\/em>\u00a0cerr\u00f3 la presidenta.<\/p>\n<p style=\"text-align: justify;\">Por su parte, el presidente de la CUT Ays\u00e9n, Mauricio Mu\u00f1oz, junto con agradecer el trabajo del director del documental remarc\u00f3 al hist\u00f3rico l\u00edder sindical chileno, \u201c<em>efectivamente, estamos muy conformes, muy contentos porque tuvimos una sala repleta de dirigentes sindicales. Hubo un momento emocionante donde tambi\u00e9n tuvimos la oportunidad de premiarnos. Es importante reconocer a nuestros dirigentes, a los que han entregado la lucha para defender a los dem\u00e1s. Es lo que hac\u00eda Clotario y lo que dijo en el documental. Eso es lo que hoy d\u00eda nosotros intentamos hacer con esta apuesta, conmemorando a las y los dirigentes en este d\u00eda especial\u201d,<\/em>\u00a0concluy\u00f3 el dirigente.<\/p>\n<p style=\"text-align: justify;\">En tanto, el director de \u201cClotario, el Documental\u00bb, agradeci\u00f3 las palabras de los dirigentes regionales y destac\u00f3 el Centro Cultural y la entusiasta participaci\u00f3n de los asistentes.<\/p>\n<p style=\"text-align: justify;\">El documental que fue auspiciado por la ANEF Nacional, relevando el papel del m\u00edtico l\u00edder sindical que aporta con su ejemplo a las nuevas generaciones de trabajadoras y trabajadores en luchar por sus derechos y el trabajo que realizan en sus respectivas unidades o departamentos.<\/p>\n<p style=\"text-align: justify;\">En la ceremonia las y los presentes lograron profundizar sobre el aporte de su fundador, Clotario Blest. La pel\u00edcula repasa la vida y obra del hist\u00f3rico dirigente sindical, destac\u00e1ndose la creaci\u00f3n de la Central \u00danica de Trabajadores (CUT) y la Agrupaci\u00f3n Nacional de Empleados Fiscales (ANEF).<\/p>\n<p style=\"text-align: justify;\">La presidenta de la ANEF de Ays\u00e9n aprovech\u00f3 la instancia para agradecer al presidente de nuestra Confederaci\u00f3n, Jos\u00e9 P\u00e9rez Debelli, por el esfuerzo de asumir este compromiso con la cultura, con la memoria, con el rescate de la imagen del Clotario, visibilizando y entregando este mensaje.<\/p>\n<p style=\"text-align: justify;\">La jornada finaliz\u00f3 con un conversatorio sobre el actual quehacer de los dirigentes bajo el ejemplo de Clotario Blest y su lucha incansable por la defensa y mejoramiento de las condiciones laborales de los y las trabajadoras fiscales.<\/p>\n<\/div><\/section><\/div><div  style='height:50px' class='hr hr-invisible   avia-builder-el-6  el_after_av_one_full  el_before_av_social_share '><span class='hr-inner ' ><span class='hr-inner-style'><\/span><\/span><\/div><\/p>\n<div  class='av-social-sharing-box  avia-builder-el-7  el_after_av_hr  el_before_av_hr  '><div class='av-share-box'><h5 class='av-share-link-description av-no-toc '>Compartir esta noticia<\/h5><ul class='av-share-box-list noLightbox'><li class='av-share-link av-social-link-facebook' ><a target=\"_blank\" aria-label=\"Compartir en Facebook\" href='https:\/\/www.facebook.com\/sharer.php?u=https:\/\/radiorevelacionfm.cl\/?p=46543&#038;t=Con%20reconocimientos%20y%20exhibici%C3%B3n%20de%20%C2%ABClotario%2C%20el%20Documental%C2%BB%20celebraron%20en%20Coyhaique%20el%20D%C3%ADa%20de%20la%20y%20el%20Dirigente%20Sindical' aria-hidden='false' data-av_icon='\ue8f3' data-av_iconfont='entypo-fontello' title='' data-avia-related-tooltip='Compartir en Facebook' rel=\"noopener\"><span class='avia_hidden_link_text'>Compartir en Facebook<\/span><\/a><\/li><li class='av-share-link av-social-link-twitter' ><a target=\"_blank\" aria-label=\"Compartir en Twitter\" href='https:\/\/twitter.com\/share?text=Con%20reconocimientos%20y%20exhibici%C3%B3n%20de%20%C2%ABClotario%2C%20el%20Documental%C2%BB%20celebraron%20en%20Coyhaique%20el%20D%C3%ADa%20de%20la%20y%20el%20Dirigente%20Sindical&#038;url=https:\/\/radiorevelacionfm.cl\/?p=46543' aria-hidden='false' data-av_icon='\ue8f1' data-av_iconfont='entypo-fontello' title='' data-avia-related-tooltip='Compartir en Twitter' rel=\"noopener\"><span class='avia_hidden_link_text'>Compartir en Twitter<\/span><\/a><\/li><li class='av-share-link av-social-link-whatsapp' ><a target=\"_blank\" aria-label=\"Compartir en Whatsapp\" href='https:\/\/api.whatsapp.com\/send?text=https:\/\/radiorevelacionfm.cl\/?p=46543' aria-hidden='false' data-av_icon='\uf232' data-av_iconfont='entypo-fontello' title='' data-avia-related-tooltip='Compartir en Whatsapp' rel=\"noopener\"><span class='avia_hidden_link_text'>Compartir en Whatsapp<\/span><\/a><\/li><li class='av-share-link av-social-link-linkedin' ><a target=\"_blank\" aria-label=\"Compartir en LinkedIn\" href='https:\/\/linkedin.com\/shareArticle?mini=true&#038;title=Con%20reconocimientos%20y%20exhibici%C3%B3n%20de%20%C2%ABClotario%2C%20el%20Documental%C2%BB%20celebraron%20en%20Coyhaique%20el%20D%C3%ADa%20de%20la%20y%20el%20Dirigente%20Sindical&#038;url=https:\/\/radiorevelacionfm.cl\/?p=46543' aria-hidden='false' data-av_icon='\ue8fc' data-av_iconfont='entypo-fontello' title='' data-avia-related-tooltip='Compartir en LinkedIn' rel=\"noopener\"><span class='avia_hidden_link_text'>Compartir en LinkedIn<\/span><\/a><\/li><li class='av-share-link av-social-link-mail' ><a  aria-label=\"Compartir por correo\" href='mailto:?subject=Con%20reconocimientos%20y%20exhibici%C3%B3n%20de%20%C2%ABClotario%2C%20el%20Documental%C2%BB%20celebraron%20en%20Coyhaique%20el%20D%C3%ADa%20de%20la%20y%20el%20Dirigente%20Sindical&#038;body=https:\/\/radiorevelacionfm.cl\/?p=46543' aria-hidden='false' data-av_icon='\ue805' data-av_iconfont='entypo-fontello' title='' data-avia-related-tooltip='Compartir por correo'><span class='avia_hidden_link_text'>Compartir por correo<\/span><\/a><\/li><\/ul><\/div><\/div>\n<div  style='height:50px' class='hr hr-invisible   avia-builder-el-8  el_after_av_social_share  el_before_av_comments_list '><span class='hr-inner ' ><span class='hr-inner-style'><\/span><\/span><\/div>\n<div  class='av-buildercomment  av-blog-meta-html-info-disabled av-blog-meta-tag-disabled  '><\/div>\n","protected":false},"excerpt":{"rendered":"","protected":false},"author":1,"featured_media":46544,"comment_status":"open","ping_status":"open","sticky":false,"template":"","format":"standard","meta":{"footnotes":""},"categories":[38],"tags":[],"class_list":["post-46543","post","type-post","status-publish","format-standard","has-post-thumbnail","hentry","category-regional"],"jetpack_featured_media_url":"https:\/\/radiorevelacionfm.cl\/wp-content\/uploads\/2024\/09\/461331676_838541395121718_5383468065977686984_n-1_optimized.jpg","_links":{"self":[{"href":"https:\/\/radiorevelacionfm.cl\/index.php?rest_route=\/wp\/v2\/posts\/46543","targetHints":{"allow":["GET"]}}],"collection":[{"href":"https:\/\/radiorevelacionfm.cl\/index.php?rest_route=\/wp\/v2\/posts"}],"about":[{"href":"https:\/\/radiorevelacionfm.cl\/index.php?rest_route=\/wp\/v2\/types\/post"}],"author":[{"embeddable":true,"href":"https:\/\/radiorevelacionfm.cl\/index.php?rest_route=\/wp\/v2\/users\/1"}],"replies":[{"embeddable":true,"href":"https:\/\/radiorevelacionfm.cl\/index.php?rest_route=%2Fwp%2Fv2%2Fcomments&post=46543"}],"version-history":[{"count":1,"href":"https:\/\/radiorevelacionfm.cl\/index.php?rest_route=\/wp\/v2\/posts\/46543\/revisions"}],"predecessor-version":[{"id":46545,"href":"https:\/\/radiorevelacionfm.cl\/index.php?rest_route=\/wp\/v2\/posts\/46543\/revisions\/46545"}],"wp:featuredmedia":[{"embeddable":true,"href":"https:\/\/radiorevelacionfm.cl\/index.php?rest_route=\/wp\/v2\/media\/46544"}],"wp:attachment":[{"href":"https:\/\/radiorevelacionfm.cl\/index.php?rest_route=%2Fwp%2Fv2%2Fmedia&parent=46543"}],"wp:term":[{"taxonomy":"category","embeddable":true,"href":"https:\/\/radiorevelacionfm.cl\/index.php?rest_route=%2Fwp%2Fv2%2Fcategories&post=46543"},{"taxonomy":"post_tag","embeddable":true,"href":"https:\/\/radiorevelacionfm.cl\/index.php?rest_route=%2Fwp%2Fv2%2Ftags&post=46543"}],"curies":[{"name":"wp","href":"https:\/\/api.w.org\/{rel}","templated":true}]}}